{"id":24529,"date":"2022-01-21T19:00:46","date_gmt":"2022-01-21T22:00:46","guid":{"rendered":"https:\/\/www.tvnovelas.com.br\/tvnews\/?p=24529"},"modified":"2022-01-22T08:17:10","modified_gmt":"2022-01-22T11:17:10","slug":"nos-tempos-do-imperador-nelio-e-dolores-se-reencontram","status":"publish","type":"post","link":"https:\/\/www.tvnovelas.com.br\/tvnews\/nos-tempos-do-imperador-nelio-e-dolores-se-reencontram\/","title":{"rendered":"&#8216;Nos Tempos do Imperador&#8217;: N\u00e9lio e Dolores se reencontram"},"content":{"rendered":"<p><em>Not\u00edcias de \u2018Nos Tempos do Imperador\u2019<\/em><br \/>\n<img data-recalc-dims=\"1\" decoding=\"async\" src=\"https:\/\/i0.wp.com\/www.tvnovelas.com.br\/tvnews\/wp-content\/uploads\/2022\/01\/31030.jpg?resize=600%2C360&#038;ssl=1\" alt=\"foto de N\u00e9lio e Dolores, em \u2018Nos Tempos do Imperador\u2019\" width=\"600\" height=\"360\" class=\"alignnone size-full wp-image-24547\" \/><br \/>\nDepois de tempos afastados por conta das maldades de Tonico Rocha (Alexandre Nero), Dolores (Daphne Bozaski) e N\u00e9lio (Jo\u00e3o Pedro Zappa) v\u00e3o, finalmente, se reencontrar. O casal ficar\u00e1 novamente frente a frente na Quinta, em encontro promovido pela Imperatriz Teresa Cristina (Let\u00edcia Sabatella).<\/p>\n<p>\u201cPensei que voc\u00ea tinha morrido\u201d, dir\u00e1 Dolores.<\/p>\n<p>\u201cTe procurei tanto, em todos os conventos\u201d, contar\u00e1 N\u00e9lio.<\/p>\n<p>Os dois querem saber um do outro tudo o que aconteceu enquanto estavam separados e, ao mesmo tempo, matar a saudade com beijos e abra\u00e7os. Mas o clima de emo\u00e7\u00e3o \u00e9 interrompido quando N\u00e9lio descobre que Dolores n\u00e3o est\u00e1 com a filha deles, Mercedes.<\/p>\n<p>\u201cEla n\u00e3o est\u00e1 comigo. Tonico est\u00e1 com ela. Ele nega, mas est\u00e1. Me mostrou uma foto dele com nossa filha. Nossa filha!\u201d, explicar\u00e1 ela.<\/p>\n<p>\u201cDesgra\u00e7ado! Ele vai ter que dizer onde ela est\u00e1!\u201d<\/p>\n<p>Dolores tentar\u00e1 acalmar N\u00e9lio dizendo o quanto eles s\u00e3o fortes por terem sobrevivido a todo o mal feito por Tonico, como a queda de N\u00e9lio do penhasco e a interna\u00e7\u00e3o de Dolores no hosp\u00edcio.<\/p>\n<p>\u201cN\u00e3o vamos desesperar! Se n\u00f3s dois sobrevivemos separados, juntos podemos tudo! Meu amor!\u201d<\/p>\n<p><em>Em &#8216;Nos Tempos do Imperador&#8217; neste s\u00e1bado, 22:<\/em><br \/>\nDolores vai com Nicolau para a Quinta, e Teresa a protege. Lu\u00edsa e Pedro se preocupam com a possibilidade de Dominique revelar seu romance. Vit\u00f3ria se prepara para ir a Paris. Quinzinho \u00e9 libertado, e Clem\u00eancia n\u00e3o se importa. Tonico manipula Dominique. N\u00e9lio e Dolores se reencontram. C\u00e2ndida avisa a Zayla que teve uma vis\u00e3o de perigo com Guebo. Elisa amea\u00e7a Solano ao v\u00ea-lo pr\u00f3ximo a Pilar.<br \/>\n<a href=\"https:\/\/www.tvnovelas.com.br\/novelas\/resumos-de-nos-tempos-do-imperador\/\">Confira os resumos da semana de &#8216;Nos Tempos do Imperador&#8217;<\/a><\/p>\n<p>As cenas v\u00e3o ao ar no cap\u00edtulo de Nos Tempos do Imperador deste s\u00e1bado, 22 de janeiro<br \/>\n<a href=\"https:\/\/www.tvnovelas.com.br\/novelas\/\"><strong>Confira os resumos da semana de todas novelas<\/strong><\/a><br \/>\n<strong style=\"font-size: 120%;\">Saiba mais das novelas:<\/strong><br \/>\n<div class=\"pt-cv-wrapper\"><div class=\"pt-cv-view pt-cv-grid pt-cv-colsys\" id=\"pt-cv-view-90991035b3\"><div data-id=\"pt-cv-page-1\" class=\"pt-cv-page\" data-cvc=\"1\"><div class=\"col-md-12 col-sm-12 col-xs-12 pt-cv-content-item pt-cv-1-col\" ><div class='pt-cv-ifield'><h4 class=\"pt-cv-title\"><a href=\"https:\/\/www.tvnovelas.com.br\/tvnews\/tres-gracas-arminda-surta-ao-confirmar-que-ferette-e-pai-de-raul\/\" class=\"_self\" target=\"_self\" >Tr\u00eas Gra\u00e7as:  Arminda surta ao confirmar que Ferette \u00e9 pai de Raul<\/a><\/h4><\/div><\/div>\n<div class=\"col-md-12 col-sm-12 col-xs-12 pt-cv-content-item pt-cv-1-col\" ><div class='pt-cv-ifield'><h4 class=\"pt-cv-title\"><a href=\"https:\/\/www.tvnovelas.com.br\/tvnews\/coracao-de-mae-atilla-confronta-hasan-e-exige-o-divorcio-de-lale\/\" class=\"_self\" target=\"_self\" >Cora\u00e7\u00e3o de M\u00e3e: Atilla confronta Hasan e exige o div\u00f3rcio de Lale<\/a><\/h4><\/div><\/div>\n<div class=\"col-md-12 col-sm-12 col-xs-12 pt-cv-content-item pt-cv-1-col\" ><div class='pt-cv-ifield'><h4 class=\"pt-cv-title\"><a href=\"https:\/\/www.tvnovelas.com.br\/tvnews\/guerra-das-rosas-gulfem-coloca-gulru-contra-a-parede\/\" class=\"_self\" target=\"_self\" >Guerra das Rosas: Gulfem coloca Gulru contra a parede<\/a><\/h4><\/div><\/div>\n<div class=\"col-md-12 col-sm-12 col-xs-12 pt-cv-content-item pt-cv-1-col\" ><div class='pt-cv-ifield'><h4 class=\"pt-cv-title\"><a href=\"https:\/\/www.tvnovelas.com.br\/tvnews\/coracao-de-mae-atilla-diz-a-lale-que-quer-o-divorcio\/\" class=\"_self\" target=\"_self\" >Cora\u00e7\u00e3o de M\u00e3e: Atilla diz a Lale que quer o div\u00f3rcio<\/a><\/h4><\/div><\/div>\n<div class=\"col-md-12 col-sm-12 col-xs-12 pt-cv-content-item pt-cv-1-col\" ><div class='pt-cv-ifield'><h4 class=\"pt-cv-title\"><a href=\"https:\/\/www.tvnovelas.com.br\/tvnews\/a-nobreza-do-amor-mirinho-garante-noivado-com-virginia-para-atrair-sogro-a-negocio\/\" class=\"_self\" target=\"_self\" >A Nobreza do Amor: Mirinho garante noivado com Virg\u00ednia para atrair sogro a neg\u00f3cio<\/a><\/h4><\/div><\/div>\n<div class=\"col-md-12 col-sm-12 col-xs-12 pt-cv-content-item pt-cv-1-col\" ><div class='pt-cv-ifield'><h4 class=\"pt-cv-title\"><a href=\"https:\/\/www.tvnovelas.com.br\/tvnews\/tres-gracas-joaquim-propoe-fuga-a-arminda-com-o-dinheiro-das-tres-gracas\/\" class=\"_self\" target=\"_self\" >Tr\u00eas Gra\u00e7as:  Joaquim prop\u00f5e fuga a Arminda com o dinheiro das Tr\u00eas Gra\u00e7as<\/a><\/h4><\/div><\/div>\n<div class=\"col-md-12 col-sm-12 col-xs-12 pt-cv-content-item pt-cv-1-col\" ><div class='pt-cv-ifield'><h4 class=\"pt-cv-title\"><a href=\"https:\/\/www.tvnovelas.com.br\/tvnews\/coracao-de-mae-atilla-decide-abrir-o-jogo-com-karsu\/\" class=\"_self\" target=\"_self\" >Cora\u00e7\u00e3o de M\u00e3e: Atilla decide abrir o jogo com Karsu<\/a><\/h4><\/div><\/div>\n<div class=\"col-md-12 col-sm-12 col-xs-12 pt-cv-content-item pt-cv-1-col\" ><div class='pt-cv-ifield'><h4 class=\"pt-cv-title\"><a href=\"https:\/\/www.tvnovelas.com.br\/tvnews\/coracao-de-mae-adnan-e-preso-apos-denuncia-de-irmak\/\" class=\"_self\" target=\"_self\" >Em Cora\u00e7\u00e3o de M\u00e3e: Adnan \u00e9 preso ap\u00f3s denuncia de Irmak<\/a><\/h4><\/div><\/div>\n<div class=\"col-md-12 col-sm-12 col-xs-12 pt-cv-content-item pt-cv-1-col\" ><div class='pt-cv-ifield'><h4 class=\"pt-cv-title\"><a href=\"https:\/\/www.tvnovelas.com.br\/tvnews\/coracao-de-mae-atilla-forca-karsu-a-ouvir-suas-explicacoes\/\" class=\"_self\" target=\"_self\" >Cora\u00e7\u00e3o de M\u00e3e: Atilla for\u00e7a Karsu a ouvir suas explica\u00e7\u00f5es<\/a><\/h4><\/div><\/div>\n<div class=\"col-md-12 col-sm-12 col-xs-12 pt-cv-content-item pt-cv-1-col\" ><div class='pt-cv-ifield'><h4 class=\"pt-cv-title\"><a href=\"https:\/\/www.tvnovelas.com.br\/tvnews\/coracao-acelerado-mulher-choca-janete-ao-se-apresentar-como-amante-do-palhares\/\" class=\"_self\" target=\"_self\" >Cora\u00e7\u00e3o Acelerado: Mulher choca Janete ao se apresentar como amante do Palhares<\/a><\/h4><\/div><\/div><\/div><\/div><\/div><br \/>\n<a href=\"http:\/\/tvnovelas.com.br\/filmes\" target=\"_blank\" rel=\"noopener\">Veja tamb\u00e9m: Todas as telas: filmes e s\u00e9ries nos streamings<\/a><\/p>\n","protected":false},"excerpt":{"rendered":"<p>Em Nos Tempos do Imperador, Dolores vai com Nicolau para a Quinta, e Teresa a protege. Lu\u00edsa e Pedro se preocupam com a possibilidade de Dominique revelar&#8230;<\/p>\n","protected":false},"author":1,"featured_media":24547,"comment_status":"closed","ping_status":"closed","sticky":false,"template":"","format":"standard","meta":{"_uf_show_specific_survey":0,"_uf_disable_surveys":false,"_jetpack_memberships_contains_paid_content":false,"footnotes":"","_wp_rev_ctl_limit":""},"categories":[269],"tags":[5,89,64],"class_list":["post-24529","post","type-post","status-publish","format-standard","has-post-thumbnail","hentry","category-nos-tempos-do-imperador-2","tag-globo","tag-nos-tempos-do-imperador","tag-novelas","wpcat-269-id"],"aioseo_notices":[],"jetpack_featured_media_url":"https:\/\/i0.wp.com\/www.tvnovelas.com.br\/tvnews\/wp-content\/uploads\/2022\/01\/31030.jpg?fit=600%2C360&ssl=1","jetpack_shortlink":"https:\/\/wp.me\/pdP2BO-6nD","jetpack_sharing_enabled":true,"_links":{"self":[{"href":"https:\/\/www.tvnovelas.com.br\/tvnews\/wp-json\/wp\/v2\/posts\/24529","targetHints":{"allow":["GET"]}}],"collection":[{"href":"https:\/\/www.tvnovelas.com.br\/tvnews\/wp-json\/wp\/v2\/posts"}],"about":[{"href":"https:\/\/www.tvnovelas.com.br\/tvnews\/wp-json\/wp\/v2\/types\/post"}],"author":[{"embeddable":true,"href":"https:\/\/www.tvnovelas.com.br\/tvnews\/wp-json\/wp\/v2\/users\/1"}],"replies":[{"embeddable":true,"href":"https:\/\/www.tvnovelas.com.br\/tvnews\/wp-json\/wp\/v2\/comments?post=24529"}],"version-history":[{"count":0,"href":"https:\/\/www.tvnovelas.com.br\/tvnews\/wp-json\/wp\/v2\/posts\/24529\/revisions"}],"wp:featuredmedia":[{"embeddable":true,"href":"https:\/\/www.tvnovelas.com.br\/tvnews\/wp-json\/wp\/v2\/media\/24547"}],"wp:attachment":[{"href":"https:\/\/www.tvnovelas.com.br\/tvnews\/wp-json\/wp\/v2\/media?parent=24529"}],"wp:term":[{"taxonomy":"category","embeddable":true,"href":"https:\/\/www.tvnovelas.com.br\/tvnews\/wp-json\/wp\/v2\/categories?post=24529"},{"taxonomy":"post_tag","embeddable":true,"href":"https:\/\/www.tvnovelas.com.br\/tvnews\/wp-json\/wp\/v2\/tags?post=24529"}],"curies":[{"name":"wp","href":"https:\/\/api.w.org\/{rel}","templated":true}]}}