{"id":24621,"date":"2022-01-25T19:00:39","date_gmt":"2022-01-25T22:00:39","guid":{"rendered":"https:\/\/www.tvnovelas.com.br\/tvnews\/?p=24621"},"modified":"2022-01-26T08:37:01","modified_gmt":"2022-01-26T11:37:01","slug":"nos-tempos-do-imperador-tonico-chantageia-pedro-na-frente-de-luisa","status":"publish","type":"post","link":"https:\/\/www.tvnovelas.com.br\/tvnews\/nos-tempos-do-imperador-tonico-chantageia-pedro-na-frente-de-luisa\/","title":{"rendered":"&#8216;Nos Tempos do Imperador&#8217;: Tonico chantageia Pedro na frente de Lu\u00edsa"},"content":{"rendered":"<p><em>Not\u00edcias de &#8216;Nos Tempos do Imperador&#8217;:<\/em><br \/>\n<img data-recalc-dims=\"1\" decoding=\"async\" class=\"alignnone wp-image-24633 size-full\" title=\"(Foto: TV Globo\/Nos Tempos do Imperador)\" src=\"https:\/\/i0.wp.com\/www.tvnovelas.com.br\/tvnews\/wp-content\/uploads\/2022\/01\/31057.jpg?resize=600%2C360&#038;ssl=1\" alt=\"Foto de Pedro e Tonico, em Nos Tempos do Imperador\" width=\"600\" height=\"360\" \/><br \/>\nDepois de roubar as cartas de Dom Pedro II (Selton Mello) da casa da Condessa de Barral (Mariana Ximenes), Tonico Rocha (Alexandre Nero) vai at\u00e9 a Quinta chantagear o Imperador. O deputado dir\u00e1 a Pedro que quer negociar o seu sil\u00eancio e come\u00e7ar\u00e1 a ler trechos que anotou das cartas escritas por ele para a amada.<\/p>\n<p>\u201cComo eu n\u00e3o percebi isso antes? O Imperador e a Condessa! Tamb\u00e9m n\u00e3o podia imaginar que a Lu\u00edsa, com aquela pose de senhora de fam\u00edlia, fosse na verdade uma devassa ad\u00faltera\u201d, provocar\u00e1 Tonico.<\/p>\n<p>Lu\u00edsa ent\u00e3o entrar\u00e1 na sala, chocada.<\/p>\n<p>\u201cVoc\u00ea invadiu minha casa. Foi voc\u00ea\u201d, constatar\u00e1 ela, que chegou a desconfiar do filho, Dominique.<\/p>\n<p>Para completar a confus\u00e3o, Teresa Cristina (Leticia Sabatella) tamb\u00e9m aparecer\u00e1 na sala.<\/p>\n<p>\u201cO que esse homem est\u00e1 fazendo aqui?\u201d<\/p>\n<p>Para tentar amenizar o clima constrangedor, Pedro tentar\u00e1 levar Tonico para o gabinete para os dois conversarem a s\u00f3s. Mas Tonico o provocar\u00e1 e acabar\u00e1 levando a pior: um soco do Imperador que o derrubar\u00e1 no ch\u00e3o.<\/p>\n<p>\u201cCanalha\u201d, bradar\u00e1 Pedro.<\/p>\n<p>Mesmo ca\u00eddo, Tonico seguir\u00e1 debochando da situa\u00e7\u00e3o e ir\u00e1 provocar a Imperatriz.<\/p>\n<p>\u201cVossa majestade sabia que foi tra\u00edda todos esses anos aqui, na sua pr\u00f3pria casa, pela dign\u00edssima condessa de Barral?\u201d<\/p>\n<p>Teresa se manter\u00e1 altiva e perguntar\u00e1 o que Tonico quer de fato. Ele responder\u00e1:<\/p>\n<p>\u201cQuero que parem de me investigar ou eu publico, no meu jornal cada uma das cartinhas que eles trocaram todos esses anos. E tem mais, quero ser nomeado senador.\u201d<\/p>\n<p>\u201cVoc\u00ea s\u00f3 pode estar delirando\u201d, dir\u00e1 Dom Pedro.<br \/>\n<a href=\"https:\/\/www.tvnovelas.com.br\/tvnews\/nos-tempos-do-imperador-incendio-impede-tonico-de-publicar-cartas-entre-dom-pedro-ii-e-luisa\/\">Inc\u00eandio impede Tonico de publicar cartas entre Dom Pedro II e Lu\u00edsa<\/a><\/p>\n<p><em>Em &#8216;Nos Tempos do Imperador&#8217; nesta quarta, 26:<\/em><br \/>\nTonico planeja derrotar Pedro. Todos comemoram que a guerra est\u00e1 quase no fim. Pilar reencontra Ana N\u00e9ri. Celestina pede que N\u00e9lio a represente contra Tonico no pedido de reabertura do inqu\u00e9rito da morte de Nino. Guebo perde as esperan\u00e7as de ser libertado. Vit\u00f3ria impede que Clem\u00eancia se declare para ela. Lu\u00edsa descobre que sua correspond\u00eancia com Pedro foi furtada. Tonico chantageia Pedro na frente de Lu\u00edsa e Teresa, e Isabel ouve.<br \/>\n<a href=\"https:\/\/www.tvnovelas.com.br\/novelas\/resumos-de-nos-tempos-do-imperador\/\">Confira os resumos da semana de &#8216;Nos Tempos do Imperador&#8217;<\/a><\/p>\n<p>As cenas v\u00e3o ao ar no cap\u00edtulo de Nos Tempos do Imperador desta quarta, 26 de janeiro<br \/>\n<a href=\"https:\/\/www.tvnovelas.com.br\/novelas\/\"><strong>Confira os resumos da semana de todas novelas<\/strong><\/a><br \/>\n<strong style=\"font-size: 120%;\">Saiba mais das novelas:<\/strong><br \/>\n<div class=\"pt-cv-wrapper\"><div class=\"pt-cv-view pt-cv-grid pt-cv-colsys\" id=\"pt-cv-view-90991035b3\"><div data-id=\"pt-cv-page-1\" class=\"pt-cv-page\" data-cvc=\"1\"><div class=\"col-md-12 col-sm-12 col-xs-12 pt-cv-content-item pt-cv-1-col\" ><div class='pt-cv-ifield'><h4 class=\"pt-cv-title\"><a href=\"https:\/\/www.tvnovelas.com.br\/tvnews\/em-coracao-de-mae-nos-proximos-capitulos-04-a-08-5\/\" class=\"_self\" target=\"_self\" >Em Cora\u00e7\u00e3o de M\u00e3e nos pr\u00f3ximos cap\u00edtulos (04 a 08\/5)<\/a><\/h4><\/div><\/div>\n<div class=\"col-md-12 col-sm-12 col-xs-12 pt-cv-content-item pt-cv-1-col\" ><div class='pt-cv-ifield'><h4 class=\"pt-cv-title\"><a href=\"https:\/\/www.tvnovelas.com.br\/tvnews\/coracao-de-mae-hasan-e-filiz-em-piquenique-romantico\/\" class=\"_self\" target=\"_self\" >Cora\u00e7\u00e3o de M\u00e3e: Hasan e Filiz em piquenique rom\u00e2ntico<\/a><\/h4><\/div><\/div>\n<div class=\"col-md-12 col-sm-12 col-xs-12 pt-cv-content-item pt-cv-1-col\" ><div class='pt-cv-ifield'><h4 class=\"pt-cv-title\"><a href=\"https:\/\/www.tvnovelas.com.br\/tvnews\/guerra-das-rosas-cihan-vibra-com-desistencia-de-gulru-de-casar-com-mert\/\" class=\"_self\" target=\"_self\" >Guerra das Rosas: Cihan vibra com desist\u00eancia de Gulru de casar com Mert<\/a><\/h4><\/div><\/div>\n<div class=\"col-md-12 col-sm-12 col-xs-12 pt-cv-content-item pt-cv-1-col\" ><div class='pt-cv-ifield'><h4 class=\"pt-cv-title\"><a href=\"https:\/\/www.tvnovelas.com.br\/tvnews\/coracao-de-mae-irmak-denuncia-adnan\/\" class=\"_self\" target=\"_self\" >Cora\u00e7\u00e3o de M\u00e3e: Irmak denuncia Adnan<\/a><\/h4><\/div><\/div>\n<div class=\"col-md-12 col-sm-12 col-xs-12 pt-cv-content-item pt-cv-1-col\" ><div class='pt-cv-ifield'><h4 class=\"pt-cv-title\"><a href=\"https:\/\/www.tvnovelas.com.br\/tvnews\/a-nobreza-do-amor-mirinho-e-obrigado-a-resgatar-tonho\/\" class=\"_self\" target=\"_self\" >A Nobreza do Amor: Mirinho \u00e9 obrigado a resgatar Tonho<\/a><\/h4><\/div><\/div>\n<div class=\"col-md-12 col-sm-12 col-xs-12 pt-cv-content-item pt-cv-1-col\" ><div class='pt-cv-ifield'><h4 class=\"pt-cv-title\"><a href=\"https:\/\/www.tvnovelas.com.br\/tvnews\/tres-gracas-paulinho-e-afastado-da-policia-por-causa-de-gerluce\/\" class=\"_self\" target=\"_self\" >Tr\u00eas Gra\u00e7as: Paulinho \u00e9 afastado da pol\u00edcia por causa de Gerluce<\/a><\/h4><\/div><\/div>\n<div class=\"col-md-12 col-sm-12 col-xs-12 pt-cv-content-item pt-cv-1-col\" ><div class='pt-cv-ifield'><h4 class=\"pt-cv-title\"><a href=\"https:\/\/www.tvnovelas.com.br\/tvnews\/coracao-de-mae-irmak-inicia-jogo-arriscado-contra-adnan\/\" class=\"_self\" target=\"_self\" >Cora\u00e7\u00e3o de M\u00e3e: Irmak inicia jogo arriscado contra Adnan<\/a><\/h4><\/div><\/div>\n<div class=\"col-md-12 col-sm-12 col-xs-12 pt-cv-content-item pt-cv-1-col\" ><div class='pt-cv-ifield'><h4 class=\"pt-cv-title\"><a href=\"https:\/\/www.tvnovelas.com.br\/tvnews\/guerra-das-rosas-omer-chama-gulru-vestida-de-noiva-para-fugir\/\" class=\"_self\" target=\"_self\" >Guerra das Rosas: Omer chama Gulru vestida de noiva para fugir<\/a><\/h4><\/div><\/div>\n<div class=\"col-md-12 col-sm-12 col-xs-12 pt-cv-content-item pt-cv-1-col\" ><div class='pt-cv-ifield'><h4 class=\"pt-cv-title\"><a href=\"https:\/\/www.tvnovelas.com.br\/tvnews\/coracao-de-mae-reha-sai-para-jantar-com-selvi\/\" class=\"_self\" target=\"_self\" >Cora\u00e7\u00e3o de M\u00e3e: Reha sai para jantar com Selvi<\/a><\/h4><\/div><\/div>\n<div class=\"col-md-12 col-sm-12 col-xs-12 pt-cv-content-item pt-cv-1-col\" ><div class='pt-cv-ifield'><h4 class=\"pt-cv-title\"><a href=\"https:\/\/www.tvnovelas.com.br\/tvnews\/coracao-acelerado-zila-se-preocupa-com-sua-situacao-apos-separacao\/\" class=\"_self\" target=\"_self\" >Cora\u00e7\u00e3o Acelerado: Zil\u00e1 se preocupa com sua situa\u00e7\u00e3o ap\u00f3s separa\u00e7\u00e3o<\/a><\/h4><\/div><\/div><\/div><\/div><\/div><br \/>\n<a href=\"http:\/\/tvnovelas.com.br\/filmes\" target=\"_blank\" rel=\"noopener\">Veja tamb\u00e9m: Todas as telas: filmes e s\u00e9ries nos streamings<\/a><\/p>\n","protected":false},"excerpt":{"rendered":"<p>Em Nos Tempos do Imperador, Tonico planeja derrotar Pedro. Todos comemoram que a guerra est\u00e1 quase no fim. Pilar reencontra Ana N\u00e9ri. Celestina pede que&#8230;<\/p>\n","protected":false},"author":1,"featured_media":24633,"comment_status":"closed","ping_status":"closed","sticky":false,"template":"","format":"standard","meta":{"_uf_show_specific_survey":0,"_uf_disable_surveys":false,"_jetpack_memberships_contains_paid_content":false,"footnotes":"","_wp_rev_ctl_limit":""},"categories":[269],"tags":[5,89,64],"class_list":["post-24621","post","type-post","status-publish","format-standard","has-post-thumbnail","hentry","category-nos-tempos-do-imperador-2","tag-globo","tag-nos-tempos-do-imperador","tag-novelas","wpcat-269-id"],"aioseo_notices":[],"jetpack_featured_media_url":"https:\/\/i0.wp.com\/www.tvnovelas.com.br\/tvnews\/wp-content\/uploads\/2022\/01\/31057.jpg?fit=600%2C360&ssl=1","jetpack_shortlink":"https:\/\/wp.me\/pdP2BO-6p7","jetpack_sharing_enabled":true,"_links":{"self":[{"href":"https:\/\/www.tvnovelas.com.br\/tvnews\/wp-json\/wp\/v2\/posts\/24621","targetHints":{"allow":["GET"]}}],"collection":[{"href":"https:\/\/www.tvnovelas.com.br\/tvnews\/wp-json\/wp\/v2\/posts"}],"about":[{"href":"https:\/\/www.tvnovelas.com.br\/tvnews\/wp-json\/wp\/v2\/types\/post"}],"author":[{"embeddable":true,"href":"https:\/\/www.tvnovelas.com.br\/tvnews\/wp-json\/wp\/v2\/users\/1"}],"replies":[{"embeddable":true,"href":"https:\/\/www.tvnovelas.com.br\/tvnews\/wp-json\/wp\/v2\/comments?post=24621"}],"version-history":[{"count":0,"href":"https:\/\/www.tvnovelas.com.br\/tvnews\/wp-json\/wp\/v2\/posts\/24621\/revisions"}],"wp:featuredmedia":[{"embeddable":true,"href":"https:\/\/www.tvnovelas.com.br\/tvnews\/wp-json\/wp\/v2\/media\/24633"}],"wp:attachment":[{"href":"https:\/\/www.tvnovelas.com.br\/tvnews\/wp-json\/wp\/v2\/media?parent=24621"}],"wp:term":[{"taxonomy":"category","embeddable":true,"href":"https:\/\/www.tvnovelas.com.br\/tvnews\/wp-json\/wp\/v2\/categories?post=24621"},{"taxonomy":"post_tag","embeddable":true,"href":"https:\/\/www.tvnovelas.com.br\/tvnews\/wp-json\/wp\/v2\/tags?post=24621"}],"curies":[{"name":"wp","href":"https:\/\/api.w.org\/{rel}","templated":true}]}}