{"id":24693,"date":"2022-01-27T19:00:28","date_gmt":"2022-01-27T22:00:28","guid":{"rendered":"https:\/\/www.tvnovelas.com.br\/tvnews\/?p=24693"},"modified":"2022-01-28T09:19:45","modified_gmt":"2022-01-28T12:19:45","slug":"quanto-mais-vida-melhor-nenem-salva-paula-de-um-acidente","status":"publish","type":"post","link":"https:\/\/www.tvnovelas.com.br\/tvnews\/quanto-mais-vida-melhor-nenem-salva-paula-de-um-acidente\/","title":{"rendered":"&#8216;Quanto Mais Vida, Melhor!&#8217;: Nen\u00e9m salva Paula de um acidente"},"content":{"rendered":"<p><em>Not\u00edcias de Quanto Mais Vida, Melhor!:<\/em><br \/>\n<img data-recalc-dims=\"1\" decoding=\"async\" class=\"alignnone wp-image-24703 size-full\" title=\"(Foto: TV Globo\/Quanto Mais Vida, Melhor!)\" src=\"https:\/\/i0.wp.com\/www.tvnovelas.com.br\/tvnews\/wp-content\/uploads\/2022\/01\/31078.jpg?resize=600%2C360&#038;ssl=1\" alt=\"foto de Paula, em Quanto Mais Vida, Melhor!\" width=\"600\" height=\"360\" \/><br \/>\nEm &#8220;Quanto Mais Vida, Melhor!&#8221;, Paula (Giovanna Antonelli) sempre deu o seu sangue pelo trabalho. Mas depois do fracasso do lan\u00e7amento do seu novo creme, o Terrare-Paix\u00e3o, ela viu a chance de manter a empresa de p\u00e9 ir para o ralo. Para tonar a situa\u00e7\u00e3o da toda-poderosa ainda mais dif\u00edcil, ela recebeu uma proposta humilhante de Carmem (Julia Lemmertz), sua maior rival: saldar as d\u00edvidas da Terrare em troca do cargo de presidente.<\/p>\n<p>Irada, Paula recusa a proposta e cai em uma tristeza profunda. Primeiro, ela vai para casa e desabafa com Tuninha, sua m\u00e3e. ?? Sim, durante a conversa, a empres\u00e1ria acaba chamando a governanta de &#8220;m\u00e3e&#8221; e revela o verdadeiro parentesco entre as duas. Mas logo depois, Paula sai de casa, completamente fora de si.<\/p>\n<p>Caminhando em dire\u00e7\u00e3o a sua empresa, debaixo de uma chuva torrencial, Paula dar\u00e1 de cara com Ela: a Morte (A Maia):<\/p>\n<p>&#8220;N\u00e3o tenho medo de voc\u00ea&#8221;, gritar\u00e1 Paula.<\/p>\n<p>&#8220;N\u00e3o precisa ter medo de mim. Precisa ter medo de voc\u00ea&#8221;, responder\u00e1 a Morte, antes de sumir.<\/p>\n<p>Ignorando a vis\u00e3o da Morte, Paula subir\u00e1 at\u00e9 o terra\u00e7o da Terrare e se lembrar\u00e1 de toda a sua trajet\u00f3ria na empresa. Chorando muito, ela caminhar\u00e1 at\u00e9 a beira e tamb\u00e9m recordar\u00e1 do dia em que Celso (C\u00e2ndido Damm) morreu. A forte emo\u00e7\u00e3o far\u00e1 com que ela perca o equil\u00edbrio e fique na imin\u00eancia de cair.<\/p>\n<p>Para a sua sorte, Nen\u00e9m aparecer\u00e1 bem na hora e a socorrer\u00e1. Olhando nos olhos da empres\u00e1ria, ele dir\u00e1:<\/p>\n<p>&#8220;Vem comigo, vem. N\u00e3o faz nenhuma besteira.&#8221;<\/p>\n<p>&#8220;N\u00e3o quero morrer, Nen\u00e9m. N\u00e3o quero mais!&#8221;, responder\u00e1 Paula.<\/p>\n<p>Mas nesse momento, um raio atingir\u00e1 o letreiro da Terrare e uma das letras cair\u00e1 em dire\u00e7\u00e3o \u00e0 empres\u00e1ria.<\/p>\n<p><em>Em Quanto Mais Vida, Melhor! nesta sexta, 28:<\/em><br \/>\nGuilherme avisa a Celina que ela ter\u00e1 que sair de casa. Paula v\u00ea a Morte, mas n\u00e3o se intimida. Conrado exige que Roni n\u00e3o descarte a parceria entre os dois quando sair da cadeia. Fl\u00e1via beija Murilo para provocar Gabriel, sem ver que Ingrid tamb\u00e9m estava olhando. Cabe\u00e7a e Bianca se beijam. Ingrid tem um mau pressentimento com a m\u00e3e. Nen\u00e9m v\u00ea Paula na beirada do terra\u00e7o e corre ao seu encontro. Paula se assusta com os raios que caem pr\u00f3ximos \u00e0 torre da Terrare. Nen\u00e9m salva Paula de um acidente.<br \/>\n<a href=\"https:\/\/www.tvnovelas.com.br\/novelas\/resumos-de-quanto-mais-vida-melhor\/\">Confira os resumos da semana de Quanto Mais Vida, Melhor!<\/a><\/p>\n<p>As cenas v\u00e3o ao ar no cap\u00edtulo de Quanto Mais Vida, Melhor! desta sexta, 28 de janeiro<br \/>\n<a href=\"https:\/\/www.tvnovelas.com.br\/novelas\/\"><strong>Confira os resumos da semana de todas novelas<\/strong><\/a><br \/>\n<strong style=\"font-size: 120%;\">Saiba mais das novelas:<\/strong><br \/>\n<div class=\"pt-cv-wrapper\"><div class=\"pt-cv-view pt-cv-grid pt-cv-colsys\" id=\"pt-cv-view-90991035b3\"><div data-id=\"pt-cv-page-1\" class=\"pt-cv-page\" data-cvc=\"1\"><div class=\"col-md-12 col-sm-12 col-xs-12 pt-cv-content-item pt-cv-1-col\" ><div class='pt-cv-ifield'><h4 class=\"pt-cv-title\"><a href=\"https:\/\/www.tvnovelas.com.br\/tvnews\/coracao-de-mae-irmak-inicia-jogo-arriscado-contra-adnan\/\" class=\"_self\" target=\"_self\" >Cora\u00e7\u00e3o de M\u00e3e: Irmak inicia jogo arriscado contra Adnan<\/a><\/h4><\/div><\/div>\n<div class=\"col-md-12 col-sm-12 col-xs-12 pt-cv-content-item pt-cv-1-col\" ><div class='pt-cv-ifield'><h4 class=\"pt-cv-title\"><a href=\"https:\/\/www.tvnovelas.com.br\/tvnews\/guerra-das-rosas-omer-chama-gulru-vestida-de-noiva-para-fugir\/\" class=\"_self\" target=\"_self\" >Guerra das Rosas: Omer chama Gulru vestida de noiva para fugir<\/a><\/h4><\/div><\/div>\n<div class=\"col-md-12 col-sm-12 col-xs-12 pt-cv-content-item pt-cv-1-col\" ><div class='pt-cv-ifield'><h4 class=\"pt-cv-title\"><a href=\"https:\/\/www.tvnovelas.com.br\/tvnews\/coracao-de-mae-reha-sai-para-jantar-com-selvi\/\" class=\"_self\" target=\"_self\" >Cora\u00e7\u00e3o de M\u00e3e: Reha sai para jantar com Selvi<\/a><\/h4><\/div><\/div>\n<div class=\"col-md-12 col-sm-12 col-xs-12 pt-cv-content-item pt-cv-1-col\" ><div class='pt-cv-ifield'><h4 class=\"pt-cv-title\"><a href=\"https:\/\/www.tvnovelas.com.br\/tvnews\/coracao-acelerado-zila-se-preocupa-com-sua-situacao-apos-separacao\/\" class=\"_self\" target=\"_self\" >Cora\u00e7\u00e3o Acelerado: Zil\u00e1 se preocupa com sua situa\u00e7\u00e3o ap\u00f3s separa\u00e7\u00e3o<\/a><\/h4><\/div><\/div>\n<div class=\"col-md-12 col-sm-12 col-xs-12 pt-cv-content-item pt-cv-1-col\" ><div class='pt-cv-ifield'><h4 class=\"pt-cv-title\"><a href=\"https:\/\/www.tvnovelas.com.br\/tvnews\/a-nobreza-do-amor-tonho-nao-se-curva-diante-de-mirinho\/\" class=\"_self\" target=\"_self\" >A Nobreza do Amor: Tonho n\u00e3o se curva diante de Mirinho<\/a><\/h4><\/div><\/div>\n<div class=\"col-md-12 col-sm-12 col-xs-12 pt-cv-content-item pt-cv-1-col\" ><div class='pt-cv-ifield'><h4 class=\"pt-cv-title\"><a href=\"https:\/\/www.tvnovelas.com.br\/tvnews\/tres-gracas-arminda-surta-ao-confirmar-que-ferette-e-pai-de-raul\/\" class=\"_self\" target=\"_self\" >Tr\u00eas Gra\u00e7as:  Arminda surta ao confirmar que Ferette \u00e9 pai de Raul<\/a><\/h4><\/div><\/div>\n<div class=\"col-md-12 col-sm-12 col-xs-12 pt-cv-content-item pt-cv-1-col\" ><div class='pt-cv-ifield'><h4 class=\"pt-cv-title\"><a href=\"https:\/\/www.tvnovelas.com.br\/tvnews\/coracao-de-mae-atilla-confronta-hasan-e-exige-o-divorcio-de-lale\/\" class=\"_self\" target=\"_self\" >Cora\u00e7\u00e3o de M\u00e3e: Atilla confronta Hasan e exige o div\u00f3rcio de Lale<\/a><\/h4><\/div><\/div>\n<div class=\"col-md-12 col-sm-12 col-xs-12 pt-cv-content-item pt-cv-1-col\" ><div class='pt-cv-ifield'><h4 class=\"pt-cv-title\"><a href=\"https:\/\/www.tvnovelas.com.br\/tvnews\/guerra-das-rosas-gulfem-coloca-gulru-contra-a-parede\/\" class=\"_self\" target=\"_self\" >Guerra das Rosas: Gulfem coloca Gulru contra a parede<\/a><\/h4><\/div><\/div>\n<div class=\"col-md-12 col-sm-12 col-xs-12 pt-cv-content-item pt-cv-1-col\" ><div class='pt-cv-ifield'><h4 class=\"pt-cv-title\"><a href=\"https:\/\/www.tvnovelas.com.br\/tvnews\/coracao-de-mae-atilla-diz-a-lale-que-quer-o-divorcio\/\" class=\"_self\" target=\"_self\" >Cora\u00e7\u00e3o de M\u00e3e: Atilla diz a Lale que quer o div\u00f3rcio<\/a><\/h4><\/div><\/div>\n<div class=\"col-md-12 col-sm-12 col-xs-12 pt-cv-content-item pt-cv-1-col\" ><div class='pt-cv-ifield'><h4 class=\"pt-cv-title\"><a href=\"https:\/\/www.tvnovelas.com.br\/tvnews\/a-nobreza-do-amor-mirinho-garante-noivado-com-virginia-para-atrair-sogro-a-negocio\/\" class=\"_self\" target=\"_self\" >A Nobreza do Amor: Mirinho garante noivado com Virg\u00ednia para atrair sogro a neg\u00f3cio<\/a><\/h4><\/div><\/div><\/div><\/div><\/div><br \/>\n<a href=\"http:\/\/tvnovelas.com.br\/filmes\" target=\"_blank\" rel=\"noopener\">Veja tamb\u00e9m: Todas as telas: filmes e s\u00e9ries nos streamings<\/a><\/p>\n","protected":false},"excerpt":{"rendered":"<p>Em Quanto Mais Vida, Melhor!, Guilherme avisa a Celina que ela ter\u00e1 que sair de casa. Paula v\u00ea a Morte, mas n\u00e3o se intimida. Conrado exige que Roni n\u00e3o descarte&#8230;<\/p>\n","protected":false},"author":1,"featured_media":24703,"comment_status":"closed","ping_status":"closed","sticky":false,"template":"","format":"standard","meta":{"_uf_show_specific_survey":0,"_uf_disable_surveys":false,"_jetpack_memberships_contains_paid_content":false,"footnotes":"","_wp_rev_ctl_limit":""},"categories":[291],"tags":[5,64,292],"class_list":["post-24693","post","type-post","status-publish","format-standard","has-post-thumbnail","hentry","category-quanto-mais-vida-melhor","tag-globo","tag-novelas","tag-quanto-mais-vida","wpcat-291-id"],"aioseo_notices":[],"jetpack_featured_media_url":"https:\/\/i0.wp.com\/www.tvnovelas.com.br\/tvnews\/wp-content\/uploads\/2022\/01\/31078.jpg?fit=600%2C360&ssl=1","jetpack_shortlink":"https:\/\/wp.me\/pdP2BO-6qh","jetpack_sharing_enabled":true,"_links":{"self":[{"href":"https:\/\/www.tvnovelas.com.br\/tvnews\/wp-json\/wp\/v2\/posts\/24693","targetHints":{"allow":["GET"]}}],"collection":[{"href":"https:\/\/www.tvnovelas.com.br\/tvnews\/wp-json\/wp\/v2\/posts"}],"about":[{"href":"https:\/\/www.tvnovelas.com.br\/tvnews\/wp-json\/wp\/v2\/types\/post"}],"author":[{"embeddable":true,"href":"https:\/\/www.tvnovelas.com.br\/tvnews\/wp-json\/wp\/v2\/users\/1"}],"replies":[{"embeddable":true,"href":"https:\/\/www.tvnovelas.com.br\/tvnews\/wp-json\/wp\/v2\/comments?post=24693"}],"version-history":[{"count":0,"href":"https:\/\/www.tvnovelas.com.br\/tvnews\/wp-json\/wp\/v2\/posts\/24693\/revisions"}],"wp:featuredmedia":[{"embeddable":true,"href":"https:\/\/www.tvnovelas.com.br\/tvnews\/wp-json\/wp\/v2\/media\/24703"}],"wp:attachment":[{"href":"https:\/\/www.tvnovelas.com.br\/tvnews\/wp-json\/wp\/v2\/media?parent=24693"}],"wp:term":[{"taxonomy":"category","embeddable":true,"href":"https:\/\/www.tvnovelas.com.br\/tvnews\/wp-json\/wp\/v2\/categories?post=24693"},{"taxonomy":"post_tag","embeddable":true,"href":"https:\/\/www.tvnovelas.com.br\/tvnews\/wp-json\/wp\/v2\/tags?post=24693"}],"curies":[{"name":"wp","href":"https:\/\/api.w.org\/{rel}","templated":true}]}}