{"id":24708,"date":"2022-01-28T13:57:28","date_gmt":"2022-01-28T16:57:28","guid":{"rendered":"https:\/\/www.tvnovelas.com.br\/tvnews\/?p=24708"},"modified":"2022-01-28T13:57:28","modified_gmt":"2022-01-28T16:57:28","slug":"quanto-mais-vida-melhor-celina-sera-expulsa-da-mansao","status":"publish","type":"post","link":"https:\/\/www.tvnovelas.com.br\/tvnews\/quanto-mais-vida-melhor-celina-sera-expulsa-da-mansao\/","title":{"rendered":"&#8216;Quanto Mais Vida, Melhor!&#8217;: Celina ser\u00e1 expulsa da mans\u00e3o"},"content":{"rendered":"<p><em>Not\u00edcias de &#8216;Quanto Mais Vida, Melhor!&#8217;:<\/em><br \/>\n<img data-recalc-dims=\"1\" decoding=\"async\" class=\"alignnone wp-image-24709 size-full\" title=\"(Foto: TV Globo\/'Quanto Mais Vida, Melhor!')\" src=\"https:\/\/i0.wp.com\/www.tvnovelas.com.br\/tvnews\/wp-content\/uploads\/2022\/01\/31081.jpg?resize=600%2C360&#038;ssl=1\" alt=\"Foto de Guilherme e Celina, em Quanto Mais Vida, Melhor!\" width=\"600\" height=\"360\" \/><br \/>\nA mans\u00e3o dos Monteiro Bragan\u00e7a vive em clima de guerra. Tudo por causa da eterna implic\u00e2ncia de Celina (Ana Lucia Torre) com Rose (B\u00e1rbara Colen). E dessa vez, a coisa ficou feia! Em &#8220;Quanto Mais Vida, Melhor!&#8221;, a psicanalista sabotar\u00e1 (mais uma vez) o casamento do filho e ele descobrir\u00e1 tudo. S\u00f3 que agora o m\u00e9dico vai tomar uma atitude radical.<\/p>\n<p>Guilherme colocou uma escuta na bolsa de Rose para espion\u00e1-la e descobriu que ela teve um caso no passado com Nen\u00e9m (Vladimir Brichta).<\/p>\n<p>Rose contou tudo sobre o seu passado e insistiu para Guilherme n\u00e3o terminar a rela\u00e7\u00e3o.<\/p>\n<p>Guilherme deixou o amor falar mais alto e deu uma nova chance ao casamento.<\/p>\n<p>Guilherme lembrou que a escuta ainda estava na bolsa da Rose e pediu para Celina tirar de l\u00e1. Mas a psicanalista deixou o objeto ali e torceu para a nora encontrar.<\/p>\n<p>Rose encontrou a escuta e desconfiou de Guilherme. Mas Daniel (Tato Gabus Mendes), a fim de ajudar o relacionamento do casal, mentiu e disse que foi Celina quem colocou a escuta para espion\u00e1-la.<\/p>\n<p>Celina abriu o jogo para Guilherme e disse que n\u00e3o tirou a escuta da bolsa de Rose de prop\u00f3sito. Furioso, e determinado a manter a paz na rela\u00e7\u00e3o com Rose, ele decidir\u00e1 manter a m\u00e3e longe do seu casamento. Ou seja, a psicanalista dever\u00e1 fazer as malas e sair da mans\u00e3o.<\/p>\n<p>&#8220;Voc\u00eas duas n\u00e3o podem mais viver sob o mesmo teto&#8221;, dir\u00e1 o m\u00e9dico.<\/p>\n<p>Inconformada, Celina vai dizer que perdeu a parada. Mas Guilherme, gentilmente, beijar\u00e1 a m\u00e3e e pedir\u00e1 para ela deixar a casa &#8211; s\u00f3 por um tempo.<\/p>\n<p>Mais tarde, quando tudo parecia resolvido, Celina vai bater p\u00e9 e dir\u00e1 na frente de toda a fam\u00edlia:<\/p>\n<p>&#8220;N\u00e3o vou me mudar dessa casa coisa nenhuma!&#8221;<\/p>\n<p>&#8220;Se voc\u00ea n\u00e3o sair por bem, vai sair por mal!&#8221;<\/p>\n<p>Rose vai abrir o guarda-roupas da sogra e tacar todas as roupas em uma mala. Celina ir\u00e1 atr\u00e1s e come\u00e7ar\u00e1 a provocar a ex-modelo: &#8220;Se n\u00e3o tivesse tanta culpa no cart\u00f3rio, n\u00e3o teria tanta raiva de mim. Ad\u00faltera!&#8221;. Rose partir\u00e1 pra cima de Celina, mas Daniel e Guilherme separar\u00e3o as duas.<\/p>\n<p>Sem sa\u00edda, Guilherme vai refor\u00e7ar o pedido \u00e0 m\u00e3e. Mas dessa vez, com toda rigidez:<\/p>\n<p>&#8220;Voc\u00ea precisa sair dessa casa. E \u00e9 agora.&#8221;<br \/>\n<a href=\"https:\/\/www.tvnovelas.com.br\/novelas\/resumos-de-quanto-mais-vida-melhor\/\">Confira os resumos da semana de Quanto Mais Vida, Melhor!<\/a><\/p>\n<p>As cenas v\u00e3o ao ar no cap\u00edtulo de Quanto Mais Vida, Melhor! desta sexta, 28 de janeiro<br \/>\n<a href=\"https:\/\/www.tvnovelas.com.br\/novelas\/\"><strong>Confira os resumos da semana de todas novelas<\/strong><\/a><br \/>\n<strong style=\"font-size: 120%;\">Saiba mais das novelas:<\/strong><br \/>\n<div class=\"pt-cv-wrapper\"><div class=\"pt-cv-view pt-cv-grid pt-cv-colsys\" id=\"pt-cv-view-90991035b3\"><div data-id=\"pt-cv-page-1\" class=\"pt-cv-page\" data-cvc=\"1\"><div class=\"col-md-12 col-sm-12 col-xs-12 pt-cv-content-item pt-cv-1-col\" ><div class='pt-cv-ifield'><h4 class=\"pt-cv-title\"><a href=\"https:\/\/www.tvnovelas.com.br\/tvnews\/coracao-de-mae-irmak-inicia-jogo-arriscado-contra-adnan\/\" class=\"_self\" target=\"_self\" >Cora\u00e7\u00e3o de M\u00e3e: Irmak inicia jogo arriscado contra Adnan<\/a><\/h4><\/div><\/div>\n<div class=\"col-md-12 col-sm-12 col-xs-12 pt-cv-content-item pt-cv-1-col\" ><div class='pt-cv-ifield'><h4 class=\"pt-cv-title\"><a href=\"https:\/\/www.tvnovelas.com.br\/tvnews\/guerra-das-rosas-omer-chama-gulru-vestida-de-noiva-para-fugir\/\" class=\"_self\" target=\"_self\" >Guerra das Rosas: Omer chama Gulru vestida de noiva para fugir<\/a><\/h4><\/div><\/div>\n<div class=\"col-md-12 col-sm-12 col-xs-12 pt-cv-content-item pt-cv-1-col\" ><div class='pt-cv-ifield'><h4 class=\"pt-cv-title\"><a href=\"https:\/\/www.tvnovelas.com.br\/tvnews\/coracao-de-mae-reha-sai-para-jantar-com-selvi\/\" class=\"_self\" target=\"_self\" >Cora\u00e7\u00e3o de M\u00e3e: Reha sai para jantar com Selvi<\/a><\/h4><\/div><\/div>\n<div class=\"col-md-12 col-sm-12 col-xs-12 pt-cv-content-item pt-cv-1-col\" ><div class='pt-cv-ifield'><h4 class=\"pt-cv-title\"><a href=\"https:\/\/www.tvnovelas.com.br\/tvnews\/coracao-acelerado-zila-se-preocupa-com-sua-situacao-apos-separacao\/\" class=\"_self\" target=\"_self\" >Cora\u00e7\u00e3o Acelerado: Zil\u00e1 se preocupa com sua situa\u00e7\u00e3o ap\u00f3s separa\u00e7\u00e3o<\/a><\/h4><\/div><\/div>\n<div class=\"col-md-12 col-sm-12 col-xs-12 pt-cv-content-item pt-cv-1-col\" ><div class='pt-cv-ifield'><h4 class=\"pt-cv-title\"><a href=\"https:\/\/www.tvnovelas.com.br\/tvnews\/a-nobreza-do-amor-tonho-nao-se-curva-diante-de-mirinho\/\" class=\"_self\" target=\"_self\" >A Nobreza do Amor: Tonho n\u00e3o se curva diante de Mirinho<\/a><\/h4><\/div><\/div>\n<div class=\"col-md-12 col-sm-12 col-xs-12 pt-cv-content-item pt-cv-1-col\" ><div class='pt-cv-ifield'><h4 class=\"pt-cv-title\"><a href=\"https:\/\/www.tvnovelas.com.br\/tvnews\/tres-gracas-arminda-surta-ao-confirmar-que-ferette-e-pai-de-raul\/\" class=\"_self\" target=\"_self\" >Tr\u00eas Gra\u00e7as:  Arminda surta ao confirmar que Ferette \u00e9 pai de Raul<\/a><\/h4><\/div><\/div>\n<div class=\"col-md-12 col-sm-12 col-xs-12 pt-cv-content-item pt-cv-1-col\" ><div class='pt-cv-ifield'><h4 class=\"pt-cv-title\"><a href=\"https:\/\/www.tvnovelas.com.br\/tvnews\/coracao-de-mae-atilla-confronta-hasan-e-exige-o-divorcio-de-lale\/\" class=\"_self\" target=\"_self\" >Cora\u00e7\u00e3o de M\u00e3e: Atilla confronta Hasan e exige o div\u00f3rcio de Lale<\/a><\/h4><\/div><\/div>\n<div class=\"col-md-12 col-sm-12 col-xs-12 pt-cv-content-item pt-cv-1-col\" ><div class='pt-cv-ifield'><h4 class=\"pt-cv-title\"><a href=\"https:\/\/www.tvnovelas.com.br\/tvnews\/guerra-das-rosas-gulfem-coloca-gulru-contra-a-parede\/\" class=\"_self\" target=\"_self\" >Guerra das Rosas: Gulfem coloca Gulru contra a parede<\/a><\/h4><\/div><\/div>\n<div class=\"col-md-12 col-sm-12 col-xs-12 pt-cv-content-item pt-cv-1-col\" ><div class='pt-cv-ifield'><h4 class=\"pt-cv-title\"><a href=\"https:\/\/www.tvnovelas.com.br\/tvnews\/coracao-de-mae-atilla-diz-a-lale-que-quer-o-divorcio\/\" class=\"_self\" target=\"_self\" >Cora\u00e7\u00e3o de M\u00e3e: Atilla diz a Lale que quer o div\u00f3rcio<\/a><\/h4><\/div><\/div>\n<div class=\"col-md-12 col-sm-12 col-xs-12 pt-cv-content-item pt-cv-1-col\" ><div class='pt-cv-ifield'><h4 class=\"pt-cv-title\"><a href=\"https:\/\/www.tvnovelas.com.br\/tvnews\/a-nobreza-do-amor-mirinho-garante-noivado-com-virginia-para-atrair-sogro-a-negocio\/\" class=\"_self\" target=\"_self\" >A Nobreza do Amor: Mirinho garante noivado com Virg\u00ednia para atrair sogro a neg\u00f3cio<\/a><\/h4><\/div><\/div><\/div><\/div><\/div><br \/>\n<a href=\"http:\/\/tvnovelas.com.br\/filmes\" target=\"_blank\" rel=\"noopener\">Veja tamb\u00e9m: Todas as telas: filmes e s\u00e9ries nos streamings<\/a><\/p>\n","protected":false},"excerpt":{"rendered":"<p>Em Quanto Mais Vida, Melhor!<\/p>\n","protected":false},"author":1,"featured_media":24709,"comment_status":"closed","ping_status":"closed","sticky":false,"template":"","format":"standard","meta":{"_uf_show_specific_survey":0,"_uf_disable_surveys":false,"_jetpack_memberships_contains_paid_content":false,"footnotes":"","_wp_rev_ctl_limit":""},"categories":[291],"tags":[292],"class_list":["post-24708","post","type-post","status-publish","format-standard","has-post-thumbnail","hentry","category-quanto-mais-vida-melhor","tag-quanto-mais-vida","wpcat-291-id"],"aioseo_notices":[],"jetpack_featured_media_url":"https:\/\/i0.wp.com\/www.tvnovelas.com.br\/tvnews\/wp-content\/uploads\/2022\/01\/31081.jpg?fit=600%2C360&ssl=1","jetpack_shortlink":"https:\/\/wp.me\/pdP2BO-6qw","jetpack_sharing_enabled":true,"_links":{"self":[{"href":"https:\/\/www.tvnovelas.com.br\/tvnews\/wp-json\/wp\/v2\/posts\/24708","targetHints":{"allow":["GET"]}}],"collection":[{"href":"https:\/\/www.tvnovelas.com.br\/tvnews\/wp-json\/wp\/v2\/posts"}],"about":[{"href":"https:\/\/www.tvnovelas.com.br\/tvnews\/wp-json\/wp\/v2\/types\/post"}],"author":[{"embeddable":true,"href":"https:\/\/www.tvnovelas.com.br\/tvnews\/wp-json\/wp\/v2\/users\/1"}],"replies":[{"embeddable":true,"href":"https:\/\/www.tvnovelas.com.br\/tvnews\/wp-json\/wp\/v2\/comments?post=24708"}],"version-history":[{"count":0,"href":"https:\/\/www.tvnovelas.com.br\/tvnews\/wp-json\/wp\/v2\/posts\/24708\/revisions"}],"wp:featuredmedia":[{"embeddable":true,"href":"https:\/\/www.tvnovelas.com.br\/tvnews\/wp-json\/wp\/v2\/media\/24709"}],"wp:attachment":[{"href":"https:\/\/www.tvnovelas.com.br\/tvnews\/wp-json\/wp\/v2\/media?parent=24708"}],"wp:term":[{"taxonomy":"category","embeddable":true,"href":"https:\/\/www.tvnovelas.com.br\/tvnews\/wp-json\/wp\/v2\/categories?post=24708"},{"taxonomy":"post_tag","embeddable":true,"href":"https:\/\/www.tvnovelas.com.br\/tvnews\/wp-json\/wp\/v2\/tags?post=24708"}],"curies":[{"name":"wp","href":"https:\/\/api.w.org\/{rel}","templated":true}]}}