{"id":24777,"date":"2022-01-31T15:37:15","date_gmt":"2022-01-31T18:37:15","guid":{"rendered":"https:\/\/www.tvnovelas.com.br\/tvnews\/?p=24777"},"modified":"2022-01-31T18:33:42","modified_gmt":"2022-01-31T21:33:42","slug":"alma-gemea-estreia-no-viva-nesta-segunda-31","status":"publish","type":"post","link":"https:\/\/www.tvnovelas.com.br\/tvnews\/alma-gemea-estreia-no-viva-nesta-segunda-31\/","title":{"rendered":"&#8216;Alma g\u00eamea&#8217; estreia no Viva nesta segunda, 31"},"content":{"rendered":"<p><img data-recalc-dims=\"1\" decoding=\"async\" class=\"alignnone wp-image-24778 size-full\" title=\"(Foto: Reprodu\u00e7\u00e3o\/TV Globo\/Alma G\u00eamea)\" src=\"https:\/\/i0.wp.com\/www.tvnovelas.com.br\/tvnews\/wp-content\/uploads\/2022\/01\/31118.jpg?resize=600%2C360&#038;ssl=1\" alt=\"Priscila Fantin e Eduardo Moscovis, em Alma G\u00eamea\" width=\"600\" height=\"360\" \/><br \/>\nO canal Viva estreia nesta segunda-feira (31\/1), novela &#8216;Alma g\u00eamea&#8217;, de Walcyr Carrasco. A trama tem o casal Serena (Priscila Fantin) e Rafael (Eduardo Moscovis), como protagonistas. A novela , de 2005, ser\u00e1 exibida na faixa das 23h45, com reprise no dia seguinte, \u00e0s 15h. Em 2009, Alma g\u00eamea teve a primeira reprise, no Vale a pena ver de novo.<\/p>\n<p>A trama come\u00e7a na d\u00e9cada de 1920, quando o bot\u00e2nico Rafael e a dan\u00e7arina Luna (Liliana Castro) vivem uma paix\u00e3o \u00e0 primeira vista, se casam e t\u00eam um filho. O casal, por\u00e9m, tem que enfrentar a inveja de Cristina (Fl\u00e1via Alessandra, em bom momento da carreira), governanta na casa de Rafael e prima de Luna. Num assalto, Luna leva um tiro se jogando na frente de Rafael e morre. Ao mesmo tempo, numa aldeia distante nasce a \u00edndia Serena.<\/p>\n<p>A novela d\u00e1 um salto de 20 anos, Serena (Priscila Fantin) resolve ir para a cidade e acaba indo trabalhar como empregada na casa de Rafael. A sintonia entre os dois \u00e9 imediata e logo vira uma paix\u00e3o arrebatadora.<br \/>\n<strong>Saiba mais:<\/strong><br \/>\n<a href=\"https:\/\/tvnovelas.com.br\/page2\/arquivo\/alma-gemea\/\" rel=\"noopener\" target=\"_blank\">Confira a hist\u00f3ria  da novela e os personagens.<\/a><\/p>\n","protected":false},"excerpt":{"rendered":"<p>O canal Viva estreia nesta segunda-feira (31\/1), novela &#8216;Alma g\u00eamea&#8217;, de Walcyr Carrasco. A trama tem o casal Serena (Priscila Fantin) e Rafael (Eduardo&#8230;<\/p>\n","protected":false},"author":1,"featured_media":24778,"comment_status":"closed","ping_status":"closed","sticky":false,"template":"","format":"standard","meta":{"_uf_show_specific_survey":0,"_uf_disable_surveys":false,"_jetpack_memberships_contains_paid_content":false,"footnotes":"","_wp_rev_ctl_limit":""},"categories":[236,286],"tags":[249],"class_list":["post-24777","post","type-post","status-publish","format-standard","has-post-thumbnail","hentry","category-globo","category-globoplay","tag-globoplay","wpcat-236-id","wpcat-286-id"],"aioseo_notices":[],"jetpack_featured_media_url":"https:\/\/i0.wp.com\/www.tvnovelas.com.br\/tvnews\/wp-content\/uploads\/2022\/01\/31118.jpg?fit=600%2C360&ssl=1","jetpack_shortlink":"https:\/\/wp.me\/pdP2BO-6rD","jetpack_sharing_enabled":true,"_links":{"self":[{"href":"https:\/\/www.tvnovelas.com.br\/tvnews\/wp-json\/wp\/v2\/posts\/24777","targetHints":{"allow":["GET"]}}],"collection":[{"href":"https:\/\/www.tvnovelas.com.br\/tvnews\/wp-json\/wp\/v2\/posts"}],"about":[{"href":"https:\/\/www.tvnovelas.com.br\/tvnews\/wp-json\/wp\/v2\/types\/post"}],"author":[{"embeddable":true,"href":"https:\/\/www.tvnovelas.com.br\/tvnews\/wp-json\/wp\/v2\/users\/1"}],"replies":[{"embeddable":true,"href":"https:\/\/www.tvnovelas.com.br\/tvnews\/wp-json\/wp\/v2\/comments?post=24777"}],"version-history":[{"count":0,"href":"https:\/\/www.tvnovelas.com.br\/tvnews\/wp-json\/wp\/v2\/posts\/24777\/revisions"}],"wp:featuredmedia":[{"embeddable":true,"href":"https:\/\/www.tvnovelas.com.br\/tvnews\/wp-json\/wp\/v2\/media\/24778"}],"wp:attachment":[{"href":"https:\/\/www.tvnovelas.com.br\/tvnews\/wp-json\/wp\/v2\/media?parent=24777"}],"wp:term":[{"taxonomy":"category","embeddable":true,"href":"https:\/\/www.tvnovelas.com.br\/tvnews\/wp-json\/wp\/v2\/categories?post=24777"},{"taxonomy":"post_tag","embeddable":true,"href":"https:\/\/www.tvnovelas.com.br\/tvnews\/wp-json\/wp\/v2\/tags?post=24777"}],"curies":[{"name":"wp","href":"https:\/\/api.w.org\/{rel}","templated":true}]}}