{"id":24800,"date":"2022-02-01T10:49:38","date_gmt":"2022-02-01T13:49:38","guid":{"rendered":"https:\/\/www.tvnovelas.com.br\/tvnews\/?p=24800"},"modified":"2022-02-01T10:49:38","modified_gmt":"2022-02-01T13:49:38","slug":"alem-da-ilusao-estreia-nesta-segunda-dia-07-com-o-baile-de-elisa","status":"publish","type":"post","link":"https:\/\/www.tvnovelas.com.br\/tvnews\/alem-da-ilusao-estreia-nesta-segunda-dia-07-com-o-baile-de-elisa\/","title":{"rendered":"\u2018Al\u00e9m da Ilus\u00e3o\u2019 estreia nesta segunda, dia 07, com o baile de Elisa"},"content":{"rendered":"<p>Not\u00edcias de \u2018Al\u00e9m da Ilus\u00e3o\u2019:<br \/>\n<img data-recalc-dims=\"1\" decoding=\"async\" class=\"alignnone wp-image-24801 size-full\" title=\"(Foto: Mauricio Fidalgo\/Globo)\" src=\"https:\/\/i0.wp.com\/www.tvnovelas.com.br\/tvnews\/wp-content\/uploads\/2022\/02\/31125.jpg?resize=600%2C360&#038;ssl=1\" alt=\"Foto de cena em \u2018Al\u00e9m da Ilus\u00e3o\u2019\" width=\"600\" height=\"360\" \/><\/p>\n<p>\u00c9 grande a movimenta\u00e7\u00e3o no Palace Hotel, em Po\u00e7os de Caldas (MG), na v\u00e9spera da festa de 18 anos de Elisa Tapaj\u00f3s (Larissa Manoela), filha do juiz Matias (Antonio Calloni) e de Violeta (Malu Galli). \u00c9 em torno deste cen\u00e1rio que se desenrolam cenas emblem\u00e1ticas do cap\u00edtulo de estreia de \u2018Al\u00e9m da Ilus\u00e3o\u2019, que vai ao ar na segunda-feira, dia 07.<\/p>\n<p>Perto do local, na pra\u00e7a da cidade, Davi Jardim (Rafael Vitti) apresenta seus truques de m\u00e1gica e \u00e9 acompanhado pelo olhar atento de algumas pessoas, entre elas, a menina Isadora (Sofia Budke\/Larissa Manoela), filha mais nova do casal Tapaj\u00f3s. Dorinha, como a crian\u00e7a \u00e9 chamada, acaba sendo volunt\u00e1ria para um dos n\u00fameros de Davi e fica fascinada com os truques do m\u00e1gico.<\/p>\n<p>Depois de ser salvo por Dorinha (Sofia Budke\/Larissa Manoela) de uma enrascada durante sua apresenta\u00e7\u00e3o na pra\u00e7a, Davi (Rafael Vitti) chega \u00e0 pens\u00e3o de Romana (Andrea Dantas), onde est\u00e1 hospedado. L\u00e1, a propriet\u00e1ria e o m\u00e1gico conversam sobre o passado do jovem que, apesar de ser pobre, vem de uma fam\u00edlia de posses que perdeu tudo. Mesmo com forma\u00e7\u00e3o no Exterior, o sonho de Davi \u00e9 se tornar o maior ilusionista de todos os tempos. Vivendo de \u201cbicos\u201d, o m\u00e1gico acaba aceitando a proposta de Romana para trabalhar como gar\u00e7om em um baile de anivers\u00e1rio, sem saber que a festa era da irm\u00e3 de Isadora.<\/p>\n<p>Em meio \u00e0 ansiedade pela chegada da festa, Elisa ter\u00e1 que lidar com a aus\u00eancia da m\u00e3e em seu baile, j\u00e1 que Violeta (Malu Galli) acaba viajando \u00e0s pressas para Campos dos Goytacazes (RJ), depois de receber a not\u00edcia de que seu pai, o velho Afonso Camargo (Lima Duarte), est\u00e1 muito doente. Antes de partir, Violeta tranquiliza a filha, garantindo que nada dar\u00e1 errado e ela ter\u00e1 uma linda festa de anivers\u00e1rio.<\/p>\n<p>Na noite do baile, a sonhadora Elisa (Larissa Manoela) est\u00e1 deslumbrante com seu vestido azul. Mas, ao descobrir que a banda ir\u00e1 atrasar, a aniversariante fica muito triste, imaginando que sua festa ser\u00e1 um fiasco. Ao saber que Davi est\u00e1 no baile trabalhando como gar\u00e7om, Dorinha sugere que o m\u00e1gico se apresente enquanto a banda n\u00e3o chega, entretendo os convidados. Davi topa, e Elisa se encanta com os truques do jovem. \u00c9 desse encontro que surge uma grande paix\u00e3o entre os dois, para a ira de Matias (Antonio Calloni).<\/p>\n<p>\u2018Al\u00e9m da Ilus\u00e3o\u2019 \u00e9 criada e escrita por Alessandra Poggi, com dire\u00e7\u00e3o art\u00edstica de Luiz Henrique Rios. A obra \u00e9 escrita com Adriana Chevalier, Let\u00edcia Mey, Fl\u00e1vio Marinho e Rita Lemgruber. A dire\u00e7\u00e3o geral de Lu\u00eds Felipe S\u00e1 e dire\u00e7\u00e3o de Tande Bressane, Jeferson De e Joana Clark. A produ\u00e7\u00e3o \u00e9 de Mauricio Quaresma e a dire\u00e7\u00e3o de g\u00eanero \u00e9 de Jos\u00e9 Luiz Villamarim.<br \/>\n<a href=\"https:\/\/www.tvnovelas.com.br\/novelas\/resumos-de-alem-da-ilusao\/&quot;\">Confira os resumos da semana de &#8216;Al\u00e9m da Ilus\u00e3o&#8217;<\/a><\/p>\n<p>As cenas v\u00e3o ao ar nos cap\u00edtulos de Al\u00e9m da Ilus\u00e3o a partir de segunda, 07 de fevereiro<br \/>\n<a href=\"https:\/\/www.tvnovelas.com.br\/novelas\/\"><strong>Confira os resumos da semana de todas novelas<\/strong><\/a><br \/>\n<strong style=\"font-size: 120%;\">Saiba mais das novelas:<\/strong><br \/>\n<div class=\"pt-cv-wrapper\"><div class=\"pt-cv-view pt-cv-grid pt-cv-colsys\" id=\"pt-cv-view-90991035b3\"><div data-id=\"pt-cv-page-1\" class=\"pt-cv-page\" data-cvc=\"1\"><div class=\"col-md-12 col-sm-12 col-xs-12 pt-cv-content-item pt-cv-1-col\" ><div class='pt-cv-ifield'><h4 class=\"pt-cv-title\"><a href=\"https:\/\/www.tvnovelas.com.br\/tvnews\/guerra-das-rosas-omer-chama-gulru-vestida-de-noiva-para-fugir\/\" class=\"_self\" target=\"_self\" >Guerra das Rosas: Omer chama Gulru vestida de noiva para fugir<\/a><\/h4><\/div><\/div>\n<div class=\"col-md-12 col-sm-12 col-xs-12 pt-cv-content-item pt-cv-1-col\" ><div class='pt-cv-ifield'><h4 class=\"pt-cv-title\"><a href=\"https:\/\/www.tvnovelas.com.br\/tvnews\/coracao-de-mae-reha-sai-para-jantar-com-selvi\/\" class=\"_self\" target=\"_self\" >Cora\u00e7\u00e3o de M\u00e3e: Reha sai para jantar com Selvi<\/a><\/h4><\/div><\/div>\n<div class=\"col-md-12 col-sm-12 col-xs-12 pt-cv-content-item pt-cv-1-col\" ><div class='pt-cv-ifield'><h4 class=\"pt-cv-title\"><a href=\"https:\/\/www.tvnovelas.com.br\/tvnews\/coracao-acelerado-zila-se-preocupa-com-sua-situacao-apos-separacao\/\" class=\"_self\" target=\"_self\" >Cora\u00e7\u00e3o Acelerado: Zil\u00e1 se preocupa com sua situa\u00e7\u00e3o ap\u00f3s separa\u00e7\u00e3o<\/a><\/h4><\/div><\/div>\n<div class=\"col-md-12 col-sm-12 col-xs-12 pt-cv-content-item pt-cv-1-col\" ><div class='pt-cv-ifield'><h4 class=\"pt-cv-title\"><a href=\"https:\/\/www.tvnovelas.com.br\/tvnews\/a-nobreza-do-amor-tonho-nao-se-curva-diante-de-mirinho\/\" class=\"_self\" target=\"_self\" >A Nobreza do Amor: Tonho n\u00e3o se curva diante de Mirinho<\/a><\/h4><\/div><\/div>\n<div class=\"col-md-12 col-sm-12 col-xs-12 pt-cv-content-item pt-cv-1-col\" ><div class='pt-cv-ifield'><h4 class=\"pt-cv-title\"><a href=\"https:\/\/www.tvnovelas.com.br\/tvnews\/tres-gracas-arminda-surta-ao-confirmar-que-ferette-e-pai-de-raul\/\" class=\"_self\" target=\"_self\" >Tr\u00eas Gra\u00e7as:  Arminda surta ao confirmar que Ferette \u00e9 pai de Raul<\/a><\/h4><\/div><\/div>\n<div class=\"col-md-12 col-sm-12 col-xs-12 pt-cv-content-item pt-cv-1-col\" ><div class='pt-cv-ifield'><h4 class=\"pt-cv-title\"><a href=\"https:\/\/www.tvnovelas.com.br\/tvnews\/coracao-de-mae-atilla-confronta-hasan-e-exige-o-divorcio-de-lale\/\" class=\"_self\" target=\"_self\" >Cora\u00e7\u00e3o de M\u00e3e: Atilla confronta Hasan e exige o div\u00f3rcio de Lale<\/a><\/h4><\/div><\/div>\n<div class=\"col-md-12 col-sm-12 col-xs-12 pt-cv-content-item pt-cv-1-col\" ><div class='pt-cv-ifield'><h4 class=\"pt-cv-title\"><a href=\"https:\/\/www.tvnovelas.com.br\/tvnews\/guerra-das-rosas-gulfem-coloca-gulru-contra-a-parede\/\" class=\"_self\" target=\"_self\" >Guerra das Rosas: Gulfem coloca Gulru contra a parede<\/a><\/h4><\/div><\/div>\n<div class=\"col-md-12 col-sm-12 col-xs-12 pt-cv-content-item pt-cv-1-col\" ><div class='pt-cv-ifield'><h4 class=\"pt-cv-title\"><a href=\"https:\/\/www.tvnovelas.com.br\/tvnews\/coracao-de-mae-atilla-diz-a-lale-que-quer-o-divorcio\/\" class=\"_self\" target=\"_self\" >Cora\u00e7\u00e3o de M\u00e3e: Atilla diz a Lale que quer o div\u00f3rcio<\/a><\/h4><\/div><\/div>\n<div class=\"col-md-12 col-sm-12 col-xs-12 pt-cv-content-item pt-cv-1-col\" ><div class='pt-cv-ifield'><h4 class=\"pt-cv-title\"><a href=\"https:\/\/www.tvnovelas.com.br\/tvnews\/a-nobreza-do-amor-mirinho-garante-noivado-com-virginia-para-atrair-sogro-a-negocio\/\" class=\"_self\" target=\"_self\" >A Nobreza do Amor: Mirinho garante noivado com Virg\u00ednia para atrair sogro a neg\u00f3cio<\/a><\/h4><\/div><\/div>\n<div class=\"col-md-12 col-sm-12 col-xs-12 pt-cv-content-item pt-cv-1-col\" ><div class='pt-cv-ifield'><h4 class=\"pt-cv-title\"><a href=\"https:\/\/www.tvnovelas.com.br\/tvnews\/tres-gracas-joaquim-propoe-fuga-a-arminda-com-o-dinheiro-das-tres-gracas\/\" class=\"_self\" target=\"_self\" >Tr\u00eas Gra\u00e7as:  Joaquim prop\u00f5e fuga a Arminda com o dinheiro das Tr\u00eas Gra\u00e7as<\/a><\/h4><\/div><\/div><\/div><\/div><\/div><br \/>\n<a href=\"http:\/\/tvnovelas.com.br\/filmes\" target=\"_blank\" rel=\"noopener\">Veja tamb\u00e9m: Todas as telas: filmes e s\u00e9ries nos streamings<\/a><\/p>\n","protected":false},"excerpt":{"rendered":"<p>Em Al\u00e9m da Ilus\u00e3o, \u00e9 grande a movimenta\u00e7\u00e3o no Palace Hotel, em Po\u00e7os de Caldas (MG), na v\u00e9spera da festa de 18 anos de Elisa Tapaj\u00f3s (Larissa Manoela)&#8230;<\/p>\n","protected":false},"author":1,"featured_media":24801,"comment_status":"closed","ping_status":"closed","sticky":false,"template":"","format":"standard","meta":{"_uf_show_specific_survey":0,"_uf_disable_surveys":false,"_jetpack_memberships_contains_paid_content":false,"footnotes":"","_wp_rev_ctl_limit":""},"categories":[306],"tags":[307,5,64],"class_list":["post-24800","post","type-post","status-publish","format-standard","has-post-thumbnail","hentry","category-alem-da-ilusao","tag-alem-da-ilusao","tag-globo","tag-novelas","wpcat-306-id"],"aioseo_notices":[],"jetpack_featured_media_url":"https:\/\/i0.wp.com\/www.tvnovelas.com.br\/tvnews\/wp-content\/uploads\/2022\/02\/31125.jpg?fit=600%2C360&ssl=1","jetpack_shortlink":"https:\/\/wp.me\/pdP2BO-6s0","jetpack_sharing_enabled":true,"_links":{"self":[{"href":"https:\/\/www.tvnovelas.com.br\/tvnews\/wp-json\/wp\/v2\/posts\/24800","targetHints":{"allow":["GET"]}}],"collection":[{"href":"https:\/\/www.tvnovelas.com.br\/tvnews\/wp-json\/wp\/v2\/posts"}],"about":[{"href":"https:\/\/www.tvnovelas.com.br\/tvnews\/wp-json\/wp\/v2\/types\/post"}],"author":[{"embeddable":true,"href":"https:\/\/www.tvnovelas.com.br\/tvnews\/wp-json\/wp\/v2\/users\/1"}],"replies":[{"embeddable":true,"href":"https:\/\/www.tvnovelas.com.br\/tvnews\/wp-json\/wp\/v2\/comments?post=24800"}],"version-history":[{"count":0,"href":"https:\/\/www.tvnovelas.com.br\/tvnews\/wp-json\/wp\/v2\/posts\/24800\/revisions"}],"wp:featuredmedia":[{"embeddable":true,"href":"https:\/\/www.tvnovelas.com.br\/tvnews\/wp-json\/wp\/v2\/media\/24801"}],"wp:attachment":[{"href":"https:\/\/www.tvnovelas.com.br\/tvnews\/wp-json\/wp\/v2\/media?parent=24800"}],"wp:term":[{"taxonomy":"category","embeddable":true,"href":"https:\/\/www.tvnovelas.com.br\/tvnews\/wp-json\/wp\/v2\/categories?post=24800"},{"taxonomy":"post_tag","embeddable":true,"href":"https:\/\/www.tvnovelas.com.br\/tvnews\/wp-json\/wp\/v2\/tags?post=24800"}],"curies":[{"name":"wp","href":"https:\/\/api.w.org\/{rel}","templated":true}]}}