{"id":24866,"date":"2022-02-03T09:41:42","date_gmt":"2022-02-03T12:41:42","guid":{"rendered":"https:\/\/www.tvnovelas.com.br\/tvnews\/?p=24866"},"modified":"2022-02-03T09:44:29","modified_gmt":"2022-02-03T12:44:29","slug":"um-lugar-ao-sol-santiago-pede-erica-em-casamento-2","status":"publish","type":"post","link":"https:\/\/www.tvnovelas.com.br\/tvnews\/um-lugar-ao-sol-santiago-pede-erica-em-casamento-2\/","title":{"rendered":"&#8216;Um Lugar ao Sol&#8217;: Santiago pede \u00c9rica em casamento"},"content":{"rendered":"<p><em>Not\u00edcias de Um Lugar ao Sol:<\/em><br \/>\n<img data-recalc-dims=\"1\" decoding=\"async\" class=\"alignnone wp-image-24867 size-full\" title=\"(Foto: TV Globo\/Um Lugar ao Sol)\" src=\"https:\/\/i0.wp.com\/www.tvnovelas.com.br\/tvnews\/wp-content\/uploads\/2022\/02\/31146.jpg?resize=600%2C360&#038;ssl=1\" alt=\"Foto de Santiago e \u00c9rica, em 'Um Lugar ao Sol'\" width=\"600\" height=\"360\" \/><br \/>\nOs autores e c\u00famplices do plano de B\u00e1rbara (Alinne Moraes) para afastar Santiago (Jos\u00e9 de Abreu) e \u00c9rica (Fernanda de Freitas) e<a href=\"https:\/\/www.tvnovelas.com.br\/tvnews\/um-lugar-ao-sol-elenice-avisa-barbara-que-santiago-ja-sabe-da-armacao\/\">st\u00e3o sendo revelados<\/a> em Um Lugar ao Sol. Cec\u00edlia (Fernanda Marques), ap\u00f3s descobrir a verdade, ir\u00e1 contar tudo ao av\u00f4, que vai resolver cada pe\u00e7a do jogo.<\/p>\n<p>Ao desvendar a hist\u00f3ria, o dono do grupo Redentor ir\u00e1 procurar a amada para se desculpar:<\/p>\n<p>&#8220;Eu sei que n\u00e3o tenho o direito de esperar que voc\u00ea me perdoe, mas&#8230; Mesmo assim eu tinha que vir at\u00e9 aqui fazer a minha parte&#8221;.<\/p>\n<p>Ele pedir\u00e1 perd\u00e3o, ainda, pelas filhas e dir\u00e1 que sua \u00fanica &#8220;herdeira adulta&#8221; \u00e9 Rebeca (Andrea Beltr\u00e3o). No mesmo acerto de contas, ele pedir\u00e1 Erica em casamento.<\/p>\n<p>&#8220;Bom, eu sei que voc\u00ea est\u00e1 tocado, mexido com o que aconteceu, mas&#8230; Esse \u00e9 um passo muito s\u00e9rio&#8221;, responder\u00e1 a personal trainer.<\/p>\n<p>&#8220;Tome o tempo que quiser, que precisar, pra pensar&#8221;, acalmar\u00e1 Santiago.<\/p>\n<p>Al\u00e9m de se resolver com \u00c9rica, o empres\u00e1rio ir\u00e1 demitir a governanta da mans\u00e3o dos Assun\u00e7\u00e3o, Mercedes (Angela Figueiredo), por ter sido c\u00famplice do plano de B\u00e1rbara.<\/p>\n<p>&#8220;Uma pessoa \u00e9tica jamais aceitaria tomar parte de um plano s\u00f3rdido desses, nem sob coa\u00e7\u00e3o ou amea\u00e7a. O que voc\u00ea fez \u00e9 indesculp\u00e1vel, e por isso eu pe\u00e7o que voc\u00ea re\u00fana suas coisas e deixe essa casa imediatamente&#8221;, dir\u00e1 Santiago.<\/p>\n<p>A empregada at\u00e9 tentar\u00e1 se desculpar, sem sucesso. Antes de deixar o local, o empres\u00e1rio ainda far\u00e1 mais um pedido:<\/p>\n<p>&#8221; Antes de sair, tente localizar a B\u00e1rbara e pe\u00e7a que ela entre em contato comigo com urg\u00eancia. Ela n\u00e3o est\u00e1 atendendo o celular e, como voc\u00eas duas s\u00e3o c\u00famplices &#8211; ou comparsas &#8211; eu acredito que voc\u00ea consiga falar com ela com mais agilidade&#8221;.<br \/>\n<a href=\"https:\/\/www.tvnovelas.com.br\/novelas\/resumos-de-um-lugar-ao-sol\/\">Confira os resumos da semana de Um Lugar ao Sol<\/a><\/p>\n<p>As cenas v\u00e3o ao ar no cap\u00edtulo desta quinta, 03 de fevereiro<br \/>\n<a href=\"https:\/\/www.tvnovelas.com.br\/novelas\/\"><strong>Confira os resumos da semana de todas novelas<\/strong><\/a><br \/>\n<strong style=\"font-size: 120%;\">Saiba mais das novelas:<\/strong><br \/>\n<div class=\"pt-cv-wrapper\"><div class=\"pt-cv-view pt-cv-grid pt-cv-colsys\" id=\"pt-cv-view-90991035b3\"><div data-id=\"pt-cv-page-1\" class=\"pt-cv-page\" data-cvc=\"1\"><div class=\"col-md-12 col-sm-12 col-xs-12 pt-cv-content-item pt-cv-1-col\" ><div class='pt-cv-ifield'><h4 class=\"pt-cv-title\"><a href=\"https:\/\/www.tvnovelas.com.br\/tvnews\/coracao-de-mae-irmak-inicia-jogo-arriscado-contra-adnan\/\" class=\"_self\" target=\"_self\" >Cora\u00e7\u00e3o de M\u00e3e: Irmak inicia jogo arriscado contra Adnan<\/a><\/h4><\/div><\/div>\n<div class=\"col-md-12 col-sm-12 col-xs-12 pt-cv-content-item pt-cv-1-col\" ><div class='pt-cv-ifield'><h4 class=\"pt-cv-title\"><a href=\"https:\/\/www.tvnovelas.com.br\/tvnews\/guerra-das-rosas-omer-chama-gulru-vestida-de-noiva-para-fugir\/\" class=\"_self\" target=\"_self\" >Guerra das Rosas: Omer chama Gulru vestida de noiva para fugir<\/a><\/h4><\/div><\/div>\n<div class=\"col-md-12 col-sm-12 col-xs-12 pt-cv-content-item pt-cv-1-col\" ><div class='pt-cv-ifield'><h4 class=\"pt-cv-title\"><a href=\"https:\/\/www.tvnovelas.com.br\/tvnews\/coracao-de-mae-reha-sai-para-jantar-com-selvi\/\" class=\"_self\" target=\"_self\" >Cora\u00e7\u00e3o de M\u00e3e: Reha sai para jantar com Selvi<\/a><\/h4><\/div><\/div>\n<div class=\"col-md-12 col-sm-12 col-xs-12 pt-cv-content-item pt-cv-1-col\" ><div class='pt-cv-ifield'><h4 class=\"pt-cv-title\"><a href=\"https:\/\/www.tvnovelas.com.br\/tvnews\/coracao-acelerado-zila-se-preocupa-com-sua-situacao-apos-separacao\/\" class=\"_self\" target=\"_self\" >Cora\u00e7\u00e3o Acelerado: Zil\u00e1 se preocupa com sua situa\u00e7\u00e3o ap\u00f3s separa\u00e7\u00e3o<\/a><\/h4><\/div><\/div>\n<div class=\"col-md-12 col-sm-12 col-xs-12 pt-cv-content-item pt-cv-1-col\" ><div class='pt-cv-ifield'><h4 class=\"pt-cv-title\"><a href=\"https:\/\/www.tvnovelas.com.br\/tvnews\/a-nobreza-do-amor-tonho-nao-se-curva-diante-de-mirinho\/\" class=\"_self\" target=\"_self\" >A Nobreza do Amor: Tonho n\u00e3o se curva diante de Mirinho<\/a><\/h4><\/div><\/div>\n<div class=\"col-md-12 col-sm-12 col-xs-12 pt-cv-content-item pt-cv-1-col\" ><div class='pt-cv-ifield'><h4 class=\"pt-cv-title\"><a href=\"https:\/\/www.tvnovelas.com.br\/tvnews\/tres-gracas-arminda-surta-ao-confirmar-que-ferette-e-pai-de-raul\/\" class=\"_self\" target=\"_self\" >Tr\u00eas Gra\u00e7as:  Arminda surta ao confirmar que Ferette \u00e9 pai de Raul<\/a><\/h4><\/div><\/div>\n<div class=\"col-md-12 col-sm-12 col-xs-12 pt-cv-content-item pt-cv-1-col\" ><div class='pt-cv-ifield'><h4 class=\"pt-cv-title\"><a href=\"https:\/\/www.tvnovelas.com.br\/tvnews\/coracao-de-mae-atilla-confronta-hasan-e-exige-o-divorcio-de-lale\/\" class=\"_self\" target=\"_self\" >Cora\u00e7\u00e3o de M\u00e3e: Atilla confronta Hasan e exige o div\u00f3rcio de Lale<\/a><\/h4><\/div><\/div>\n<div class=\"col-md-12 col-sm-12 col-xs-12 pt-cv-content-item pt-cv-1-col\" ><div class='pt-cv-ifield'><h4 class=\"pt-cv-title\"><a href=\"https:\/\/www.tvnovelas.com.br\/tvnews\/guerra-das-rosas-gulfem-coloca-gulru-contra-a-parede\/\" class=\"_self\" target=\"_self\" >Guerra das Rosas: Gulfem coloca Gulru contra a parede<\/a><\/h4><\/div><\/div>\n<div class=\"col-md-12 col-sm-12 col-xs-12 pt-cv-content-item pt-cv-1-col\" ><div class='pt-cv-ifield'><h4 class=\"pt-cv-title\"><a href=\"https:\/\/www.tvnovelas.com.br\/tvnews\/coracao-de-mae-atilla-diz-a-lale-que-quer-o-divorcio\/\" class=\"_self\" target=\"_self\" >Cora\u00e7\u00e3o de M\u00e3e: Atilla diz a Lale que quer o div\u00f3rcio<\/a><\/h4><\/div><\/div>\n<div class=\"col-md-12 col-sm-12 col-xs-12 pt-cv-content-item pt-cv-1-col\" ><div class='pt-cv-ifield'><h4 class=\"pt-cv-title\"><a href=\"https:\/\/www.tvnovelas.com.br\/tvnews\/a-nobreza-do-amor-mirinho-garante-noivado-com-virginia-para-atrair-sogro-a-negocio\/\" class=\"_self\" target=\"_self\" >A Nobreza do Amor: Mirinho garante noivado com Virg\u00ednia para atrair sogro a neg\u00f3cio<\/a><\/h4><\/div><\/div><\/div><\/div><\/div><br \/>\n<a href=\"http:\/\/tvnovelas.com.br\/filmes\" target=\"_blank\" rel=\"noopener\">Veja tamb\u00e9m: Todas as telas: filmes e s\u00e9ries nos streamings<\/a><\/p>\n","protected":false},"excerpt":{"rendered":"<p>Em Um Lugar ao Sol, os autores e c\u00famplices do plano de B\u00e1rbara (Alinne Moraes) para afastar Santiago (Jos\u00e9 de Abreu) e \u00c9rica (Fernanda de Freitas) est\u00e3o&#8230;<\/p>\n","protected":false},"author":1,"featured_media":24867,"comment_status":"closed","ping_status":"closed","sticky":false,"template":"","format":"standard","meta":{"_uf_show_specific_survey":0,"_uf_disable_surveys":false,"_jetpack_memberships_contains_paid_content":false,"footnotes":"","_wp_rev_ctl_limit":""},"categories":[283],"tags":[5,64,284],"class_list":["post-24866","post","type-post","status-publish","format-standard","has-post-thumbnail","hentry","category-um-lugar-ao-sol","tag-globo","tag-novelas","tag-um-lugar-ao-sol","wpcat-283-id"],"aioseo_notices":[],"jetpack_featured_media_url":"https:\/\/i0.wp.com\/www.tvnovelas.com.br\/tvnews\/wp-content\/uploads\/2022\/02\/31146.jpg?fit=600%2C360&ssl=1","jetpack_shortlink":"https:\/\/wp.me\/pdP2BO-6t4","jetpack_sharing_enabled":true,"_links":{"self":[{"href":"https:\/\/www.tvnovelas.com.br\/tvnews\/wp-json\/wp\/v2\/posts\/24866","targetHints":{"allow":["GET"]}}],"collection":[{"href":"https:\/\/www.tvnovelas.com.br\/tvnews\/wp-json\/wp\/v2\/posts"}],"about":[{"href":"https:\/\/www.tvnovelas.com.br\/tvnews\/wp-json\/wp\/v2\/types\/post"}],"author":[{"embeddable":true,"href":"https:\/\/www.tvnovelas.com.br\/tvnews\/wp-json\/wp\/v2\/users\/1"}],"replies":[{"embeddable":true,"href":"https:\/\/www.tvnovelas.com.br\/tvnews\/wp-json\/wp\/v2\/comments?post=24866"}],"version-history":[{"count":0,"href":"https:\/\/www.tvnovelas.com.br\/tvnews\/wp-json\/wp\/v2\/posts\/24866\/revisions"}],"wp:featuredmedia":[{"embeddable":true,"href":"https:\/\/www.tvnovelas.com.br\/tvnews\/wp-json\/wp\/v2\/media\/24867"}],"wp:attachment":[{"href":"https:\/\/www.tvnovelas.com.br\/tvnews\/wp-json\/wp\/v2\/media?parent=24866"}],"wp:term":[{"taxonomy":"category","embeddable":true,"href":"https:\/\/www.tvnovelas.com.br\/tvnews\/wp-json\/wp\/v2\/categories?post=24866"},{"taxonomy":"post_tag","embeddable":true,"href":"https:\/\/www.tvnovelas.com.br\/tvnews\/wp-json\/wp\/v2\/tags?post=24866"}],"curies":[{"name":"wp","href":"https:\/\/api.w.org\/{rel}","templated":true}]}}