{"id":24915,"date":"2022-02-04T19:00:59","date_gmt":"2022-02-04T22:00:59","guid":{"rendered":"https:\/\/www.tvnovelas.com.br\/tvnews\/?p=24915"},"modified":"2022-02-05T08:53:42","modified_gmt":"2022-02-05T11:53:42","slug":"quanto-mais-vida-melhor-paula-e-expulsa-da-terrari","status":"publish","type":"post","link":"https:\/\/www.tvnovelas.com.br\/tvnews\/quanto-mais-vida-melhor-paula-e-expulsa-da-terrari\/","title":{"rendered":"Quanto Mais Vida, Melhor!: Paula \u00e9 expulsa da Terrari"},"content":{"rendered":"<p><em>Not\u00edcias de Quanto Mais Vida, Melhor!:<\/em><br \/>\n<img data-recalc-dims=\"1\" decoding=\"async\" class=\"alignnone wp-image-24926 size-full\" title=\"(Foto: TV Globo\/'Quanto Mais Vida, Melhor!')\" src=\"https:\/\/i0.wp.com\/www.tvnovelas.com.br\/tvnews\/wp-content\/uploads\/2022\/02\/31166.jpg?resize=600%2C360&#038;ssl=1\" alt=\"Foto da cena, em Quanto Mais Vida, Melhor!\" width=\"600\" height=\"360\" \/><br \/>\nCarmem (Julia Lemmertz) est\u00e1 causando um verdadeiro inferno na vida de Paula (Giovanna Antonelli)! Em &#8220;Quanto Mais Vida, Melhor!&#8221;, a dona da Wollinger conseguiu a presid\u00eancia da Terrare e, consequentemente, passou a assumir o patroc\u00ednio do Am\u00e9rica, time do Nen\u00e9m (Vladimir Brichta).<\/p>\n<p>Outra facada no peito de Paula ser\u00e1 dentro da empresa. Em uma reuni\u00e3o, Carmem reunir\u00e1 os diretores para dizer:<\/p>\n<p>&#8220;Bom, vamos ao que interessa. Depois da experi\u00eancia de ontem, fiquei pensando&#8230; Wollinger \u00e9 um nome t\u00e3o bom&#8230; N\u00e3o precisa de mais nada. E, se n\u00e3o precisa de mais nada, porque ainda usamos o nome Terrare? (&#8230;) Acho que \u00e9 besteira ter duas marcas. Vamos cortar o Terrare.&#8221;<\/p>\n<p>Furiosa com a proposta da &#8220;cascacu&#8221;, Paula deixar\u00e1 claro que Carmem n\u00e3o cortar\u00e1 o nome &#8220;Terrare&#8221; da empresa.:<\/p>\n<p>&#8220;Vou cortar \u00e9 a sua cabe\u00e7a! Ningu\u00e9m vai tirar o nome Terrare! Ouviu bem? Ningu\u00e9m!&#8221;<\/p>\n<p>Paula voar\u00e1 no pesco\u00e7o da sua inimiga e tentar\u00e1 esgan\u00e1-la. ?? Enquanto todos tentar\u00e3o apartar a briga, a verdadeira dona da empresa dir\u00e1: &#8220;Terrare n\u00e3o \u00e9 s\u00f3 um nome. \u00c9 uma hist\u00f3ria. Uma hist\u00f3ria que nasceu nas m\u00e3os de um homem vision\u00e1rio&#8230; Que cresceu gra\u00e7as ao meu esfor\u00e7o, ao meu suor, com o meu talento! Quando voc\u00ea diz que vai cortar esse nome, voc\u00ea t\u00e1 me ofendendo. T\u00e1 ofendendo todos os que deram o sangue por essa empresa. N\u00e3o vou deixar isso acontecer! Nunca!&#8221;<\/p>\n<p>Marcelo (Bruno Cabrerizo) avisar\u00e1 que Carmem est\u00e1 ficando sem ar, e Paula perceber\u00e1 a loucura que est\u00e1 fazendo. Mas ser\u00e1 tarde demais! Seguindo as ordens da platinada, alguns seguran\u00e7as colocar\u00e3o Paula para fora da Terrare.<\/p>\n<p>Diante de Carmem e de todos os diretores, Paula prometer\u00e1:<\/p>\n<p>&#8220;Vou voltar. Vou transformar a Terrare num imp\u00e9rio novamente&#8230; E a\u00ed vou comprar a Wollinger e demitir todos voc\u00eas!&#8221;<\/p>\n<p><em>Em Quanto Mais Vida, Melhor! neste s\u00e1bado, 05:<\/em><br \/>\nGuilherme afirma que vai tirar tudo de Rose. Paula pede para passar a noite com Nen\u00e9m. Roni pensa em usar Gabriel contra Fl\u00e1via. Nen\u00e9m avisa a Paula que aceitar\u00e1 a proposta de Carmem. Nunes e Prado veem Tigr\u00e3o pichando na rua. Guilherme incentiva o filho a se afastar de Tina e ficar contra a m\u00e3e. Odete aconselha Fl\u00e1via a se casar com um homem rico. Tigr\u00e3o se recusa a falar com Rose. Nen\u00e9m enfrenta Roni, que n\u00e3o se intimida. Joana indica uma advogada para ajudar Rose. Paula avan\u00e7a contra Carmem. Nunes e Prado v\u00e3o ao col\u00e9gio falar com Tigr\u00e3o. Leco e Neco levam Roni ao Bar Wollinger. Rose e Guilherme procuram seus novos advogados. Roni amea\u00e7a Gabriel. Paula \u00e9 expulsa da Terrari. A Morte d\u00e1 um recado para Nen\u00e9m, Paula, Fl\u00e1via e Guilherme.<br \/>\nnovelas.com.br\/novelas\/resumos-de-quanto-mais-vida-melhor\/&#8221;&gt;Confira os resumos da semana de Quanto Mais Vida, Melhor!<\/p>\n<p>As cenas v\u00e3o ao ar no cap\u00edtulo de Quanto Mais Vida, Melhor! deste s\u00e1bado, 05 de fevereiro<br \/>\n<a href=\"https:\/\/www.tvnovelas.com.br\/novelas\/\"><strong>Confira os resumos da semana de todas novelas<\/strong><\/a><br \/>\n<strong style=\"font-size: 120%;\">Saiba mais das novelas:<\/strong><br \/>\n<div class=\"pt-cv-wrapper\"><div class=\"pt-cv-view pt-cv-grid pt-cv-colsys\" id=\"pt-cv-view-90991035b3\"><div data-id=\"pt-cv-page-1\" class=\"pt-cv-page\" data-cvc=\"1\"><div class=\"col-md-12 col-sm-12 col-xs-12 pt-cv-content-item pt-cv-1-col\" ><div class='pt-cv-ifield'><h4 class=\"pt-cv-title\"><a href=\"https:\/\/www.tvnovelas.com.br\/tvnews\/tres-gracas-arminda-surta-ao-confirmar-que-ferette-e-pai-de-raul\/\" class=\"_self\" target=\"_self\" >Tr\u00eas Gra\u00e7as:  Arminda surta ao confirmar que Ferette \u00e9 pai de Raul<\/a><\/h4><\/div><\/div>\n<div class=\"col-md-12 col-sm-12 col-xs-12 pt-cv-content-item pt-cv-1-col\" ><div class='pt-cv-ifield'><h4 class=\"pt-cv-title\"><a href=\"https:\/\/www.tvnovelas.com.br\/tvnews\/coracao-de-mae-atilla-confronta-hasan-e-exige-o-divorcio-de-lale\/\" class=\"_self\" target=\"_self\" >Cora\u00e7\u00e3o de M\u00e3e: Atilla confronta Hasan e exige o div\u00f3rcio de Lale<\/a><\/h4><\/div><\/div>\n<div class=\"col-md-12 col-sm-12 col-xs-12 pt-cv-content-item pt-cv-1-col\" ><div class='pt-cv-ifield'><h4 class=\"pt-cv-title\"><a href=\"https:\/\/www.tvnovelas.com.br\/tvnews\/guerra-das-rosas-gulfem-coloca-gulru-contra-a-parede\/\" class=\"_self\" target=\"_self\" >Guerra das Rosas: Gulfem coloca Gulru contra a parede<\/a><\/h4><\/div><\/div>\n<div class=\"col-md-12 col-sm-12 col-xs-12 pt-cv-content-item pt-cv-1-col\" ><div class='pt-cv-ifield'><h4 class=\"pt-cv-title\"><a href=\"https:\/\/www.tvnovelas.com.br\/tvnews\/coracao-de-mae-atilla-diz-a-lale-que-quer-o-divorcio\/\" class=\"_self\" target=\"_self\" >Cora\u00e7\u00e3o de M\u00e3e: Atilla diz a Lale que quer o div\u00f3rcio<\/a><\/h4><\/div><\/div>\n<div class=\"col-md-12 col-sm-12 col-xs-12 pt-cv-content-item pt-cv-1-col\" ><div class='pt-cv-ifield'><h4 class=\"pt-cv-title\"><a href=\"https:\/\/www.tvnovelas.com.br\/tvnews\/a-nobreza-do-amor-mirinho-garante-noivado-com-virginia-para-atrair-sogro-a-negocio\/\" class=\"_self\" target=\"_self\" >A Nobreza do Amor: Mirinho garante noivado com Virg\u00ednia para atrair sogro a neg\u00f3cio<\/a><\/h4><\/div><\/div>\n<div class=\"col-md-12 col-sm-12 col-xs-12 pt-cv-content-item pt-cv-1-col\" ><div class='pt-cv-ifield'><h4 class=\"pt-cv-title\"><a href=\"https:\/\/www.tvnovelas.com.br\/tvnews\/tres-gracas-joaquim-propoe-fuga-a-arminda-com-o-dinheiro-das-tres-gracas\/\" class=\"_self\" target=\"_self\" >Tr\u00eas Gra\u00e7as:  Joaquim prop\u00f5e fuga a Arminda com o dinheiro das Tr\u00eas Gra\u00e7as<\/a><\/h4><\/div><\/div>\n<div class=\"col-md-12 col-sm-12 col-xs-12 pt-cv-content-item pt-cv-1-col\" ><div class='pt-cv-ifield'><h4 class=\"pt-cv-title\"><a href=\"https:\/\/www.tvnovelas.com.br\/tvnews\/coracao-de-mae-atilla-decide-abrir-o-jogo-com-karsu\/\" class=\"_self\" target=\"_self\" >Cora\u00e7\u00e3o de M\u00e3e: Atilla decide abrir o jogo com Karsu<\/a><\/h4><\/div><\/div>\n<div class=\"col-md-12 col-sm-12 col-xs-12 pt-cv-content-item pt-cv-1-col\" ><div class='pt-cv-ifield'><h4 class=\"pt-cv-title\"><a href=\"https:\/\/www.tvnovelas.com.br\/tvnews\/coracao-de-mae-adnan-e-preso-apos-denuncia-de-irmak\/\" class=\"_self\" target=\"_self\" >Em Cora\u00e7\u00e3o de M\u00e3e: Adnan \u00e9 preso ap\u00f3s denuncia de Irmak<\/a><\/h4><\/div><\/div>\n<div class=\"col-md-12 col-sm-12 col-xs-12 pt-cv-content-item pt-cv-1-col\" ><div class='pt-cv-ifield'><h4 class=\"pt-cv-title\"><a href=\"https:\/\/www.tvnovelas.com.br\/tvnews\/coracao-de-mae-atilla-forca-karsu-a-ouvir-suas-explicacoes\/\" class=\"_self\" target=\"_self\" >Cora\u00e7\u00e3o de M\u00e3e: Atilla for\u00e7a Karsu a ouvir suas explica\u00e7\u00f5es<\/a><\/h4><\/div><\/div>\n<div class=\"col-md-12 col-sm-12 col-xs-12 pt-cv-content-item pt-cv-1-col\" ><div class='pt-cv-ifield'><h4 class=\"pt-cv-title\"><a href=\"https:\/\/www.tvnovelas.com.br\/tvnews\/coracao-acelerado-mulher-choca-janete-ao-se-apresentar-como-amante-do-palhares\/\" class=\"_self\" target=\"_self\" >Cora\u00e7\u00e3o Acelerado: Mulher choca Janete ao se apresentar como amante do Palhares<\/a><\/h4><\/div><\/div><\/div><\/div><\/div><br \/>\n<a href=\"http:\/\/tvnovelas.com.br\/filmes\" target=\"_blank\" rel=\"noopener\">Veja tamb\u00e9m: Todas as telas: filmes e s\u00e9ries nos streamings<\/a><\/p>\n","protected":false},"excerpt":{"rendered":"<p>Em Quanto Mais Vida, Melhor!, <\/p>\n","protected":false},"author":1,"featured_media":24926,"comment_status":"closed","ping_status":"closed","sticky":false,"template":"","format":"standard","meta":{"_uf_show_specific_survey":0,"_uf_disable_surveys":false,"_jetpack_memberships_contains_paid_content":false,"footnotes":"","_wp_rev_ctl_limit":""},"categories":[291],"tags":[5,64,292],"class_list":["post-24915","post","type-post","status-publish","format-standard","has-post-thumbnail","hentry","category-quanto-mais-vida-melhor","tag-globo","tag-novelas","tag-quanto-mais-vida","wpcat-291-id"],"aioseo_notices":[],"jetpack_featured_media_url":"https:\/\/i0.wp.com\/www.tvnovelas.com.br\/tvnews\/wp-content\/uploads\/2022\/02\/31166.jpg?fit=600%2C360&ssl=1","jetpack_shortlink":"https:\/\/wp.me\/pdP2BO-6tR","jetpack_sharing_enabled":true,"_links":{"self":[{"href":"https:\/\/www.tvnovelas.com.br\/tvnews\/wp-json\/wp\/v2\/posts\/24915","targetHints":{"allow":["GET"]}}],"collection":[{"href":"https:\/\/www.tvnovelas.com.br\/tvnews\/wp-json\/wp\/v2\/posts"}],"about":[{"href":"https:\/\/www.tvnovelas.com.br\/tvnews\/wp-json\/wp\/v2\/types\/post"}],"author":[{"embeddable":true,"href":"https:\/\/www.tvnovelas.com.br\/tvnews\/wp-json\/wp\/v2\/users\/1"}],"replies":[{"embeddable":true,"href":"https:\/\/www.tvnovelas.com.br\/tvnews\/wp-json\/wp\/v2\/comments?post=24915"}],"version-history":[{"count":0,"href":"https:\/\/www.tvnovelas.com.br\/tvnews\/wp-json\/wp\/v2\/posts\/24915\/revisions"}],"wp:featuredmedia":[{"embeddable":true,"href":"https:\/\/www.tvnovelas.com.br\/tvnews\/wp-json\/wp\/v2\/media\/24926"}],"wp:attachment":[{"href":"https:\/\/www.tvnovelas.com.br\/tvnews\/wp-json\/wp\/v2\/media?parent=24915"}],"wp:term":[{"taxonomy":"category","embeddable":true,"href":"https:\/\/www.tvnovelas.com.br\/tvnews\/wp-json\/wp\/v2\/categories?post=24915"},{"taxonomy":"post_tag","embeddable":true,"href":"https:\/\/www.tvnovelas.com.br\/tvnews\/wp-json\/wp\/v2\/tags?post=24915"}],"curies":[{"name":"wp","href":"https:\/\/api.w.org\/{rel}","templated":true}]}}