{"id":24931,"date":"2022-02-05T09:19:25","date_gmt":"2022-02-05T12:19:25","guid":{"rendered":"https:\/\/www.tvnovelas.com.br\/tvnews\/?p=24931"},"modified":"2022-02-05T09:19:25","modified_gmt":"2022-02-05T12:19:25","slug":"um-lugar-ao-sol-nicole-faz-revelacoes-sobre-acidente-com-barbara","status":"publish","type":"post","link":"https:\/\/www.tvnovelas.com.br\/tvnews\/um-lugar-ao-sol-nicole-faz-revelacoes-sobre-acidente-com-barbara\/","title":{"rendered":"&#8216;Um Lugar ao Sol&#8217;: Nicole faz revela\u00e7\u00f5es sobre &#8216;acidente&#8217; com B\u00e1rbara"},"content":{"rendered":"<p><em>Not\u00edcias de &#8216;Um Lugar ao Sol&#8217;:<\/em><br \/>\n<img data-recalc-dims=\"1\" decoding=\"async\" class=\"alignnone wp-image-24932 size-full\" title=\"(Foto: TV Globo\/'Um Lugar ao Sol')\" src=\"https:\/\/i0.wp.com\/www.tvnovelas.com.br\/tvnews\/wp-content\/uploads\/2022\/02\/31168.jpg?resize=600%2C360&#038;ssl=1\" alt=\"Foto de Nicole, em Um Lugar ao Sol\" width=\"600\" height=\"360\" \/><br \/>\nNicole (Ana Baird) vai chocar Santiago (Jos\u00e9 de Abreu) e toda a fam\u00edlia Assun\u00e7\u00e3o com uma revela\u00e7\u00e3o sobre o acidente de B\u00e1rbara (Alinne Moraes): a dondoca, na verdade, n\u00e3o foi atropelada por Julia (Denise Fraga).<\/p>\n<p>Uma das poucas testemunhas do acidente, Nicole n\u00e3o vai conseguir ficar em sil\u00eancio. Inicialmente, ela ir\u00e1 desabafar com Cec\u00edlia (Fernanda Marques) nos corredores do hospital, que ficar\u00e1 chocada com a narra\u00e7\u00e3o do acidente em detalhes.<\/p>\n<p>O fato \u00e9 que, na discuss\u00e3o por telefone que teve com Christian\/Renato (Cau\u00e3 Reymond), B\u00e1rbara amea\u00e7ou se matar. Logo em seguida, ela se jogou na frente do ve\u00edculo de Julia. Ou seja, o choque foi intencional, e n\u00e3o acidental por conta da bebedeira da cantora frustrada.<\/p>\n<p>&#8220;Uma coisa grave desse tamanho acontece e o que \u00e9 que a gente faz? Varre pra debaixo do tapete?&#8221;, questionar\u00e1 Cec\u00edlia.<\/p>\n<p>Ap\u00f3s a conversa, Nicole ficar\u00e1 confiante e contar\u00e1 tudo para Santiago.<\/p>\n<p>&#8221; A minha irm\u00e3, ent\u00e3o, aos berros, disse que queria morrer, que ia se matar. Eu tinha ido buscar um calmante pra ela no carro e foi muito r\u00e1pido. Quando eu vi, a B\u00e1rbara se jogou na frente de um carro que estava vindo de r\u00e9&#8221;, recordar\u00e1 Nicole, ao conversar com o pai.<\/p>\n<p>Na conversa entre pai e filha, um detalhe vir\u00e1 \u00e0 tona: esta foi a terceira vez que B\u00e1rbara tentou se matar &#8211; as outras duas vezes foram ainda na juventude, diante da morte da m\u00e3e delas. Os dois concordar\u00e3o que ela precisa de ajuda.<\/p>\n<p>&#8220;Eu acho que \u00e9 mais que um aviso, um pedido de socorro. Na verdade, \u00e9 um alarme de emerg\u00eancia&#8221;, alertar\u00e1 Nicole, deixando Santiago sem palavras.<\/p>\n<p>Ap\u00f3s o acidente de carro, B\u00e1rbara correr\u00e1 risco de vida e passar\u00e1 por uma cirurgia de emerg\u00eancia. A situa\u00e7\u00e3o deixar\u00e1 todos apreensivos no hospital, aguardando por not\u00edcias.<\/p>\n<p>&#8220;Eu falei com o m\u00e9dico antes de entrar pra opera\u00e7\u00e3o e ele me disse que h\u00e1 o risco de danos neurol\u00f3gicos, ou mesmo&#8230;&#8221;, dir\u00e1 Santiago, apreensivo.<\/p>\n<p>Rebeca (Andrea Beltr\u00e3o), Renato e \u00c9rica (Fernanda de Freitas) tamb\u00e9m estar\u00e3o no centro m\u00e9dico aguardando novidades.<br \/>\n<a href=\"https:\/\/www.tvnovelas.com.br\/novelas\/resumos-de-um-lugar-ao-sol\/\">Confira os resumos da semana de Um Lugar ao Sol<\/a><\/p>\n<p>As cenas v\u00e3o ao ar no cap\u00edtulo de Um Lugar ao Sol deste s\u00e1bado, 05 de fevereiro<br \/>\n<a href=\"https:\/\/www.tvnovelas.com.br\/novelas\/\"><strong>Confira os resumos da semana de todas novelas<\/strong><\/a><br \/>\n<strong style=\"font-size: 120%;\">Saiba mais das novelas:<\/strong><br \/>\n<div class=\"pt-cv-wrapper\"><div class=\"pt-cv-view pt-cv-grid pt-cv-colsys\" id=\"pt-cv-view-90991035b3\"><div data-id=\"pt-cv-page-1\" class=\"pt-cv-page\" data-cvc=\"1\"><div class=\"col-md-12 col-sm-12 col-xs-12 pt-cv-content-item pt-cv-1-col\" ><div class='pt-cv-ifield'><h4 class=\"pt-cv-title\"><a href=\"https:\/\/www.tvnovelas.com.br\/tvnews\/guerra-das-rosas-omer-chama-gulru-vestida-de-noiva-para-fugir\/\" class=\"_self\" target=\"_self\" >Guerra das Rosas: Omer chama Gulru vestida de noiva para fugir<\/a><\/h4><\/div><\/div>\n<div class=\"col-md-12 col-sm-12 col-xs-12 pt-cv-content-item pt-cv-1-col\" ><div class='pt-cv-ifield'><h4 class=\"pt-cv-title\"><a href=\"https:\/\/www.tvnovelas.com.br\/tvnews\/coracao-de-mae-reha-sai-para-jantar-com-selvi\/\" class=\"_self\" target=\"_self\" >Cora\u00e7\u00e3o de M\u00e3e: Reha sai para jantar com Selvi<\/a><\/h4><\/div><\/div>\n<div class=\"col-md-12 col-sm-12 col-xs-12 pt-cv-content-item pt-cv-1-col\" ><div class='pt-cv-ifield'><h4 class=\"pt-cv-title\"><a href=\"https:\/\/www.tvnovelas.com.br\/tvnews\/coracao-acelerado-zila-se-preocupa-com-sua-situacao-apos-separacao\/\" class=\"_self\" target=\"_self\" >Cora\u00e7\u00e3o Acelerado: Zil\u00e1 se preocupa com sua situa\u00e7\u00e3o ap\u00f3s separa\u00e7\u00e3o<\/a><\/h4><\/div><\/div>\n<div class=\"col-md-12 col-sm-12 col-xs-12 pt-cv-content-item pt-cv-1-col\" ><div class='pt-cv-ifield'><h4 class=\"pt-cv-title\"><a href=\"https:\/\/www.tvnovelas.com.br\/tvnews\/a-nobreza-do-amor-tonho-nao-se-curva-diante-de-mirinho\/\" class=\"_self\" target=\"_self\" >A Nobreza do Amor: Tonho n\u00e3o se curva diante de Mirinho<\/a><\/h4><\/div><\/div>\n<div class=\"col-md-12 col-sm-12 col-xs-12 pt-cv-content-item pt-cv-1-col\" ><div class='pt-cv-ifield'><h4 class=\"pt-cv-title\"><a href=\"https:\/\/www.tvnovelas.com.br\/tvnews\/tres-gracas-arminda-surta-ao-confirmar-que-ferette-e-pai-de-raul\/\" class=\"_self\" target=\"_self\" >Tr\u00eas Gra\u00e7as:  Arminda surta ao confirmar que Ferette \u00e9 pai de Raul<\/a><\/h4><\/div><\/div>\n<div class=\"col-md-12 col-sm-12 col-xs-12 pt-cv-content-item pt-cv-1-col\" ><div class='pt-cv-ifield'><h4 class=\"pt-cv-title\"><a href=\"https:\/\/www.tvnovelas.com.br\/tvnews\/coracao-de-mae-atilla-confronta-hasan-e-exige-o-divorcio-de-lale\/\" class=\"_self\" target=\"_self\" >Cora\u00e7\u00e3o de M\u00e3e: Atilla confronta Hasan e exige o div\u00f3rcio de Lale<\/a><\/h4><\/div><\/div>\n<div class=\"col-md-12 col-sm-12 col-xs-12 pt-cv-content-item pt-cv-1-col\" ><div class='pt-cv-ifield'><h4 class=\"pt-cv-title\"><a href=\"https:\/\/www.tvnovelas.com.br\/tvnews\/guerra-das-rosas-gulfem-coloca-gulru-contra-a-parede\/\" class=\"_self\" target=\"_self\" >Guerra das Rosas: Gulfem coloca Gulru contra a parede<\/a><\/h4><\/div><\/div>\n<div class=\"col-md-12 col-sm-12 col-xs-12 pt-cv-content-item pt-cv-1-col\" ><div class='pt-cv-ifield'><h4 class=\"pt-cv-title\"><a href=\"https:\/\/www.tvnovelas.com.br\/tvnews\/coracao-de-mae-atilla-diz-a-lale-que-quer-o-divorcio\/\" class=\"_self\" target=\"_self\" >Cora\u00e7\u00e3o de M\u00e3e: Atilla diz a Lale que quer o div\u00f3rcio<\/a><\/h4><\/div><\/div>\n<div class=\"col-md-12 col-sm-12 col-xs-12 pt-cv-content-item pt-cv-1-col\" ><div class='pt-cv-ifield'><h4 class=\"pt-cv-title\"><a href=\"https:\/\/www.tvnovelas.com.br\/tvnews\/a-nobreza-do-amor-mirinho-garante-noivado-com-virginia-para-atrair-sogro-a-negocio\/\" class=\"_self\" target=\"_self\" >A Nobreza do Amor: Mirinho garante noivado com Virg\u00ednia para atrair sogro a neg\u00f3cio<\/a><\/h4><\/div><\/div>\n<div class=\"col-md-12 col-sm-12 col-xs-12 pt-cv-content-item pt-cv-1-col\" ><div class='pt-cv-ifield'><h4 class=\"pt-cv-title\"><a href=\"https:\/\/www.tvnovelas.com.br\/tvnews\/tres-gracas-joaquim-propoe-fuga-a-arminda-com-o-dinheiro-das-tres-gracas\/\" class=\"_self\" target=\"_self\" >Tr\u00eas Gra\u00e7as:  Joaquim prop\u00f5e fuga a Arminda com o dinheiro das Tr\u00eas Gra\u00e7as<\/a><\/h4><\/div><\/div><\/div><\/div><\/div><br \/>\n<a href=\"http:\/\/tvnovelas.com.br\/filmes\" target=\"_blank\" rel=\"noopener\">Veja tamb\u00e9m: Todas as telas: filmes e s\u00e9ries nos streamings<\/a><\/p>\n","protected":false},"excerpt":{"rendered":"<p>Em Um Lugar ao Sol, Nicole (Ana Baird) vai chocar Santiago (Jos\u00e9 de Abreu) e toda a fam\u00edlia Assun\u00e7\u00e3o com uma revela\u00e7\u00e3o sobre o acidente de B\u00e1rbara (Alinne&#8230;<\/p>\n","protected":false},"author":1,"featured_media":24932,"comment_status":"closed","ping_status":"closed","sticky":false,"template":"","format":"standard","meta":{"_uf_show_specific_survey":0,"_uf_disable_surveys":false,"_jetpack_memberships_contains_paid_content":false,"footnotes":"","_wp_rev_ctl_limit":""},"categories":[283],"tags":[5,64,284],"class_list":["post-24931","post","type-post","status-publish","format-standard","has-post-thumbnail","hentry","category-um-lugar-ao-sol","tag-globo","tag-novelas","tag-um-lugar-ao-sol","wpcat-283-id"],"aioseo_notices":[],"jetpack_featured_media_url":"https:\/\/i0.wp.com\/www.tvnovelas.com.br\/tvnews\/wp-content\/uploads\/2022\/02\/31168.jpg?fit=600%2C360&ssl=1","jetpack_shortlink":"https:\/\/wp.me\/pdP2BO-6u7","jetpack_sharing_enabled":true,"_links":{"self":[{"href":"https:\/\/www.tvnovelas.com.br\/tvnews\/wp-json\/wp\/v2\/posts\/24931","targetHints":{"allow":["GET"]}}],"collection":[{"href":"https:\/\/www.tvnovelas.com.br\/tvnews\/wp-json\/wp\/v2\/posts"}],"about":[{"href":"https:\/\/www.tvnovelas.com.br\/tvnews\/wp-json\/wp\/v2\/types\/post"}],"author":[{"embeddable":true,"href":"https:\/\/www.tvnovelas.com.br\/tvnews\/wp-json\/wp\/v2\/users\/1"}],"replies":[{"embeddable":true,"href":"https:\/\/www.tvnovelas.com.br\/tvnews\/wp-json\/wp\/v2\/comments?post=24931"}],"version-history":[{"count":0,"href":"https:\/\/www.tvnovelas.com.br\/tvnews\/wp-json\/wp\/v2\/posts\/24931\/revisions"}],"wp:featuredmedia":[{"embeddable":true,"href":"https:\/\/www.tvnovelas.com.br\/tvnews\/wp-json\/wp\/v2\/media\/24932"}],"wp:attachment":[{"href":"https:\/\/www.tvnovelas.com.br\/tvnews\/wp-json\/wp\/v2\/media?parent=24931"}],"wp:term":[{"taxonomy":"category","embeddable":true,"href":"https:\/\/www.tvnovelas.com.br\/tvnews\/wp-json\/wp\/v2\/categories?post=24931"},{"taxonomy":"post_tag","embeddable":true,"href":"https:\/\/www.tvnovelas.com.br\/tvnews\/wp-json\/wp\/v2\/tags?post=24931"}],"curies":[{"name":"wp","href":"https:\/\/api.w.org\/{rel}","templated":true}]}}