{"id":24974,"date":"2022-02-07T15:05:09","date_gmt":"2022-02-07T18:05:09","guid":{"rendered":"https:\/\/www.tvnovelas.com.br\/tvnews\/?p=24974"},"modified":"2022-02-07T15:05:09","modified_gmt":"2022-02-07T18:05:09","slug":"quanto-mais-vida-melhor-nenem-e-paula-guilherme-e-flavia-vao-trocar-de-corpos","status":"publish","type":"post","link":"https:\/\/www.tvnovelas.com.br\/tvnews\/quanto-mais-vida-melhor-nenem-e-paula-guilherme-e-flavia-vao-trocar-de-corpos\/","title":{"rendered":"Quanto Mais Vida, Melhor!: Nen\u00e9m e Paula, Guilherme e Fl\u00e1via v\u00e3o trocar de corpos"},"content":{"rendered":"<p>Not\u00edcias de Quanto Mais Vida, Melhor!<br \/>\n<img data-recalc-dims=\"1\" decoding=\"async\" class=\"alignnone wp-image-24975 size-full\" title=\"(Foto: Estevam Avellar\/TV Globo\/Quanto Mais Vida, Melhor!)\" src=\"https:\/\/i0.wp.com\/www.tvnovelas.com.br\/tvnews\/wp-content\/uploads\/2022\/02\/31182.jpg?resize=600%2C359&#038;ssl=1\" alt=\"Foto dos quatro, em Quanto Mais Vida, Melhor!\" width=\"600\" height=\"359\" \/><br \/>\nA vida de Nen\u00e9m (Vladimir Brichta) e Paula (Giovanna Antonelli), Guilherme (Mateus Solano) e Fl\u00e1via (Valentina Herszage) n\u00e3o est\u00e1 f\u00e1cil. Depois de encontrarem a Morte (A Maia) em um acidente a\u00e9reo e de terem suas vidas entrela\u00e7adas desde ent\u00e3o, os quatro v\u00e3o passar por uma nova experi\u00eancia ins\u00f3lita: uma troca de corpos. A mudan\u00e7a acontecer\u00e1 quando a Morte (A Maia) mexer nas capas dos livros das vidas de cada um deles. Insatisfeita com o comportamento do quatro, que t\u00eam agora menos de um ano para mostrar que merecem permanecer vivos, ela decide fazer a transforma\u00e7\u00e3o, que \u00e9 executada durante uma noite. Ao acordar, a empres\u00e1ria de ramo de cosm\u00e9ticos come\u00e7a a agir como se fosse o jogador de futebol e vice-versa, assim como o m\u00e9dico passa a se comportar como a dan\u00e7arina de pole dance, e ela assume a personalidade dele. Sem entender o que se passa, eles descobrir\u00e3o que est\u00e3o em corpos trocados ao se olharem no espelho.<\/p>\n<p>\u201cAcho que a mudan\u00e7a serve para os quatro observarem suas vidas de fora. Por outro \u00e2ngulo. E entender o que est\u00e3o fazendo de errado. Essa foi a primeira ideia pra novela: uma troca de vidas. Mas s\u00f3 funcionaria depois que o p\u00fablico conhecesse bem os personagens\u201d, revela o autor Mauro Wilson. Ele explica como fez para ajudar elenco e equipe a reconhecerem os personagens nos textos: \u201cCriei um m\u00e9todo pra ningu\u00e9m se enrolar quando escrevia o cap\u00edtulo: come\u00e7ava sempre com o nome do corpo do ator, e, depois, vinha o nome do personagem que estava vivendo dentro dele. Exemplo. Guilherme\/Fl\u00e1via.\u201d<\/p>\n<p>Allan Fiterman, diretor art\u00edstico da novela, diz que a mudan\u00e7a, apesar de trabalhosa, foi um recurso a mais para levar ao ar uma trama leve e divertida. \u201cA mudan\u00e7a de corpos propicia muito a com\u00e9dia! Tenho o privil\u00e9gio de ter quatro protagonistas muito carism\u00e1ticos. E a mudan\u00e7a de corpos foi um desafio. Nos demos as m\u00e3os e fomos juntos. No meio da novela, conseguimos nos organizar para poder gravar com mais calma esse momento crucial. Era muito importante que os atores conseguissem assistir ao trabalho do outro e pudessem, acima de tudo, se divertir\u201d, conta ele.<\/p>\n<p>Para gravar essa transforma\u00e7\u00e3o, os atores ensaiaram a mudan\u00e7a de corpos durante a fase de prepara\u00e7\u00e3o \u00e0s grava\u00e7\u00f5es. \u201cOs quatro protagonistas, al\u00e9m de criarem seus pr\u00f3prios personagens, tinham que estudar como seria interpretar o outro. Outro grande desafio foi conseguir gravar todas as cenas at\u00e9 o cap\u00edtulo 84, para depois gravarmos a transforma\u00e7\u00e3o, o que acreditamos que contribuiria para a interpreta\u00e7\u00e3o do elenco\u201d, relata o diretor.<\/p>\n<p>A mudan\u00e7a ser\u00e1 bem marcada tamb\u00e9m por uma transforma\u00e7\u00e3o no universo de cada personagem nessa nova fase. Al\u00e9m da paleta de cores do figurino, a cenografia, fotografia e trilha sonora de cada um deles tamb\u00e9m vai mudar. \u201cA partir do momento em que Nen\u00e9m assume a alma da Paula, ele passa a ser ela, ent\u00e3o transportamos muito da Paula para ele. Nen\u00e9m come\u00e7a a se vestir com cores fortes e se apropria do \u201clook total\u201d de Paula. As m\u00fasicas e trilhas passam a ser dela. E assim acontece com os outros\u201d, adianta Allan.<\/p>\n<p>Os quatro protagonistas de \u2018Quanto Mais Vida, Melhor!\u2019 ter\u00e3o seus corpos trocados a partir do dia 26 de fevereiro, no s\u00e1bado de Carnaval, data que marca a virada da trama e promete momentos hil\u00e1rios com a inesperada situa\u00e7\u00e3o.<br \/>\n<a href=\"https:\/\/www.tvnovelas.com.br\/novelas\/resumos-de-quanto-mais-vida-melhor\/\">Confira os resumos da semana de Quanto Mais Vida, Melhor!<\/a><\/p>\n<p>As cenas v\u00e3o ao ar no cap\u00edtulo Quanto Mais Vida, Melhor! a partir de 26 de fevereiro<br \/>\n<a href=\"https:\/\/www.tvnovelas.com.br\/novelas\/\"><strong>Confira os resumos da semana de todas novelas<\/strong><\/a><br \/>\n<strong style=\"font-size: 120%;\">Saiba mais das novelas:<\/strong><br \/>\n<div class=\"pt-cv-wrapper\"><div class=\"pt-cv-view pt-cv-grid pt-cv-colsys\" id=\"pt-cv-view-90991035b3\"><div data-id=\"pt-cv-page-1\" class=\"pt-cv-page\" data-cvc=\"1\"><div class=\"col-md-12 col-sm-12 col-xs-12 pt-cv-content-item pt-cv-1-col\" ><div class='pt-cv-ifield'><h4 class=\"pt-cv-title\"><a href=\"https:\/\/www.tvnovelas.com.br\/tvnews\/coracao-de-mae-irmak-inicia-jogo-arriscado-contra-adnan\/\" class=\"_self\" target=\"_self\" >Cora\u00e7\u00e3o de M\u00e3e: Irmak inicia jogo arriscado contra Adnan<\/a><\/h4><\/div><\/div>\n<div class=\"col-md-12 col-sm-12 col-xs-12 pt-cv-content-item pt-cv-1-col\" ><div class='pt-cv-ifield'><h4 class=\"pt-cv-title\"><a href=\"https:\/\/www.tvnovelas.com.br\/tvnews\/guerra-das-rosas-omer-chama-gulru-vestida-de-noiva-para-fugir\/\" class=\"_self\" target=\"_self\" >Guerra das Rosas: Omer chama Gulru vestida de noiva para fugir<\/a><\/h4><\/div><\/div>\n<div class=\"col-md-12 col-sm-12 col-xs-12 pt-cv-content-item pt-cv-1-col\" ><div class='pt-cv-ifield'><h4 class=\"pt-cv-title\"><a href=\"https:\/\/www.tvnovelas.com.br\/tvnews\/coracao-de-mae-reha-sai-para-jantar-com-selvi\/\" class=\"_self\" target=\"_self\" >Cora\u00e7\u00e3o de M\u00e3e: Reha sai para jantar com Selvi<\/a><\/h4><\/div><\/div>\n<div class=\"col-md-12 col-sm-12 col-xs-12 pt-cv-content-item pt-cv-1-col\" ><div class='pt-cv-ifield'><h4 class=\"pt-cv-title\"><a href=\"https:\/\/www.tvnovelas.com.br\/tvnews\/coracao-acelerado-zila-se-preocupa-com-sua-situacao-apos-separacao\/\" class=\"_self\" target=\"_self\" >Cora\u00e7\u00e3o Acelerado: Zil\u00e1 se preocupa com sua situa\u00e7\u00e3o ap\u00f3s separa\u00e7\u00e3o<\/a><\/h4><\/div><\/div>\n<div class=\"col-md-12 col-sm-12 col-xs-12 pt-cv-content-item pt-cv-1-col\" ><div class='pt-cv-ifield'><h4 class=\"pt-cv-title\"><a href=\"https:\/\/www.tvnovelas.com.br\/tvnews\/a-nobreza-do-amor-tonho-nao-se-curva-diante-de-mirinho\/\" class=\"_self\" target=\"_self\" >A Nobreza do Amor: Tonho n\u00e3o se curva diante de Mirinho<\/a><\/h4><\/div><\/div>\n<div class=\"col-md-12 col-sm-12 col-xs-12 pt-cv-content-item pt-cv-1-col\" ><div class='pt-cv-ifield'><h4 class=\"pt-cv-title\"><a href=\"https:\/\/www.tvnovelas.com.br\/tvnews\/tres-gracas-arminda-surta-ao-confirmar-que-ferette-e-pai-de-raul\/\" class=\"_self\" target=\"_self\" >Tr\u00eas Gra\u00e7as:  Arminda surta ao confirmar que Ferette \u00e9 pai de Raul<\/a><\/h4><\/div><\/div>\n<div class=\"col-md-12 col-sm-12 col-xs-12 pt-cv-content-item pt-cv-1-col\" ><div class='pt-cv-ifield'><h4 class=\"pt-cv-title\"><a href=\"https:\/\/www.tvnovelas.com.br\/tvnews\/coracao-de-mae-atilla-confronta-hasan-e-exige-o-divorcio-de-lale\/\" class=\"_self\" target=\"_self\" >Cora\u00e7\u00e3o de M\u00e3e: Atilla confronta Hasan e exige o div\u00f3rcio de Lale<\/a><\/h4><\/div><\/div>\n<div class=\"col-md-12 col-sm-12 col-xs-12 pt-cv-content-item pt-cv-1-col\" ><div class='pt-cv-ifield'><h4 class=\"pt-cv-title\"><a href=\"https:\/\/www.tvnovelas.com.br\/tvnews\/guerra-das-rosas-gulfem-coloca-gulru-contra-a-parede\/\" class=\"_self\" target=\"_self\" >Guerra das Rosas: Gulfem coloca Gulru contra a parede<\/a><\/h4><\/div><\/div>\n<div class=\"col-md-12 col-sm-12 col-xs-12 pt-cv-content-item pt-cv-1-col\" ><div class='pt-cv-ifield'><h4 class=\"pt-cv-title\"><a href=\"https:\/\/www.tvnovelas.com.br\/tvnews\/coracao-de-mae-atilla-diz-a-lale-que-quer-o-divorcio\/\" class=\"_self\" target=\"_self\" >Cora\u00e7\u00e3o de M\u00e3e: Atilla diz a Lale que quer o div\u00f3rcio<\/a><\/h4><\/div><\/div>\n<div class=\"col-md-12 col-sm-12 col-xs-12 pt-cv-content-item pt-cv-1-col\" ><div class='pt-cv-ifield'><h4 class=\"pt-cv-title\"><a href=\"https:\/\/www.tvnovelas.com.br\/tvnews\/a-nobreza-do-amor-mirinho-garante-noivado-com-virginia-para-atrair-sogro-a-negocio\/\" class=\"_self\" target=\"_self\" >A Nobreza do Amor: Mirinho garante noivado com Virg\u00ednia para atrair sogro a neg\u00f3cio<\/a><\/h4><\/div><\/div><\/div><\/div><\/div><br \/>\n<a href=\"http:\/\/tvnovelas.com.br\/filmes\" target=\"_blank\" rel=\"noopener\">Veja tamb\u00e9m: Todas as telas: filmes e s\u00e9ries nos streamings<\/a><\/p>\n","protected":false},"excerpt":{"rendered":"<p>Em Quanto Mais Vida, Melhor!, a vida de Nen\u00e9m (Vladimir Brichta) e Paula (Giovanna Antonelli), Guilherme (Mateus Solano) e Fl\u00e1via (Valentina Herszage)&#8230;<\/p>\n","protected":false},"author":1,"featured_media":24975,"comment_status":"closed","ping_status":"closed","sticky":false,"template":"","format":"standard","meta":{"_uf_show_specific_survey":0,"_uf_disable_surveys":false,"_jetpack_memberships_contains_paid_content":false,"footnotes":"","_wp_rev_ctl_limit":""},"categories":[291],"tags":[5,64,292],"class_list":["post-24974","post","type-post","status-publish","format-standard","has-post-thumbnail","hentry","category-quanto-mais-vida-melhor","tag-globo","tag-novelas","tag-quanto-mais-vida","wpcat-291-id"],"aioseo_notices":[],"jetpack_featured_media_url":"https:\/\/i0.wp.com\/www.tvnovelas.com.br\/tvnews\/wp-content\/uploads\/2022\/02\/31182.jpg?fit=600%2C359&ssl=1","jetpack_shortlink":"https:\/\/wp.me\/pdP2BO-6uO","jetpack_sharing_enabled":true,"_links":{"self":[{"href":"https:\/\/www.tvnovelas.com.br\/tvnews\/wp-json\/wp\/v2\/posts\/24974","targetHints":{"allow":["GET"]}}],"collection":[{"href":"https:\/\/www.tvnovelas.com.br\/tvnews\/wp-json\/wp\/v2\/posts"}],"about":[{"href":"https:\/\/www.tvnovelas.com.br\/tvnews\/wp-json\/wp\/v2\/types\/post"}],"author":[{"embeddable":true,"href":"https:\/\/www.tvnovelas.com.br\/tvnews\/wp-json\/wp\/v2\/users\/1"}],"replies":[{"embeddable":true,"href":"https:\/\/www.tvnovelas.com.br\/tvnews\/wp-json\/wp\/v2\/comments?post=24974"}],"version-history":[{"count":0,"href":"https:\/\/www.tvnovelas.com.br\/tvnews\/wp-json\/wp\/v2\/posts\/24974\/revisions"}],"wp:featuredmedia":[{"embeddable":true,"href":"https:\/\/www.tvnovelas.com.br\/tvnews\/wp-json\/wp\/v2\/media\/24975"}],"wp:attachment":[{"href":"https:\/\/www.tvnovelas.com.br\/tvnews\/wp-json\/wp\/v2\/media?parent=24974"}],"wp:term":[{"taxonomy":"category","embeddable":true,"href":"https:\/\/www.tvnovelas.com.br\/tvnews\/wp-json\/wp\/v2\/categories?post=24974"},{"taxonomy":"post_tag","embeddable":true,"href":"https:\/\/www.tvnovelas.com.br\/tvnews\/wp-json\/wp\/v2\/tags?post=24974"}],"curies":[{"name":"wp","href":"https:\/\/api.w.org\/{rel}","templated":true}]}}