{"id":24989,"date":"2022-02-08T09:10:04","date_gmt":"2022-02-08T12:10:04","guid":{"rendered":"https:\/\/www.tvnovelas.com.br\/tvnews\/?p=24989"},"modified":"2022-02-08T09:10:58","modified_gmt":"2022-02-08T12:10:58","slug":"quanto-mais-vida-melhor-tina-leva-tapa-na-cara-apos-ser-embebedada-por-roni","status":"publish","type":"post","link":"https:\/\/www.tvnovelas.com.br\/tvnews\/quanto-mais-vida-melhor-tina-leva-tapa-na-cara-apos-ser-embebedada-por-roni\/","title":{"rendered":"&#8216;Quanto Mais Vida, Melhor!&#8217;: Tina leva tapa de Jandira ap\u00f3s ser embebedada por Roni"},"content":{"rendered":"<p><em>Not\u00edcias de &#8216;Quanto Mais Vida, Melhor!&#8217;:<\/em><br \/>\n<img data-recalc-dims=\"1\" decoding=\"async\" class=\"alignnone wp-image-24990 size-full\" title=\"(Foto: TV Globo\/'Quanto Mais Vida, Melhor!')\" src=\"https:\/\/i0.wp.com\/www.tvnovelas.com.br\/tvnews\/wp-content\/uploads\/2022\/02\/31187.jpg?resize=600%2C360&#038;ssl=1\" alt=\"Foto de Jandira, em 'Quanto Mais Vida, Melhor!'\" width=\"600\" height=\"360\" \/><br \/>\nRoni (Felipe Abib) saiu da pris\u00e3o decidido a causar problema atr\u00e1s de problema a Nen\u00e9m (Vladimir Brichta). Em &#8220;Quanto Mais Vida, Melhor!&#8221;, ele resolver\u00e1 atingir o irm\u00e3o atrav\u00e9s de Tina (Agnes Brichta), filha mais velha do jogador. Aproveitando que a garota acabou de fazer 18 anos, Roni ir\u00e1 busc\u00e1-la no col\u00e9gio e a levar\u00e1 para a Pulp Fiction.<\/p>\n<p>O problema \u00e9 que ele insistir\u00e1 para ela experimentar alguns drinks. Tina vai aceitar o convite do tio e come\u00e7ar\u00e1 a beber uma caipirinha atr\u00e1s da outra. Quem n\u00e3o gostar\u00e1 nada dessa hist\u00f3ria \u00e9 Betina (Carol Garcia), que faz parte da fam\u00edlia e trabalha como dan\u00e7arina de pole dance na boate. Ela ir\u00e1 at\u00e9 a mesa da menina e chamar\u00e1 a sua aten\u00e7\u00e3o:<\/p>\n<p>&#8220;Tina, voc\u00ea n\u00e3o devia t\u00e1 aqui. Ainda mais bebendo.&#8221;<\/p>\n<p>&#8220;A Tina \u00e9 maior de idade. T\u00e1 tudo certo. Ela \u00e9 a minha convidada de honra&#8221;, dir\u00e1 Roni.<\/p>\n<p>Diante das risadas de Tina, Roni proibir\u00e1 Betina de tirar a garota dali. Inconformada, ela vai ligar para Jandira (Micheli Machado) e contar\u00e1 o que est\u00e1 acontecendo.<\/p>\n<p>Jandira chegar\u00e1 \u00e0 boate e flagrar\u00e1 Tina arriscando alguns passos no pole. A garota ser\u00e1 arrancada de l\u00e1 pela m\u00e3e e ir\u00e1 em dire\u00e7\u00e3o ao banheiro. &#8220;Joga bastante \u00e1gua nesse rosto. Pra diminuir a tua bebedeira. Que vacilo, minha filha&#8221;, dir\u00e1 Jandira.<\/p>\n<p>Quando as duas estar\u00e3o prestes a sair do local, Roni come\u00e7ar\u00e1 a mexer com Jandira: &#8220;Toma um drink comigo. Pelos velhos tempos.&#8221; Tina dir\u00e1 que o tio \u00e9 uma pessoa legal, mas a cozinheira afirmar\u00e1 que ele n\u00e3o passa de um bandido.<\/p>\n<p>&#8220;T\u00e1 parecendo que a m\u00e3e tem uma queda pelo tio Roni&#8221;, comentar\u00e1 Tina.<\/p>\n<p>Jandira perder\u00e1 as estribeiras, dar\u00e1 um tapa na cara da filha e gritar\u00e1: &#8220;Nunca mais fala isso na tua vida!&#8221;.<\/p>\n<p>Arrasada por ter perdido a cabe\u00e7a, Jandira vai at\u00e9 a cal\u00e7ada para chorar. Nesse momento, Nen\u00e9m chegar\u00e1 e ficar\u00e1 sabendo de tudo o que Roni aprontou. Irado, ele prometer\u00e1 resolver essa situa\u00e7\u00e3o de qualquer jeito. O jogador entrar\u00e1 na Pulp Fiction e, bufando de raiva, ordenar\u00e1 ao irm\u00e3o:<\/p>\n<p>&#8220;Quero voc\u00ea bem longe da minha filha!&#8221;<br \/>\n<a href=\"https:\/\/www.tvnovelas.com.br\/novelas\/resumos-de-quanto-mais-vida-melhor\/\">Confira os resumos da semana de Quanto Mais Vida, Melhor!<\/a><\/p>\n<p>As cenas v\u00e3o ao ar no cap\u00edtulo de Quanto Mais Vida, Melhor! desta ter\u00e7a, 08 de fevereiro<br \/>\n<a href=\"https:\/\/www.tvnovelas.com.br\/novelas\/\"><strong>Confira os resumos da semana de todas novelas<\/strong><\/a><br \/>\n<strong style=\"font-size: 120%;\">Saiba mais das novelas:<\/strong><br \/>\n<div class=\"pt-cv-wrapper\"><div class=\"pt-cv-view pt-cv-grid pt-cv-colsys\" id=\"pt-cv-view-90991035b3\"><div data-id=\"pt-cv-page-1\" class=\"pt-cv-page\" data-cvc=\"1\"><div class=\"col-md-12 col-sm-12 col-xs-12 pt-cv-content-item pt-cv-1-col\" ><div class='pt-cv-ifield'><h4 class=\"pt-cv-title\"><a href=\"https:\/\/www.tvnovelas.com.br\/tvnews\/guerra-das-rosas-omer-chama-gulru-vestida-de-noiva-para-fugir\/\" class=\"_self\" target=\"_self\" >Guerra das Rosas: Omer chama Gulru vestida de noiva para fugir<\/a><\/h4><\/div><\/div>\n<div class=\"col-md-12 col-sm-12 col-xs-12 pt-cv-content-item pt-cv-1-col\" ><div class='pt-cv-ifield'><h4 class=\"pt-cv-title\"><a href=\"https:\/\/www.tvnovelas.com.br\/tvnews\/coracao-de-mae-reha-sai-para-jantar-com-selvi\/\" class=\"_self\" target=\"_self\" >Cora\u00e7\u00e3o de M\u00e3e: Reha sai para jantar com Selvi<\/a><\/h4><\/div><\/div>\n<div class=\"col-md-12 col-sm-12 col-xs-12 pt-cv-content-item pt-cv-1-col\" ><div class='pt-cv-ifield'><h4 class=\"pt-cv-title\"><a href=\"https:\/\/www.tvnovelas.com.br\/tvnews\/coracao-acelerado-zila-se-preocupa-com-sua-situacao-apos-separacao\/\" class=\"_self\" target=\"_self\" >Cora\u00e7\u00e3o Acelerado: Zil\u00e1 se preocupa com sua situa\u00e7\u00e3o ap\u00f3s separa\u00e7\u00e3o<\/a><\/h4><\/div><\/div>\n<div class=\"col-md-12 col-sm-12 col-xs-12 pt-cv-content-item pt-cv-1-col\" ><div class='pt-cv-ifield'><h4 class=\"pt-cv-title\"><a href=\"https:\/\/www.tvnovelas.com.br\/tvnews\/a-nobreza-do-amor-tonho-nao-se-curva-diante-de-mirinho\/\" class=\"_self\" target=\"_self\" >A Nobreza do Amor: Tonho n\u00e3o se curva diante de Mirinho<\/a><\/h4><\/div><\/div>\n<div class=\"col-md-12 col-sm-12 col-xs-12 pt-cv-content-item pt-cv-1-col\" ><div class='pt-cv-ifield'><h4 class=\"pt-cv-title\"><a href=\"https:\/\/www.tvnovelas.com.br\/tvnews\/tres-gracas-arminda-surta-ao-confirmar-que-ferette-e-pai-de-raul\/\" class=\"_self\" target=\"_self\" >Tr\u00eas Gra\u00e7as:  Arminda surta ao confirmar que Ferette \u00e9 pai de Raul<\/a><\/h4><\/div><\/div>\n<div class=\"col-md-12 col-sm-12 col-xs-12 pt-cv-content-item pt-cv-1-col\" ><div class='pt-cv-ifield'><h4 class=\"pt-cv-title\"><a href=\"https:\/\/www.tvnovelas.com.br\/tvnews\/coracao-de-mae-atilla-confronta-hasan-e-exige-o-divorcio-de-lale\/\" class=\"_self\" target=\"_self\" >Cora\u00e7\u00e3o de M\u00e3e: Atilla confronta Hasan e exige o div\u00f3rcio de Lale<\/a><\/h4><\/div><\/div>\n<div class=\"col-md-12 col-sm-12 col-xs-12 pt-cv-content-item pt-cv-1-col\" ><div class='pt-cv-ifield'><h4 class=\"pt-cv-title\"><a href=\"https:\/\/www.tvnovelas.com.br\/tvnews\/guerra-das-rosas-gulfem-coloca-gulru-contra-a-parede\/\" class=\"_self\" target=\"_self\" >Guerra das Rosas: Gulfem coloca Gulru contra a parede<\/a><\/h4><\/div><\/div>\n<div class=\"col-md-12 col-sm-12 col-xs-12 pt-cv-content-item pt-cv-1-col\" ><div class='pt-cv-ifield'><h4 class=\"pt-cv-title\"><a href=\"https:\/\/www.tvnovelas.com.br\/tvnews\/coracao-de-mae-atilla-diz-a-lale-que-quer-o-divorcio\/\" class=\"_self\" target=\"_self\" >Cora\u00e7\u00e3o de M\u00e3e: Atilla diz a Lale que quer o div\u00f3rcio<\/a><\/h4><\/div><\/div>\n<div class=\"col-md-12 col-sm-12 col-xs-12 pt-cv-content-item pt-cv-1-col\" ><div class='pt-cv-ifield'><h4 class=\"pt-cv-title\"><a href=\"https:\/\/www.tvnovelas.com.br\/tvnews\/a-nobreza-do-amor-mirinho-garante-noivado-com-virginia-para-atrair-sogro-a-negocio\/\" class=\"_self\" target=\"_self\" >A Nobreza do Amor: Mirinho garante noivado com Virg\u00ednia para atrair sogro a neg\u00f3cio<\/a><\/h4><\/div><\/div>\n<div class=\"col-md-12 col-sm-12 col-xs-12 pt-cv-content-item pt-cv-1-col\" ><div class='pt-cv-ifield'><h4 class=\"pt-cv-title\"><a href=\"https:\/\/www.tvnovelas.com.br\/tvnews\/tres-gracas-joaquim-propoe-fuga-a-arminda-com-o-dinheiro-das-tres-gracas\/\" class=\"_self\" target=\"_self\" >Tr\u00eas Gra\u00e7as:  Joaquim prop\u00f5e fuga a Arminda com o dinheiro das Tr\u00eas Gra\u00e7as<\/a><\/h4><\/div><\/div><\/div><\/div><\/div><br \/>\n<a href=\"http:\/\/tvnovelas.com.br\/filmes\" target=\"_blank\" rel=\"noopener\">Veja tamb\u00e9m: Todas as telas: filmes e s\u00e9ries nos streamings<\/a><\/p>\n","protected":false},"excerpt":{"rendered":"<p>Em Quanto Mais Vida, Melhor!, Roni (Felipe Abib) saiu da pris\u00e3o decidido a causar problema atr\u00e1s de problema a Nen\u00e9m (Vladimir Brichta). Ele resolver\u00e1&#8230;<\/p>\n","protected":false},"author":1,"featured_media":24990,"comment_status":"closed","ping_status":"closed","sticky":false,"template":"","format":"standard","meta":{"_uf_show_specific_survey":0,"_uf_disable_surveys":false,"_jetpack_memberships_contains_paid_content":false,"footnotes":"","_wp_rev_ctl_limit":""},"categories":[291],"tags":[5,64,292],"class_list":["post-24989","post","type-post","status-publish","format-standard","has-post-thumbnail","hentry","category-quanto-mais-vida-melhor","tag-globo","tag-novelas","tag-quanto-mais-vida","wpcat-291-id"],"aioseo_notices":[],"jetpack_featured_media_url":"https:\/\/i0.wp.com\/www.tvnovelas.com.br\/tvnews\/wp-content\/uploads\/2022\/02\/31187.jpg?fit=600%2C360&ssl=1","jetpack_shortlink":"https:\/\/wp.me\/pdP2BO-6v3","jetpack_sharing_enabled":true,"_links":{"self":[{"href":"https:\/\/www.tvnovelas.com.br\/tvnews\/wp-json\/wp\/v2\/posts\/24989","targetHints":{"allow":["GET"]}}],"collection":[{"href":"https:\/\/www.tvnovelas.com.br\/tvnews\/wp-json\/wp\/v2\/posts"}],"about":[{"href":"https:\/\/www.tvnovelas.com.br\/tvnews\/wp-json\/wp\/v2\/types\/post"}],"author":[{"embeddable":true,"href":"https:\/\/www.tvnovelas.com.br\/tvnews\/wp-json\/wp\/v2\/users\/1"}],"replies":[{"embeddable":true,"href":"https:\/\/www.tvnovelas.com.br\/tvnews\/wp-json\/wp\/v2\/comments?post=24989"}],"version-history":[{"count":0,"href":"https:\/\/www.tvnovelas.com.br\/tvnews\/wp-json\/wp\/v2\/posts\/24989\/revisions"}],"wp:featuredmedia":[{"embeddable":true,"href":"https:\/\/www.tvnovelas.com.br\/tvnews\/wp-json\/wp\/v2\/media\/24990"}],"wp:attachment":[{"href":"https:\/\/www.tvnovelas.com.br\/tvnews\/wp-json\/wp\/v2\/media?parent=24989"}],"wp:term":[{"taxonomy":"category","embeddable":true,"href":"https:\/\/www.tvnovelas.com.br\/tvnews\/wp-json\/wp\/v2\/categories?post=24989"},{"taxonomy":"post_tag","embeddable":true,"href":"https:\/\/www.tvnovelas.com.br\/tvnews\/wp-json\/wp\/v2\/tags?post=24989"}],"curies":[{"name":"wp","href":"https:\/\/api.w.org\/{rel}","templated":true}]}}