{"id":24999,"date":"2022-02-08T10:05:43","date_gmt":"2022-02-08T13:05:43","guid":{"rendered":"https:\/\/www.tvnovelas.com.br\/tvnews\/?p=24999"},"modified":"2022-02-08T10:05:43","modified_gmt":"2022-02-08T13:05:43","slug":"novela-mexicana-imperio-de-mentiras-chega-ao-catalogo-do-globoplay","status":"publish","type":"post","link":"https:\/\/www.tvnovelas.com.br\/tvnews\/novela-mexicana-imperio-de-mentiras-chega-ao-catalogo-do-globoplay\/","title":{"rendered":"Novela mexicana &#8216;Imp\u00e9rio de Mentiras&#8217; chega ao cat\u00e1logo do Globoplay"},"content":{"rendered":"<p><em>Not\u00edcias do Globoplay: Imp\u00e9rio de Mentiras:<\/em><br \/>\n<img data-recalc-dims=\"1\" decoding=\"async\" class=\"alignnone wp-image-25000 size-full\" title=\"(Foto: Divulga\u00e7\u00e3o\/Globo)\" src=\"https:\/\/i0.wp.com\/www.tvnovelas.com.br\/tvnews\/wp-content\/uploads\/2022\/02\/31190.jpg?resize=600%2C360&#038;ssl=1\" alt=\"Angelique Boyer como Elisa Cant\u00faem 'Imp\u00e9rio de Mentiras'\" width=\"600\" height=\"360\" \/><br \/>\nA novela mexicana &#8216;Imp\u00e9rio de Mentiras&#8217; passa a integrar o cat\u00e1logo do Globoplay. Estrelada por Angelique Boyer, a produ\u00e7\u00e3o conta com Andr\u00e9s Palacios, Let\u00edcia Calder\u00f3n, Alejandro Camacho, Susana Gonz\u00e1lez, Alejandra Robles, Iv\u00e1n Arana e Michelle Gonz\u00e1lez no elenco. A hist\u00f3ria, produzida por Giselle Gonz\u00e1lez, \u00e9 uma adapta\u00e7\u00e3o do thriller policial turco &#8216;Kara Para Ask&#8217;. A cada semana, o Globoplay vai publicar dez cap\u00edtulos da trama. &#8216;Imp\u00e9rio das Mentiras&#8217; faz parte dos t\u00edtulos exclusivos e in\u00e9ditos que a plataforma vai exibir no Brasil, o que inclui, ainda, &#8216;Amar a Morte&#8217; (2018-2019), que tamb\u00e9m conta com Angelique Boyer como protagonista, e &#8216;Cair em Tenta\u00e7\u00e3o&#8217; (2017-2018).<\/p>\n<p>Um crime envolvendo todos os personagens em meio a uma rede de mentiras e intrigas no melhor estilo de \u2018quem matou?\u2019. Assim come\u00e7a a hist\u00f3ria de Elisa Cant\u00fa (Angelique Boyer), a personagem principal, que v\u00ea seu destino cruzado com o do policial Leonardo Velasco (Andr\u00e9s Palacios), o Leo, depois que seu pai e a esposa de Leonardo s\u00e3o assassinados em circunst\u00e2ncias estranhas.<\/p>\n<p>Ela, uma jovem rica dona de uma galeria de arte em Nova York, precisa assumir a empresa ap\u00f3s a morte do pai. Ele, um agente humilde e honesto, est\u00e1 determinado a descobrir o motivo por tr\u00e1s da morte de sua companheira. Juntos, Elisa e Leo investigam o crime misterioso e descobrem segredos poderosos de um mundo de corrup\u00e7\u00e3o que eles n\u00e3o conheciam. Aprendendo a confiar um no outro, acabam se envolvendo e se apaixonam.<\/p>\n<p>Na trama, Vict\u00f3ria Cant\u00fa (Leticia Calder\u00f3n), \u00e9 a matriarca da fam\u00edlia Cant\u00fa. Vivendo de apar\u00eancias, ela acredita que seu marido lhe tra\u00eda. Renata Cant\u00fa (Susana Gonz\u00e1lez) \u00e9 a irm\u00e3 mais velha da fam\u00edlia e sonha em ser m\u00e3e, mas tem que lidar com traumas e problemas mentais. Maria Jos\u00e9 Cant\u00fa (Alejandra Robles), a Majo, \u00e9 a ca\u00e7ula da fam\u00edlia e leva uma vida despreocupada at\u00e9 ser v\u00edtima de um sequestro. Viver\u00e1 um romance com um dos sequestradores.<\/p>\n<p>Dario Ramirez (Iv\u00e1n Arana) trabalha para a fam\u00edlia Cant\u00fa e far\u00e1 chantagens \u00e0 Elisa por conta do envolvimento de seu pai com neg\u00f3cios il\u00edcitos. Eugenio Serrano (Alejandro Camacho), melhor amigo do falecido empres\u00e1rio, esconde um lado violento e inescrupuloso. Fernanda Navarro (Michelle Gonz\u00e1lez) \u00e9 a secret\u00e1ria do Grupo Cant\u00fa. Considerada uma grande amiga por Elisa(Angelique Boyer), esconde muitas mentiras.<\/p>\n<p>&#8216;Imp\u00e9rio de Mentiras&#8217; foi exibida no M\u00e9xico entre setembro de 2020 e janeiro de 2021.<\/p>\n","protected":false},"excerpt":{"rendered":"<p>A novela mexicana &#8216;Imp\u00e9rio de Mentiras&#8217; passa a integrar o cat\u00e1logo do Globoplay. Estrelada por Angelique Boyer, a produ\u00e7\u00e3o conta com Andr\u00e9s Palacios&#8230;<\/p>\n","protected":false},"author":1,"featured_media":25000,"comment_status":"closed","ping_status":"closed","sticky":false,"template":"","format":"standard","meta":{"_uf_show_specific_survey":0,"_uf_disable_surveys":false,"_jetpack_memberships_contains_paid_content":false,"footnotes":"","_wp_rev_ctl_limit":""},"categories":[286],"tags":[249,64],"class_list":["post-24999","post","type-post","status-publish","format-standard","has-post-thumbnail","hentry","category-globoplay","tag-globoplay","tag-novelas","wpcat-286-id"],"aioseo_notices":[],"jetpack_featured_media_url":"https:\/\/i0.wp.com\/www.tvnovelas.com.br\/tvnews\/wp-content\/uploads\/2022\/02\/31190.jpg?fit=600%2C360&ssl=1","jetpack_shortlink":"https:\/\/wp.me\/pdP2BO-6vd","jetpack_sharing_enabled":true,"_links":{"self":[{"href":"https:\/\/www.tvnovelas.com.br\/tvnews\/wp-json\/wp\/v2\/posts\/24999","targetHints":{"allow":["GET"]}}],"collection":[{"href":"https:\/\/www.tvnovelas.com.br\/tvnews\/wp-json\/wp\/v2\/posts"}],"about":[{"href":"https:\/\/www.tvnovelas.com.br\/tvnews\/wp-json\/wp\/v2\/types\/post"}],"author":[{"embeddable":true,"href":"https:\/\/www.tvnovelas.com.br\/tvnews\/wp-json\/wp\/v2\/users\/1"}],"replies":[{"embeddable":true,"href":"https:\/\/www.tvnovelas.com.br\/tvnews\/wp-json\/wp\/v2\/comments?post=24999"}],"version-history":[{"count":0,"href":"https:\/\/www.tvnovelas.com.br\/tvnews\/wp-json\/wp\/v2\/posts\/24999\/revisions"}],"wp:featuredmedia":[{"embeddable":true,"href":"https:\/\/www.tvnovelas.com.br\/tvnews\/wp-json\/wp\/v2\/media\/25000"}],"wp:attachment":[{"href":"https:\/\/www.tvnovelas.com.br\/tvnews\/wp-json\/wp\/v2\/media?parent=24999"}],"wp:term":[{"taxonomy":"category","embeddable":true,"href":"https:\/\/www.tvnovelas.com.br\/tvnews\/wp-json\/wp\/v2\/categories?post=24999"},{"taxonomy":"post_tag","embeddable":true,"href":"https:\/\/www.tvnovelas.com.br\/tvnews\/wp-json\/wp\/v2\/tags?post=24999"}],"curies":[{"name":"wp","href":"https:\/\/api.w.org\/{rel}","templated":true}]}}