{"id":25005,"date":"2022-02-08T13:18:07","date_gmt":"2022-02-08T16:18:07","guid":{"rendered":"https:\/\/www.tvnovelas.com.br\/tvnews\/?p=25005"},"modified":"2022-02-08T13:18:07","modified_gmt":"2022-02-08T16:18:07","slug":"quanto-mais-vida-melhor-nenem-revela-que-tina-e-filha-de-roni","status":"publish","type":"post","link":"https:\/\/www.tvnovelas.com.br\/tvnews\/quanto-mais-vida-melhor-nenem-revela-que-tina-e-filha-de-roni\/","title":{"rendered":"&#8216;Quanto Mais Vida, Melhor!&#8217;: Nen\u00e9m revela que Tina \u00e9 filha de Roni"},"content":{"rendered":"<p><em>Not\u00edcias de &#8216;Quanto Mais Vida, Melhor!&#8217;:<\/em><br \/>\n<img data-recalc-dims=\"1\" decoding=\"async\" class=\"alignnone wp-image-25006 size-full\" title=\"(Foto: TV Globo\/'Quanto Mais Vida, Melhor!')\" src=\"https:\/\/i0.wp.com\/www.tvnovelas.com.br\/tvnews\/wp-content\/uploads\/2022\/02\/31193.jpg?resize=600%2C360&#038;ssl=1\" alt=\"Foto de Nen\u00e9m, em 'Quanto Mais Vida, Melhor!'\" width=\"600\" height=\"360\" \/><br \/>\nRoni (Felipe Abib) vai passar de todos os limites em &#8220;Quanto Mais Vida, Melhor!&#8221;. Dessa vez, ele levar\u00e1 Tina (Agnes Brichta) para a Pulp Fiction e insistir\u00e1 para que ela beba v\u00e1rios drinks. Resultado: a garota, que mal completou 18 anos, ficar\u00e1 embriagada. E isso gerar\u00e1 um verdadeiro caos na fam\u00edlia.<\/p>\n<p>Nen\u00e9m (Vladimir Brichta) e Jandira (Micheli Machado) ficar\u00e3o furiosos com Roni e arrancar\u00e3o Tina da boate. Nedda (Elizabeth Savala), que ficar\u00e1 de ouvidos bem ligados na conversa dos dois, vai perceber que tem algo de estranho no ar:<\/p>\n<p>&#8220;N\u00e3o gosto de ser feita de boba, Nen\u00e9m. N\u00e3o \u00e9 de hoje que desconfio que voc\u00ea e a Jandira sabem alguma coisa sobre Roni que eu n\u00e3o sei. Alguma coisa grave. Eu quero saber o que \u00e9!&#8221;<\/p>\n<p>O jogador acatar\u00e1 o pedido da m\u00e3e e far\u00e1 uma grande revela\u00e7\u00e3o:<\/p>\n<p>&#8220;A Tina n\u00e3o \u00e9 minha filha. (&#8230;) A Tina \u00e9 filha da Jandira&#8230; Com o Roni.&#8221;<\/p>\n<p>Nen\u00e9m dir\u00e1 que Roni n\u00e3o sabe que \u00e9 pai da menina e pedir\u00e1 segredo \u00e0 m\u00e3e.<\/p>\n<p>Quem n\u00e3o gostar\u00e1 nada dessa hist\u00f3ria \u00e9 Jandira, que n\u00e3o concordar\u00e1 com a atitude do ex. Preocupada com as consequ\u00eancias desse ato, ela desabafar\u00e1: &#8220;A Nedda pode contar tudo pro Roni. E pra Tina.&#8221;<br \/>\n<a href=\"https:\/\/www.tvnovelas.com.br\/novelas\/resumos-de-quanto-mais-vida-melhor\/\">Confira os resumos da semana de Quanto Mais Vida, Melhor!<\/a><\/p>\n<p>As cenas v\u00e3o ao ar no cap\u00edtulo de Quanto Mais Vida, Melhor! desta ter\u00e7a, 08 de fevereiro<br \/>\n<a href=\"https:\/\/www.tvnovelas.com.br\/novelas\/\"><strong>Confira os resumos da semana de todas novelas<\/strong><\/a><br \/>\n<strong style=\"font-size: 120%;\">Saiba mais das novelas:<\/strong><br \/>\n<div class=\"pt-cv-wrapper\"><div class=\"pt-cv-view pt-cv-grid pt-cv-colsys\" id=\"pt-cv-view-90991035b3\"><div data-id=\"pt-cv-page-1\" class=\"pt-cv-page\" data-cvc=\"1\"><div class=\"col-md-12 col-sm-12 col-xs-12 pt-cv-content-item pt-cv-1-col\" ><div class='pt-cv-ifield'><h4 class=\"pt-cv-title\"><a href=\"https:\/\/www.tvnovelas.com.br\/tvnews\/guerra-das-rosas-omer-chama-gulru-vestida-de-noiva-para-fugir\/\" class=\"_self\" target=\"_self\" >Guerra das Rosas: Omer chama Gulru vestida de noiva para fugir<\/a><\/h4><\/div><\/div>\n<div class=\"col-md-12 col-sm-12 col-xs-12 pt-cv-content-item pt-cv-1-col\" ><div class='pt-cv-ifield'><h4 class=\"pt-cv-title\"><a href=\"https:\/\/www.tvnovelas.com.br\/tvnews\/coracao-de-mae-reha-sai-para-jantar-com-selvi\/\" class=\"_self\" target=\"_self\" >Cora\u00e7\u00e3o de M\u00e3e: Reha sai para jantar com Selvi<\/a><\/h4><\/div><\/div>\n<div class=\"col-md-12 col-sm-12 col-xs-12 pt-cv-content-item pt-cv-1-col\" ><div class='pt-cv-ifield'><h4 class=\"pt-cv-title\"><a href=\"https:\/\/www.tvnovelas.com.br\/tvnews\/coracao-acelerado-zila-se-preocupa-com-sua-situacao-apos-separacao\/\" class=\"_self\" target=\"_self\" >Cora\u00e7\u00e3o Acelerado: Zil\u00e1 se preocupa com sua situa\u00e7\u00e3o ap\u00f3s separa\u00e7\u00e3o<\/a><\/h4><\/div><\/div>\n<div class=\"col-md-12 col-sm-12 col-xs-12 pt-cv-content-item pt-cv-1-col\" ><div class='pt-cv-ifield'><h4 class=\"pt-cv-title\"><a href=\"https:\/\/www.tvnovelas.com.br\/tvnews\/a-nobreza-do-amor-tonho-nao-se-curva-diante-de-mirinho\/\" class=\"_self\" target=\"_self\" >A Nobreza do Amor: Tonho n\u00e3o se curva diante de Mirinho<\/a><\/h4><\/div><\/div>\n<div class=\"col-md-12 col-sm-12 col-xs-12 pt-cv-content-item pt-cv-1-col\" ><div class='pt-cv-ifield'><h4 class=\"pt-cv-title\"><a href=\"https:\/\/www.tvnovelas.com.br\/tvnews\/tres-gracas-arminda-surta-ao-confirmar-que-ferette-e-pai-de-raul\/\" class=\"_self\" target=\"_self\" >Tr\u00eas Gra\u00e7as:  Arminda surta ao confirmar que Ferette \u00e9 pai de Raul<\/a><\/h4><\/div><\/div>\n<div class=\"col-md-12 col-sm-12 col-xs-12 pt-cv-content-item pt-cv-1-col\" ><div class='pt-cv-ifield'><h4 class=\"pt-cv-title\"><a href=\"https:\/\/www.tvnovelas.com.br\/tvnews\/coracao-de-mae-atilla-confronta-hasan-e-exige-o-divorcio-de-lale\/\" class=\"_self\" target=\"_self\" >Cora\u00e7\u00e3o de M\u00e3e: Atilla confronta Hasan e exige o div\u00f3rcio de Lale<\/a><\/h4><\/div><\/div>\n<div class=\"col-md-12 col-sm-12 col-xs-12 pt-cv-content-item pt-cv-1-col\" ><div class='pt-cv-ifield'><h4 class=\"pt-cv-title\"><a href=\"https:\/\/www.tvnovelas.com.br\/tvnews\/guerra-das-rosas-gulfem-coloca-gulru-contra-a-parede\/\" class=\"_self\" target=\"_self\" >Guerra das Rosas: Gulfem coloca Gulru contra a parede<\/a><\/h4><\/div><\/div>\n<div class=\"col-md-12 col-sm-12 col-xs-12 pt-cv-content-item pt-cv-1-col\" ><div class='pt-cv-ifield'><h4 class=\"pt-cv-title\"><a href=\"https:\/\/www.tvnovelas.com.br\/tvnews\/coracao-de-mae-atilla-diz-a-lale-que-quer-o-divorcio\/\" class=\"_self\" target=\"_self\" >Cora\u00e7\u00e3o de M\u00e3e: Atilla diz a Lale que quer o div\u00f3rcio<\/a><\/h4><\/div><\/div>\n<div class=\"col-md-12 col-sm-12 col-xs-12 pt-cv-content-item pt-cv-1-col\" ><div class='pt-cv-ifield'><h4 class=\"pt-cv-title\"><a href=\"https:\/\/www.tvnovelas.com.br\/tvnews\/a-nobreza-do-amor-mirinho-garante-noivado-com-virginia-para-atrair-sogro-a-negocio\/\" class=\"_self\" target=\"_self\" >A Nobreza do Amor: Mirinho garante noivado com Virg\u00ednia para atrair sogro a neg\u00f3cio<\/a><\/h4><\/div><\/div>\n<div class=\"col-md-12 col-sm-12 col-xs-12 pt-cv-content-item pt-cv-1-col\" ><div class='pt-cv-ifield'><h4 class=\"pt-cv-title\"><a href=\"https:\/\/www.tvnovelas.com.br\/tvnews\/tres-gracas-joaquim-propoe-fuga-a-arminda-com-o-dinheiro-das-tres-gracas\/\" class=\"_self\" target=\"_self\" >Tr\u00eas Gra\u00e7as:  Joaquim prop\u00f5e fuga a Arminda com o dinheiro das Tr\u00eas Gra\u00e7as<\/a><\/h4><\/div><\/div><\/div><\/div><\/div><br \/>\n<a href=\"http:\/\/tvnovelas.com.br\/filmes\" target=\"_blank\" rel=\"noopener\">Veja tamb\u00e9m: Todas as telas: filmes e s\u00e9ries nos streamings<\/a><\/p>\n","protected":false},"excerpt":{"rendered":"<p>Roni (Felipe Abib) vai passar de todos os limites em &#8220;Quanto Mais Vida, Melhor!&#8221;. Dessa vez, ele levar\u00e1 Tina (Agnes Brichta) para a Pulp Fiction e insistir\u00e1 para&#8230;.<\/p>\n","protected":false},"author":1,"featured_media":25006,"comment_status":"closed","ping_status":"closed","sticky":false,"template":"","format":"standard","meta":{"_uf_show_specific_survey":0,"_uf_disable_surveys":false,"_jetpack_memberships_contains_paid_content":false,"footnotes":"","_wp_rev_ctl_limit":""},"categories":[291],"tags":[5,64,292],"class_list":["post-25005","post","type-post","status-publish","format-standard","has-post-thumbnail","hentry","category-quanto-mais-vida-melhor","tag-globo","tag-novelas","tag-quanto-mais-vida","wpcat-291-id"],"aioseo_notices":[],"jetpack_featured_media_url":"https:\/\/i0.wp.com\/www.tvnovelas.com.br\/tvnews\/wp-content\/uploads\/2022\/02\/31193.jpg?fit=600%2C360&ssl=1","jetpack_shortlink":"https:\/\/wp.me\/pdP2BO-6vj","jetpack_sharing_enabled":true,"_links":{"self":[{"href":"https:\/\/www.tvnovelas.com.br\/tvnews\/wp-json\/wp\/v2\/posts\/25005","targetHints":{"allow":["GET"]}}],"collection":[{"href":"https:\/\/www.tvnovelas.com.br\/tvnews\/wp-json\/wp\/v2\/posts"}],"about":[{"href":"https:\/\/www.tvnovelas.com.br\/tvnews\/wp-json\/wp\/v2\/types\/post"}],"author":[{"embeddable":true,"href":"https:\/\/www.tvnovelas.com.br\/tvnews\/wp-json\/wp\/v2\/users\/1"}],"replies":[{"embeddable":true,"href":"https:\/\/www.tvnovelas.com.br\/tvnews\/wp-json\/wp\/v2\/comments?post=25005"}],"version-history":[{"count":0,"href":"https:\/\/www.tvnovelas.com.br\/tvnews\/wp-json\/wp\/v2\/posts\/25005\/revisions"}],"wp:featuredmedia":[{"embeddable":true,"href":"https:\/\/www.tvnovelas.com.br\/tvnews\/wp-json\/wp\/v2\/media\/25006"}],"wp:attachment":[{"href":"https:\/\/www.tvnovelas.com.br\/tvnews\/wp-json\/wp\/v2\/media?parent=25005"}],"wp:term":[{"taxonomy":"category","embeddable":true,"href":"https:\/\/www.tvnovelas.com.br\/tvnews\/wp-json\/wp\/v2\/categories?post=25005"},{"taxonomy":"post_tag","embeddable":true,"href":"https:\/\/www.tvnovelas.com.br\/tvnews\/wp-json\/wp\/v2\/tags?post=25005"}],"curies":[{"name":"wp","href":"https:\/\/api.w.org\/{rel}","templated":true}]}}