{"id":25043,"date":"2022-02-10T09:12:27","date_gmt":"2022-02-10T12:12:27","guid":{"rendered":"https:\/\/www.tvnovelas.com.br\/tvnews\/?p=25043"},"modified":"2022-02-10T09:12:27","modified_gmt":"2022-02-10T12:12:27","slug":"alem-da-ilusao-afonso-faz-revelacao-a-heloisa-em-seu-leito-de-morte","status":"publish","type":"post","link":"https:\/\/www.tvnovelas.com.br\/tvnews\/alem-da-ilusao-afonso-faz-revelacao-a-heloisa-em-seu-leito-de-morte\/","title":{"rendered":"&#8216;Al\u00e9m da Ilus\u00e3o&#8217;: Afonso faz revela\u00e7\u00e3o a Helo\u00edsa em seu leito de morte"},"content":{"rendered":"<p><em>Not\u00edcias de &#8216;Al\u00e9m da Ilus\u00e3o&#8217;:<\/em><br \/>\n<img data-recalc-dims=\"1\" decoding=\"async\" class=\"alignnone wp-image-25044 size-full\" title=\"(Foto: TV Globo\/'Al\u00e9m da Ilus\u00e3o')\" src=\"https:\/\/i0.wp.com\/www.tvnovelas.com.br\/tvnews\/wp-content\/uploads\/2022\/02\/31206.jpg?resize=600%2C364&#038;ssl=1\" alt=\"Foto de Afonso, em Al\u00e9m da Ilus\u00e3o\" width=\"600\" height=\"364\" \/><br \/>\nEm &#8220;Al\u00e9m da Ilus\u00e3o&#8221;, Helo\u00edsa (Paloma Duarte) vive amargurada desde que sua filha rec\u00e9m-nascida foi arrancada de seus bra\u00e7os por Afonso (Lima Duarte) no passado. Revoltado com a gravidez da filha e por n\u00e3o saber o nome do pai da crian\u00e7a, ele sumiu com a menina sem deixar rastros&#8230; S\u00f3 que fortes emo\u00e7\u00f5es aguardam Helo\u00edsa: o coronel dir\u00e1 a ela que sempre soube onde sua neta est\u00e1!<\/p>\n<p>Tudo come\u00e7a, quando, angustiando com a proximidade da morte, Afonso chama o padre Romeu (Emiliano Queiroz) para lhe dar a extrema-un\u00e7\u00e3o. Durante a sua confiss\u00e3o, o coronel revela que sumiu com a netinha e se arrepende do que fez com Helo\u00edsa. O padre, ent\u00e3o, o orienta a se redimir com a filha e contar toda a verdade enquanto h\u00e1 tempo.<\/p>\n<p>Decidido a pedir perd\u00e3o \u00e0 filha, Afonso a chama em seu quarto:<\/p>\n<p>&#8220;Senta aqui ao meu lado. Te chamei aqui para pedir perd\u00e3o, minha filha&#8221;, dir\u00e1 Afonso.<\/p>\n<p>Helo\u00edsa sentir\u00e1 o impacto e dir\u00e1 que ele n\u00e3o precisa falar. O coronel insistir\u00e1. As mem\u00f3rias do passado, ent\u00e3o, v\u00e3o voltar \u00e0 tona, mexendo com a emo\u00e7\u00e3o dos dois.<\/p>\n<p>&#8220;Naquele dia eu estava com a cabe\u00e7a quente. Minha filha mais nova dando \u00e0 luz uma crian\u00e7a sem pai. Enchi a cara de cacha\u00e7a pra ver se passava a vergonha. Mas n\u00e3o passou&#8221;, lembrar\u00e1 Afonso.<\/p>\n<p>O coronel vai recordar que, na \u00e9poca, queria saber o nome do pai da crian\u00e7a, mas Helo\u00edsa se negou a dizer, o deixando furioso.<\/p>\n<p>&#8220;De que adianta reconhecer esse erro agora, tantos anos depois? Quer meu perd\u00e3o para morrer em paz? Desculpa, mas n\u00e3o vai ter&#8221;, falar\u00e1 Helo\u00edsa.<\/p>\n<p>Afonso sentir\u00e1 o baque e come\u00e7ar\u00e1 a piorar, com falta de ar.<\/p>\n<p>&#8220;Eu sei&#8230; Eu sempre soube, Helo\u00edsa&#8230;&#8221;, contar\u00e1, tossindo.<\/p>\n<p>&#8220;Soube o qu\u00ea? Nada mais importa agora&#8221;, responder\u00e1 ela.<\/p>\n<p>\u00c9 a\u00ed que Afonso far\u00e1 uma revela\u00e7\u00e3o bomb\u00e1stica para a filha:<\/p>\n<p>&#8220;Sempre soube onde ela est\u00e1&#8221;, afirmar\u00e1 ele.<\/p>\n<p>&#8220;O que est\u00e1 dizendo? Sabe onde est\u00e1 a minha filha? Sempre jurou que n\u00e3o sabia! Sempre disse que ela foi adotada por desconhecidos, que n\u00e3o deixaram nome ou endere\u00e7o. Onde ela est\u00e1? Com quem ela est\u00e1?&#8221;<br \/>\n<a href=\"https:\/\/www.tvnovelas.com.br\/novelas\/resumos-de-alem-da-ilusao\/\">Confira os resumos da semana de &#8216;Al\u00e9m da Ilus\u00e3o&#8217;<\/a><\/p>\n<p>As cenas v\u00e3o ao ar no cap\u00edtulo de Al\u00e9m da Ilus\u00e3o desta quinta, 10 de fevereiro<br \/>\n<a href=\"https:\/\/www.tvnovelas.com.br\/novelas\/\"><strong>Confira os resumos da semana de todas novelas<\/strong><\/a><br \/>\n<strong style=\"font-size: 120%;\">Saiba mais das novelas:<\/strong><br \/>\n<div class=\"pt-cv-wrapper\"><div class=\"pt-cv-view pt-cv-grid pt-cv-colsys\" id=\"pt-cv-view-90991035b3\"><div data-id=\"pt-cv-page-1\" class=\"pt-cv-page\" data-cvc=\"1\"><div class=\"col-md-12 col-sm-12 col-xs-12 pt-cv-content-item pt-cv-1-col\" ><div class='pt-cv-ifield'><h4 class=\"pt-cv-title\"><a href=\"https:\/\/www.tvnovelas.com.br\/tvnews\/guerra-das-rosas-omer-chama-gulru-vestida-de-noiva-para-fugir\/\" class=\"_self\" target=\"_self\" >Guerra das Rosas: Omer chama Gulru vestida de noiva para fugir<\/a><\/h4><\/div><\/div>\n<div class=\"col-md-12 col-sm-12 col-xs-12 pt-cv-content-item pt-cv-1-col\" ><div class='pt-cv-ifield'><h4 class=\"pt-cv-title\"><a href=\"https:\/\/www.tvnovelas.com.br\/tvnews\/coracao-de-mae-reha-sai-para-jantar-com-selvi\/\" class=\"_self\" target=\"_self\" >Cora\u00e7\u00e3o de M\u00e3e: Reha sai para jantar com Selvi<\/a><\/h4><\/div><\/div>\n<div class=\"col-md-12 col-sm-12 col-xs-12 pt-cv-content-item pt-cv-1-col\" ><div class='pt-cv-ifield'><h4 class=\"pt-cv-title\"><a href=\"https:\/\/www.tvnovelas.com.br\/tvnews\/coracao-acelerado-zila-se-preocupa-com-sua-situacao-apos-separacao\/\" class=\"_self\" target=\"_self\" >Cora\u00e7\u00e3o Acelerado: Zil\u00e1 se preocupa com sua situa\u00e7\u00e3o ap\u00f3s separa\u00e7\u00e3o<\/a><\/h4><\/div><\/div>\n<div class=\"col-md-12 col-sm-12 col-xs-12 pt-cv-content-item pt-cv-1-col\" ><div class='pt-cv-ifield'><h4 class=\"pt-cv-title\"><a href=\"https:\/\/www.tvnovelas.com.br\/tvnews\/a-nobreza-do-amor-tonho-nao-se-curva-diante-de-mirinho\/\" class=\"_self\" target=\"_self\" >A Nobreza do Amor: Tonho n\u00e3o se curva diante de Mirinho<\/a><\/h4><\/div><\/div>\n<div class=\"col-md-12 col-sm-12 col-xs-12 pt-cv-content-item pt-cv-1-col\" ><div class='pt-cv-ifield'><h4 class=\"pt-cv-title\"><a href=\"https:\/\/www.tvnovelas.com.br\/tvnews\/tres-gracas-arminda-surta-ao-confirmar-que-ferette-e-pai-de-raul\/\" class=\"_self\" target=\"_self\" >Tr\u00eas Gra\u00e7as:  Arminda surta ao confirmar que Ferette \u00e9 pai de Raul<\/a><\/h4><\/div><\/div>\n<div class=\"col-md-12 col-sm-12 col-xs-12 pt-cv-content-item pt-cv-1-col\" ><div class='pt-cv-ifield'><h4 class=\"pt-cv-title\"><a href=\"https:\/\/www.tvnovelas.com.br\/tvnews\/coracao-de-mae-atilla-confronta-hasan-e-exige-o-divorcio-de-lale\/\" class=\"_self\" target=\"_self\" >Cora\u00e7\u00e3o de M\u00e3e: Atilla confronta Hasan e exige o div\u00f3rcio de Lale<\/a><\/h4><\/div><\/div>\n<div class=\"col-md-12 col-sm-12 col-xs-12 pt-cv-content-item pt-cv-1-col\" ><div class='pt-cv-ifield'><h4 class=\"pt-cv-title\"><a href=\"https:\/\/www.tvnovelas.com.br\/tvnews\/guerra-das-rosas-gulfem-coloca-gulru-contra-a-parede\/\" class=\"_self\" target=\"_self\" >Guerra das Rosas: Gulfem coloca Gulru contra a parede<\/a><\/h4><\/div><\/div>\n<div class=\"col-md-12 col-sm-12 col-xs-12 pt-cv-content-item pt-cv-1-col\" ><div class='pt-cv-ifield'><h4 class=\"pt-cv-title\"><a href=\"https:\/\/www.tvnovelas.com.br\/tvnews\/coracao-de-mae-atilla-diz-a-lale-que-quer-o-divorcio\/\" class=\"_self\" target=\"_self\" >Cora\u00e7\u00e3o de M\u00e3e: Atilla diz a Lale que quer o div\u00f3rcio<\/a><\/h4><\/div><\/div>\n<div class=\"col-md-12 col-sm-12 col-xs-12 pt-cv-content-item pt-cv-1-col\" ><div class='pt-cv-ifield'><h4 class=\"pt-cv-title\"><a href=\"https:\/\/www.tvnovelas.com.br\/tvnews\/a-nobreza-do-amor-mirinho-garante-noivado-com-virginia-para-atrair-sogro-a-negocio\/\" class=\"_self\" target=\"_self\" >A Nobreza do Amor: Mirinho garante noivado com Virg\u00ednia para atrair sogro a neg\u00f3cio<\/a><\/h4><\/div><\/div>\n<div class=\"col-md-12 col-sm-12 col-xs-12 pt-cv-content-item pt-cv-1-col\" ><div class='pt-cv-ifield'><h4 class=\"pt-cv-title\"><a href=\"https:\/\/www.tvnovelas.com.br\/tvnews\/tres-gracas-joaquim-propoe-fuga-a-arminda-com-o-dinheiro-das-tres-gracas\/\" class=\"_self\" target=\"_self\" >Tr\u00eas Gra\u00e7as:  Joaquim prop\u00f5e fuga a Arminda com o dinheiro das Tr\u00eas Gra\u00e7as<\/a><\/h4><\/div><\/div><\/div><\/div><\/div><br \/>\n<a href=\"http:\/\/tvnovelas.com.br\/filmes\" target=\"_blank\" rel=\"noopener\">Veja tamb\u00e9m: Todas as telas: filmes e s\u00e9ries nos streamings<\/a><\/p>\n","protected":false},"excerpt":{"rendered":"<p>Em &#8220;Al\u00e9m da Ilus\u00e3o&#8221;, Helo\u00edsa (Paloma Duarte) vive amargurada desde que sua filha rec\u00e9m-nascida foi arrancada de seus bra\u00e7os por Afonso (Lima Duarte) no&#8230;<\/p>\n","protected":false},"author":1,"featured_media":25044,"comment_status":"closed","ping_status":"closed","sticky":false,"template":"","format":"standard","meta":{"_uf_show_specific_survey":0,"_uf_disable_surveys":false,"_jetpack_memberships_contains_paid_content":false,"footnotes":"","_wp_rev_ctl_limit":""},"categories":[306],"tags":[307,5,64],"class_list":["post-25043","post","type-post","status-publish","format-standard","has-post-thumbnail","hentry","category-alem-da-ilusao","tag-alem-da-ilusao","tag-globo","tag-novelas","wpcat-306-id"],"aioseo_notices":[],"jetpack_featured_media_url":"https:\/\/i0.wp.com\/www.tvnovelas.com.br\/tvnews\/wp-content\/uploads\/2022\/02\/31206.jpg?fit=600%2C364&ssl=1","jetpack_shortlink":"https:\/\/wp.me\/pdP2BO-6vV","jetpack_sharing_enabled":true,"_links":{"self":[{"href":"https:\/\/www.tvnovelas.com.br\/tvnews\/wp-json\/wp\/v2\/posts\/25043","targetHints":{"allow":["GET"]}}],"collection":[{"href":"https:\/\/www.tvnovelas.com.br\/tvnews\/wp-json\/wp\/v2\/posts"}],"about":[{"href":"https:\/\/www.tvnovelas.com.br\/tvnews\/wp-json\/wp\/v2\/types\/post"}],"author":[{"embeddable":true,"href":"https:\/\/www.tvnovelas.com.br\/tvnews\/wp-json\/wp\/v2\/users\/1"}],"replies":[{"embeddable":true,"href":"https:\/\/www.tvnovelas.com.br\/tvnews\/wp-json\/wp\/v2\/comments?post=25043"}],"version-history":[{"count":0,"href":"https:\/\/www.tvnovelas.com.br\/tvnews\/wp-json\/wp\/v2\/posts\/25043\/revisions"}],"wp:featuredmedia":[{"embeddable":true,"href":"https:\/\/www.tvnovelas.com.br\/tvnews\/wp-json\/wp\/v2\/media\/25044"}],"wp:attachment":[{"href":"https:\/\/www.tvnovelas.com.br\/tvnews\/wp-json\/wp\/v2\/media?parent=25043"}],"wp:term":[{"taxonomy":"category","embeddable":true,"href":"https:\/\/www.tvnovelas.com.br\/tvnews\/wp-json\/wp\/v2\/categories?post=25043"},{"taxonomy":"post_tag","embeddable":true,"href":"https:\/\/www.tvnovelas.com.br\/tvnews\/wp-json\/wp\/v2\/tags?post=25043"}],"curies":[{"name":"wp","href":"https:\/\/api.w.org\/{rel}","templated":true}]}}