{"id":25105,"date":"2022-02-12T09:15:10","date_gmt":"2022-02-12T12:15:10","guid":{"rendered":"https:\/\/www.tvnovelas.com.br\/tvnews\/?p=25105"},"modified":"2022-02-12T09:21:19","modified_gmt":"2022-02-12T12:21:19","slug":"quanto-mais-vida-melhor-paula-descobre-resultado-de-exame-e-traicao-de-nenem","status":"publish","type":"post","link":"https:\/\/www.tvnovelas.com.br\/tvnews\/quanto-mais-vida-melhor-paula-descobre-resultado-de-exame-e-traicao-de-nenem\/","title":{"rendered":"&#8216;Quanto Mais Vida, Melhor!&#8217;: Paula descobre resultado de exame e trai\u00e7\u00e3o de Nen\u00e9m"},"content":{"rendered":"<p><em>Not\u00edcias de&#8217;Quanto Mais Vida, Melhor!&#8217;:<\/em><br \/>\n<img data-recalc-dims=\"1\" decoding=\"async\" class=\"alignnone wp-image-25106 size-full\" title=\"(Foto: TV Globo\/'Quanto Mais Vida, Melhor!')\" src=\"https:\/\/i0.wp.com\/www.tvnovelas.com.br\/tvnews\/wp-content\/uploads\/2022\/02\/31225.jpg?resize=600%2C360&#038;ssl=1\" alt=\"Foto de Paula, em 'Quanto Mais Vida, Melhor!'\" width=\"600\" height=\"360\" \/><br \/>\nEm &#8220;Quanto Mais Vida, Melhor!&#8221;, Paula (Giovanna Antonelli) descobriu que tem um n\u00f3dulo no seio e est\u00e1 certa de que \u00e9 a escolhida da Morte (A Maia) Ou seja, a empres\u00e1ria j\u00e1 est\u00e1 gritando mundo afora que tem pouco tempo de vida.<\/p>\n<p>Na pr\u00f3pria Terrare, empresa que passou de presidente \u00e0 mo\u00e7a do cafezinho, Paula largar\u00e1 a bandeja no ch\u00e3o e ficar\u00e1 em prantos. Carmem (Julia Lemmertz) perguntar\u00e1 o que aconteceu, e Paula dir\u00e1, deixando todo mundo chocado:<\/p>\n<p>&#8220;Estou com uma doen\u00e7a grave, Carmem. Eu vou morrer!&#8221;<\/p>\n<p>No seu apartamento, Paula estar\u00e1 ansiosa enquanto espera respostas sobre a gravidade do n\u00f3dulo. Para seu conforto, a m\u00e9dica anunciar\u00e1:<\/p>\n<p>&#8220;O lipoma deve ser absorvido pelo seu organismo. Voc\u00ea n\u00e3o vai morrer.&#8221;<\/p>\n<p>Diante do espelho, Paula voltar\u00e1 a esbanjar sua autoestima!<\/p>\n<p>&#8220;O mundo ia ser um lugar terr\u00edvel sem voc\u00ea, Paula Terrare! Voc\u00ea \u00e9 imbat\u00edvel, lacradora! Voc\u00ea nasceu pra viver! Vai com tudo, garota! Quem manda na sua vida \u00e9 voc\u00ea!&#8221;<\/p>\n<p>E ela dir\u00e1 muito mais! Paula tamb\u00e9m far\u00e1 uma promessa:<\/p>\n<p>&#8220;Agora \u00e9 partir pro ataque com sangue novo. Tomar a Terrare da Cobra Wollinger. E n\u00e3o deixar o Nen\u00e9m sair dos meus bra\u00e7os! Nada vai me derrubar! Paula Terrare voltou!&#8221;<\/p>\n<p>Se algu\u00e9m acha que Carmem ficar\u00e1 com pena da Paula, se enganou. Sem d\u00f3 nem piedade, Carmem vai planejar outro golpe contra sua inimiga. Depois de transform\u00e1-la na mo\u00e7a que serve caf\u00e9, a &#8220;cascacu&#8221; enviar\u00e1 para Paula uma foto de Nen\u00e9m (Vladimir Brichta) e Rose (B\u00e1rbara Colen) aos beijos.<\/p>\n<p>&#8220;Tijucano maldito! Eu te mato! Vou jogar uma bomba na Tijuca e acabar com voc\u00ea e sua ra\u00e7a&#8221;, gritar\u00e1 a toda-poderosa.<\/p>\n<p>Pior que, justo nesse momento, Nen\u00e9m chegar\u00e1 ao apartamento de Paula. A inten\u00e7\u00e3o do jogador \u00e9 falar sobre a sua vontade de ficar com Rose, mas a loira vai planejar um contragolpe daqueles.<\/p>\n<p>&#8220;Desculpa, Paula, sei tudo que voc\u00ea t\u00e1 passando. Mas eu preciso falar. Eu e a&#8230;&#8221;<\/p>\n<p>Paula interromper\u00e1 o jogador para dizer:<\/p>\n<p>&#8220;Para, Nen\u00e9m! Quem vai falar sou eu! Fiz os exames. A m\u00e9dica acabou de me ligar com o resultado.&#8221;<\/p>\n<p>Ele vai perguntar o que diz o exame, e Paula mentir\u00e1:<\/p>\n<p>&#8220;Eu vou morrer!&#8221;<br \/>\n<a href=\"https:\/\/www.tvnovelas.com.br\/novelas\/resumos-de-quanto-mais-vida-melhor\/\">Confira os resumos da semana de Quanto Mais Vida, Melhor!<\/a><\/p>\n<p>As cenas v\u00e3o ao ar no cap\u00edtulo de Quanto Mais Vida, Melhor! deste s\u00e1bado, 12 de fevereiro<br \/>\n<a href=\"https:\/\/www.tvnovelas.com.br\/novelas\/\"><strong>Confira os resumos da semana de todas novelas<\/strong><\/a><br \/>\n<strong style=\"font-size: 120%;\">Saiba mais das novelas:<\/strong><br \/>\n<div class=\"pt-cv-wrapper\"><div class=\"pt-cv-view pt-cv-grid pt-cv-colsys\" id=\"pt-cv-view-90991035b3\"><div data-id=\"pt-cv-page-1\" class=\"pt-cv-page\" data-cvc=\"1\"><div class=\"col-md-12 col-sm-12 col-xs-12 pt-cv-content-item pt-cv-1-col\" ><div class='pt-cv-ifield'><h4 class=\"pt-cv-title\"><a href=\"https:\/\/www.tvnovelas.com.br\/tvnews\/coracao-de-mae-irmak-inicia-jogo-arriscado-contra-adnan\/\" class=\"_self\" target=\"_self\" >Cora\u00e7\u00e3o de M\u00e3e: Irmak inicia jogo arriscado contra Adnan<\/a><\/h4><\/div><\/div>\n<div class=\"col-md-12 col-sm-12 col-xs-12 pt-cv-content-item pt-cv-1-col\" ><div class='pt-cv-ifield'><h4 class=\"pt-cv-title\"><a href=\"https:\/\/www.tvnovelas.com.br\/tvnews\/guerra-das-rosas-omer-chama-gulru-vestida-de-noiva-para-fugir\/\" class=\"_self\" target=\"_self\" >Guerra das Rosas: Omer chama Gulru vestida de noiva para fugir<\/a><\/h4><\/div><\/div>\n<div class=\"col-md-12 col-sm-12 col-xs-12 pt-cv-content-item pt-cv-1-col\" ><div class='pt-cv-ifield'><h4 class=\"pt-cv-title\"><a href=\"https:\/\/www.tvnovelas.com.br\/tvnews\/coracao-de-mae-reha-sai-para-jantar-com-selvi\/\" class=\"_self\" target=\"_self\" >Cora\u00e7\u00e3o de M\u00e3e: Reha sai para jantar com Selvi<\/a><\/h4><\/div><\/div>\n<div class=\"col-md-12 col-sm-12 col-xs-12 pt-cv-content-item pt-cv-1-col\" ><div class='pt-cv-ifield'><h4 class=\"pt-cv-title\"><a href=\"https:\/\/www.tvnovelas.com.br\/tvnews\/coracao-acelerado-zila-se-preocupa-com-sua-situacao-apos-separacao\/\" class=\"_self\" target=\"_self\" >Cora\u00e7\u00e3o Acelerado: Zil\u00e1 se preocupa com sua situa\u00e7\u00e3o ap\u00f3s separa\u00e7\u00e3o<\/a><\/h4><\/div><\/div>\n<div class=\"col-md-12 col-sm-12 col-xs-12 pt-cv-content-item pt-cv-1-col\" ><div class='pt-cv-ifield'><h4 class=\"pt-cv-title\"><a href=\"https:\/\/www.tvnovelas.com.br\/tvnews\/a-nobreza-do-amor-tonho-nao-se-curva-diante-de-mirinho\/\" class=\"_self\" target=\"_self\" >A Nobreza do Amor: Tonho n\u00e3o se curva diante de Mirinho<\/a><\/h4><\/div><\/div>\n<div class=\"col-md-12 col-sm-12 col-xs-12 pt-cv-content-item pt-cv-1-col\" ><div class='pt-cv-ifield'><h4 class=\"pt-cv-title\"><a href=\"https:\/\/www.tvnovelas.com.br\/tvnews\/tres-gracas-arminda-surta-ao-confirmar-que-ferette-e-pai-de-raul\/\" class=\"_self\" target=\"_self\" >Tr\u00eas Gra\u00e7as:  Arminda surta ao confirmar que Ferette \u00e9 pai de Raul<\/a><\/h4><\/div><\/div>\n<div class=\"col-md-12 col-sm-12 col-xs-12 pt-cv-content-item pt-cv-1-col\" ><div class='pt-cv-ifield'><h4 class=\"pt-cv-title\"><a href=\"https:\/\/www.tvnovelas.com.br\/tvnews\/coracao-de-mae-atilla-confronta-hasan-e-exige-o-divorcio-de-lale\/\" class=\"_self\" target=\"_self\" >Cora\u00e7\u00e3o de M\u00e3e: Atilla confronta Hasan e exige o div\u00f3rcio de Lale<\/a><\/h4><\/div><\/div>\n<div class=\"col-md-12 col-sm-12 col-xs-12 pt-cv-content-item pt-cv-1-col\" ><div class='pt-cv-ifield'><h4 class=\"pt-cv-title\"><a href=\"https:\/\/www.tvnovelas.com.br\/tvnews\/guerra-das-rosas-gulfem-coloca-gulru-contra-a-parede\/\" class=\"_self\" target=\"_self\" >Guerra das Rosas: Gulfem coloca Gulru contra a parede<\/a><\/h4><\/div><\/div>\n<div class=\"col-md-12 col-sm-12 col-xs-12 pt-cv-content-item pt-cv-1-col\" ><div class='pt-cv-ifield'><h4 class=\"pt-cv-title\"><a href=\"https:\/\/www.tvnovelas.com.br\/tvnews\/coracao-de-mae-atilla-diz-a-lale-que-quer-o-divorcio\/\" class=\"_self\" target=\"_self\" >Cora\u00e7\u00e3o de M\u00e3e: Atilla diz a Lale que quer o div\u00f3rcio<\/a><\/h4><\/div><\/div>\n<div class=\"col-md-12 col-sm-12 col-xs-12 pt-cv-content-item pt-cv-1-col\" ><div class='pt-cv-ifield'><h4 class=\"pt-cv-title\"><a href=\"https:\/\/www.tvnovelas.com.br\/tvnews\/a-nobreza-do-amor-mirinho-garante-noivado-com-virginia-para-atrair-sogro-a-negocio\/\" class=\"_self\" target=\"_self\" >A Nobreza do Amor: Mirinho garante noivado com Virg\u00ednia para atrair sogro a neg\u00f3cio<\/a><\/h4><\/div><\/div><\/div><\/div><\/div><br \/>\n<a href=\"http:\/\/tvnovelas.com.br\/filmes\" target=\"_blank\" rel=\"noopener\">Veja tamb\u00e9m: Todas as telas: filmes e s\u00e9ries nos streamings<\/a><\/p>\n","protected":false},"excerpt":{"rendered":"<p>Em &#8220;Quanto Mais Vida, Melhor!&#8221;, Paula (Giovanna Antonelli) descobriu que tem um n\u00f3dulo no seio e est\u00e1 certa de que \u00e9 a escolhida da Morte (A Maia) Ou seja&#8230;<\/p>\n","protected":false},"author":1,"featured_media":25106,"comment_status":"closed","ping_status":"closed","sticky":false,"template":"","format":"standard","meta":{"_uf_show_specific_survey":0,"_uf_disable_surveys":false,"_jetpack_memberships_contains_paid_content":false,"footnotes":"","_wp_rev_ctl_limit":""},"categories":[291],"tags":[5,64,292],"class_list":["post-25105","post","type-post","status-publish","format-standard","has-post-thumbnail","hentry","category-quanto-mais-vida-melhor","tag-globo","tag-novelas","tag-quanto-mais-vida","wpcat-291-id"],"aioseo_notices":[],"jetpack_featured_media_url":"https:\/\/i0.wp.com\/www.tvnovelas.com.br\/tvnews\/wp-content\/uploads\/2022\/02\/31225.jpg?fit=600%2C360&ssl=1","jetpack_shortlink":"https:\/\/wp.me\/pdP2BO-6wV","jetpack_sharing_enabled":true,"_links":{"self":[{"href":"https:\/\/www.tvnovelas.com.br\/tvnews\/wp-json\/wp\/v2\/posts\/25105","targetHints":{"allow":["GET"]}}],"collection":[{"href":"https:\/\/www.tvnovelas.com.br\/tvnews\/wp-json\/wp\/v2\/posts"}],"about":[{"href":"https:\/\/www.tvnovelas.com.br\/tvnews\/wp-json\/wp\/v2\/types\/post"}],"author":[{"embeddable":true,"href":"https:\/\/www.tvnovelas.com.br\/tvnews\/wp-json\/wp\/v2\/users\/1"}],"replies":[{"embeddable":true,"href":"https:\/\/www.tvnovelas.com.br\/tvnews\/wp-json\/wp\/v2\/comments?post=25105"}],"version-history":[{"count":0,"href":"https:\/\/www.tvnovelas.com.br\/tvnews\/wp-json\/wp\/v2\/posts\/25105\/revisions"}],"wp:featuredmedia":[{"embeddable":true,"href":"https:\/\/www.tvnovelas.com.br\/tvnews\/wp-json\/wp\/v2\/media\/25106"}],"wp:attachment":[{"href":"https:\/\/www.tvnovelas.com.br\/tvnews\/wp-json\/wp\/v2\/media?parent=25105"}],"wp:term":[{"taxonomy":"category","embeddable":true,"href":"https:\/\/www.tvnovelas.com.br\/tvnews\/wp-json\/wp\/v2\/categories?post=25105"},{"taxonomy":"post_tag","embeddable":true,"href":"https:\/\/www.tvnovelas.com.br\/tvnews\/wp-json\/wp\/v2\/tags?post=25105"}],"curies":[{"name":"wp","href":"https:\/\/api.w.org\/{rel}","templated":true}]}}