{"id":25788,"date":"2022-03-11T12:50:25","date_gmt":"2022-03-11T15:50:25","guid":{"rendered":"https:\/\/www.tvnovelas.com.br\/tvnews\/?p=25788"},"modified":"2022-03-11T12:50:25","modified_gmt":"2022-03-11T15:50:25","slug":"a-minisserie-presenca-de-anita-estreia-no-viva-terca-dia-15","status":"publish","type":"post","link":"https:\/\/www.tvnovelas.com.br\/tvnews\/a-minisserie-presenca-de-anita-estreia-no-viva-terca-dia-15\/","title":{"rendered":"A miniss\u00e9rie &#8216;Presen\u00e7a de Anita&#8217; estreia no Viva ter\u00e7a, dia 15"},"content":{"rendered":"<p><em>Not\u00edcias do Vivia: Presen\u00e7a de Anita:<\/em><br \/>\n<img data-recalc-dims=\"1\" decoding=\"async\" src=\"https:\/\/i0.wp.com\/www.tvnovelas.com.br\/tvnews\/wp-content\/uploads\/2022\/03\/31475.jpg?resize=600%2C360&#038;ssl=1\" alt=\"Foto de cena, em Presen\u00e7a de Anita\" width=\"600\" height=\"360\" class=\"alignnone size-full wp-image-25789\" \/><br \/>\nA miniss\u00e9rie &#8216;Presen\u00e7a de Anita&#8217; ser\u00e1 exibida pelo canal Vivia a partir da pr\u00f3xima ter\u00e7a-feira, dia 15<\/p>\n<p>Livremente inspirada em obra hom\u00f4nima de M\u00e1rio Donato, a miniss\u00e9rie apresentou uma hist\u00f3ria de obsess\u00e3o, sedu\u00e7\u00e3o e morte. A trama come\u00e7a quando L\u00facia Helena (Helena Ranaldi) e Fernando (Jos\u00e9 Mayer), em crise conjugal, resolvem viajar com a fam\u00edlia para fugir da viol\u00eancia da cidade grande.<\/p>\n<p>Presen\u00e7a de Anita ser\u00e1 exibida pelo Viva de segunda a sexta, \u00e0s 20h30<\/p>\n","protected":false},"excerpt":{"rendered":"<p>Livremente inspirada em obra hom\u00f4nima de M\u00e1rio Donato, a miniss\u00e9rie Presen\u00e7a de Anita apresentou uma hist\u00f3ria de obsess\u00e3o, sedu\u00e7\u00e3o e morte. A trama&#8230;.<\/p>\n","protected":false},"author":1,"featured_media":25789,"comment_status":"closed","ping_status":"closed","sticky":false,"template":"","format":"standard","meta":{"_uf_show_specific_survey":0,"_uf_disable_surveys":false,"_jetpack_memberships_contains_paid_content":false,"footnotes":"","_wp_rev_ctl_limit":""},"categories":[236],"tags":[310],"class_list":["post-25788","post","type-post","status-publish","format-standard","has-post-thumbnail","hentry","category-globo","tag-viva","wpcat-236-id"],"aioseo_notices":[],"jetpack_featured_media_url":"https:\/\/i0.wp.com\/www.tvnovelas.com.br\/tvnews\/wp-content\/uploads\/2022\/03\/31475.jpg?fit=600%2C360&ssl=1","jetpack_shortlink":"https:\/\/wp.me\/pdP2BO-6HW","jetpack_sharing_enabled":true,"_links":{"self":[{"href":"https:\/\/www.tvnovelas.com.br\/tvnews\/wp-json\/wp\/v2\/posts\/25788","targetHints":{"allow":["GET"]}}],"collection":[{"href":"https:\/\/www.tvnovelas.com.br\/tvnews\/wp-json\/wp\/v2\/posts"}],"about":[{"href":"https:\/\/www.tvnovelas.com.br\/tvnews\/wp-json\/wp\/v2\/types\/post"}],"author":[{"embeddable":true,"href":"https:\/\/www.tvnovelas.com.br\/tvnews\/wp-json\/wp\/v2\/users\/1"}],"replies":[{"embeddable":true,"href":"https:\/\/www.tvnovelas.com.br\/tvnews\/wp-json\/wp\/v2\/comments?post=25788"}],"version-history":[{"count":0,"href":"https:\/\/www.tvnovelas.com.br\/tvnews\/wp-json\/wp\/v2\/posts\/25788\/revisions"}],"wp:featuredmedia":[{"embeddable":true,"href":"https:\/\/www.tvnovelas.com.br\/tvnews\/wp-json\/wp\/v2\/media\/25789"}],"wp:attachment":[{"href":"https:\/\/www.tvnovelas.com.br\/tvnews\/wp-json\/wp\/v2\/media?parent=25788"}],"wp:term":[{"taxonomy":"category","embeddable":true,"href":"https:\/\/www.tvnovelas.com.br\/tvnews\/wp-json\/wp\/v2\/categories?post=25788"},{"taxonomy":"post_tag","embeddable":true,"href":"https:\/\/www.tvnovelas.com.br\/tvnews\/wp-json\/wp\/v2\/tags?post=25788"}],"curies":[{"name":"wp","href":"https:\/\/api.w.org\/{rel}","templated":true}]}}