{"id":25819,"date":"2022-03-12T12:54:36","date_gmt":"2022-03-12T15:54:36","guid":{"rendered":"https:\/\/www.tvnovelas.com.br\/tvnews\/?p=25819"},"modified":"2022-03-12T15:04:31","modified_gmt":"2022-03-12T18:04:31","slug":"novela-que-rei-sou-eu-estreia-no-globoplay-nesta-segunda14","status":"publish","type":"post","link":"https:\/\/www.tvnovelas.com.br\/tvnews\/novela-que-rei-sou-eu-estreia-no-globoplay-nesta-segunda14\/","title":{"rendered":"Novela &#8216;Que Rei Sou Eu?&#8217; estreia no Globoplay nesta segunda, 14"},"content":{"rendered":"<p><em>Not\u00edcias do Globoplay: Que Rei Sou Eu?:<\/em><br \/>\n<img data-recalc-dims=\"1\" decoding=\"async\" class=\"alignnone wp-image-25821 size-full\" title=\"(Foto Globo\/'Que Rei Sou Eu?' )\" src=\"https:\/\/i0.wp.com\/www.tvnovelas.com.br\/tvnews\/wp-content\/uploads\/2022\/03\/31490.jpg?resize=600%2C360&#038;ssl=1\" alt=\"Foto de cena de 'Que Rei Sou Eu?' , em Globoplay\" width=\"600\" height=\"360\" \/><\/p>\n<h3>Que Rei Sou Eu?<\/h3>\n<p>Novela<br \/>\nEstreia em 14\/03<br \/>\nNo reino imagin\u00e1rio de Avilan, o pr\u00edncipe bastardo Jean Pierre lidera um grupo popular de revolucion\u00e1rios contra conselheiros que invadiram o pal\u00e1cio da rainha Valentine ap\u00f3s a morte do Rei Petrus II e tomaram o poder.<br \/>\nElenco: Edson Celulari, Giulia Gam, Nat\u00e1lia do Valle, Tato Gabus Mendes, Tereza Rachel, Daniel Filho.<br \/>\nAno de Produ\u00e7\u00e3o: 1989<\/p>\n<p>Ambientada em 1786, num fict\u00edcio pa\u00eds europeu, &#8216;Que Rei Sou Eu?&#8217; aludiu \u00e0 Revolu\u00e7\u00e3o Francesa para fazer uma par\u00f3dia do Brasil, al\u00e9m de refletir o momento hist\u00f3rico vivido pelo Brasil, que se preparava para a primeira elei\u00e7\u00e3o direta para presidente da Rep\u00fablica ap\u00f3s quase 30 anos. No imagin\u00e1rio reino de Avilan, o povo miser\u00e1vel vive \u00e0s voltas com governantes corruptos, sucessivos planos econ\u00f4micos, moeda desvalorizada e altos impostos. Com a morte do rei Petrus II (Gianfrancesco Guarnieri) \u2013 cujo \u00fanico herdeiro \u00e9 o filho bastardo Jean Pierre (Edson Celulari) \u2013, os conselheiros reais, que exercem forte influ\u00eancia nas decis\u00f5es da rainha Valentine (Tereza Rachel), resolvem entregar a coroa ao mendigo Pichot (Tato Gabus Mendes).<\/p>\n<p>A novela das sete Que Rei Sou Eu?, do autor Cassiano Gabus Mendes, estreou na TV Globo em 13 de fevereiro de 1989.<\/p>\n<h3>Saiba mais<\/h3>\n<p><a href=\"https:\/\/www.tvnovelas.com.br\/filmes\/\" target=\"_blank\" rel=\"noopener noreferrer\"><strong>Programa\u00e7\u00e3o de filmes na TV aberta<\/strong><\/a><br \/>\n<a href=\"https:\/\/tvnovelas.com.br\/filmes\/filmes-e-series-que-estreiam-na-netflix-em-dezembro-21\/\" target=\"_blank\" rel=\"noopener noreferrer\"><strong>Estreias de in\u00e9ditos na Netflix no m\u00eas<\/strong><\/a><br \/>\n<a href=\"https:\/\/tvnovelas.com.br\/filmes\/filmes-e-series-ineditos-em-estreia-na-semana-na-netflix\/\" target=\"_blank\" rel=\"noopener noreferrer\"><strong>Estreias da semana na Netflix<\/strong><\/a><br \/>\n<a href=\"https:\/\/tvnovelas.com.br\/filmes\/o-que-ha-de-novo-no-globoplay\/\" target=\"_blank\" rel=\"noopener noreferrer\"><strong>Estreias e novidades no Globoplay<\/strong><\/a><br \/>\n<a href=\"\/\/tvnovelas.com.br\/filmes\/filmes-em-estreia-nos-cinemas\/\" target=\"_blank\" rel=\"noopener noreferrer\"><strong>Estreias e novidades no Cinema<\/strong><\/a><br \/>\n<a href=\"https:\/\/www.tvnovelas.com.br\/novelas\/\" target=\"_blank\" rel=\"noopener noreferrer\"><strong>Resumos de novelas<\/strong><\/a><br \/>\n<a href=\"https:\/\/caetenews.com.br\/semana\/filmes-da-globo-na-sessao-da-tarde-desta-semana\/\" rel=\"noopener\" target=\"_blank\"><strong>Confira os filmes da semana na Sess\u00e3o da Tarde<\/strong><\/a> <\/p>\n","protected":false},"excerpt":{"rendered":"<p>Em Que Rei Sou Eu?, no reino imagin\u00e1rio de Avilan, o pr\u00edncipe bastardo Jean Pierre lidera um grupo popular de revolucion\u00e1rios contra conselheiros que&#8230;<\/p>\n","protected":false},"author":1,"featured_media":25821,"comment_status":"closed","ping_status":"closed","sticky":false,"template":"","format":"standard","meta":{"_uf_show_specific_survey":0,"_uf_disable_surveys":false,"_jetpack_memberships_contains_paid_content":false,"footnotes":"","_wp_rev_ctl_limit":""},"categories":[286],"tags":[5,249,64],"class_list":["post-25819","post","type-post","status-publish","format-standard","has-post-thumbnail","hentry","category-globoplay","tag-globo","tag-globoplay","tag-novelas","wpcat-286-id"],"aioseo_notices":[],"jetpack_featured_media_url":"https:\/\/i0.wp.com\/www.tvnovelas.com.br\/tvnews\/wp-content\/uploads\/2022\/03\/31490.jpg?fit=600%2C360&ssl=1","jetpack_shortlink":"https:\/\/wp.me\/pdP2BO-6Ir","jetpack_sharing_enabled":true,"_links":{"self":[{"href":"https:\/\/www.tvnovelas.com.br\/tvnews\/wp-json\/wp\/v2\/posts\/25819","targetHints":{"allow":["GET"]}}],"collection":[{"href":"https:\/\/www.tvnovelas.com.br\/tvnews\/wp-json\/wp\/v2\/posts"}],"about":[{"href":"https:\/\/www.tvnovelas.com.br\/tvnews\/wp-json\/wp\/v2\/types\/post"}],"author":[{"embeddable":true,"href":"https:\/\/www.tvnovelas.com.br\/tvnews\/wp-json\/wp\/v2\/users\/1"}],"replies":[{"embeddable":true,"href":"https:\/\/www.tvnovelas.com.br\/tvnews\/wp-json\/wp\/v2\/comments?post=25819"}],"version-history":[{"count":0,"href":"https:\/\/www.tvnovelas.com.br\/tvnews\/wp-json\/wp\/v2\/posts\/25819\/revisions"}],"wp:featuredmedia":[{"embeddable":true,"href":"https:\/\/www.tvnovelas.com.br\/tvnews\/wp-json\/wp\/v2\/media\/25821"}],"wp:attachment":[{"href":"https:\/\/www.tvnovelas.com.br\/tvnews\/wp-json\/wp\/v2\/media?parent=25819"}],"wp:term":[{"taxonomy":"category","embeddable":true,"href":"https:\/\/www.tvnovelas.com.br\/tvnews\/wp-json\/wp\/v2\/categories?post=25819"},{"taxonomy":"post_tag","embeddable":true,"href":"https:\/\/www.tvnovelas.com.br\/tvnews\/wp-json\/wp\/v2\/tags?post=25819"}],"curies":[{"name":"wp","href":"https:\/\/api.w.org\/{rel}","templated":true}]}}