{"id":25843,"date":"2022-03-13T09:21:00","date_gmt":"2022-03-13T12:21:00","guid":{"rendered":"https:\/\/www.tvnovelas.com.br\/tvnews\/?p=25843"},"modified":"2022-03-13T09:21:00","modified_gmt":"2022-03-13T12:21:00","slug":"um-lugar-ao-sol-erica-flagra-christian-renato-e-stephany-no-flat","status":"publish","type":"post","link":"https:\/\/www.tvnovelas.com.br\/tvnews\/um-lugar-ao-sol-erica-flagra-christian-renato-e-stephany-no-flat\/","title":{"rendered":"&#8216;Um Lugar ao Sol&#8217;: \u00c9rica flagra Christian\/Renato e Stephany no flat"},"content":{"rendered":"<p><em>Not\u00edcias de &#8216;Um Lugar ao Sol&#8217;:<\/em><br \/>\n<img data-recalc-dims=\"1\" decoding=\"async\" class=\"alignnone wp-image-25844 size-full\" title=\"(Foto: TV Globo\/'Um Lugar ao Sol')\" src=\"https:\/\/i0.wp.com\/www.tvnovelas.com.br\/tvnews\/wp-content\/uploads\/2022\/03\/31496.jpg?resize=600%2C360&#038;ssl=1\" alt=\"Foto de \u00c9rica, em 'Um Lugar ao Sol'\" width=\"600\" height=\"360\" \/><br \/>\nMesmo tentando manter em sigilo a rela\u00e7\u00e3o com Stephany (Renata Gaspar), Christian\/Renato (Cau\u00e3 Reymond) \u00e9 confrontado por \u00c9rica (Fernanda de Freitas).<\/p>\n<p>Come\u00e7am as suspeitas da mulher de Santiago (Jos\u00e9 de Abreu), que vai at\u00e9 o flat, onde a irm\u00e3 est\u00e1 hospedada, e d\u00e1 de cara com o executivo.<\/p>\n<p>Ele tenta disfar\u00e7ar, mas n\u00e3o consegue convencer a personal trainer, que cobra explica\u00e7\u00f5es da manicure:<\/p>\n<p>&#8220;Me diz, por favor, que n\u00e3o est\u00e1 acontecendo o que eu acho que est\u00e1 acontecendo. O Renato \u00e9 casado e acaba de ter uma filha! &#8221;<\/p>\n<p>&#8220;Stephany, eu n\u00e3o nasci ontem. Voc\u00ea, com esse baby-doll min\u00fasculo, com o Renato dentro do teu quarto!&#8221;<\/p>\n<p>Apesar das negativas da irm\u00e3 e de Renato, \u00c9rica flagra mensagens e liga\u00e7\u00f5es de Stephany no celular do executivo, quando ele lhe mostra fotos de Ludi. Ela tamb\u00e9m ouve as lamenta\u00e7\u00f5es de B\u00e1rbara (Alinne Moraes), suspeitando da trai\u00e7\u00e3o do marido.<\/p>\n<p>Decidida a tirar a d\u00favida, \u00c9rica enquadra Renato:<\/p>\n<p>&#8220;Renato, deixa eu te falar&#8230; A Stephany \u00e9 minha irm\u00e3, mas&#8230; Eu sei que ela n\u00e3o tem limite. Voc\u00ea d\u00e1 a m\u00e3o, ela quer o bra\u00e7o. Ela n\u00e3o est\u00e1 te pedindo nada al\u00e9m?&#8221;, indaga a professora.<\/p>\n<p>Acuado, o executivo \u00e9 salvo pelo gongo, com a chegada do sogro.<br \/>\n<a href=\"https:\/\/www.tvnovelas.com.br\/novelas\/resumos-de-um-lugar-ao-sol\/\">Confira os resumos da semana de Um Lugar ao Sol<\/a><\/p>\n<p>As cenas v\u00e3o ao ar no cap\u00edtulo de Um Lugar ao Sol desta segunda, 14 de mar\u00e7o<br \/>\n<a href=\"https:\/\/www.tvnovelas.com.br\/novelas\/\"><strong>Confira os resumos da semana de todas novelas<\/strong><\/a><br \/>\n<strong style=\"font-size: 120%;\">Saiba mais das novelas:<\/strong><br \/>\n<div class=\"pt-cv-wrapper\"><div class=\"pt-cv-view pt-cv-grid pt-cv-colsys\" id=\"pt-cv-view-90991035b3\"><div data-id=\"pt-cv-page-1\" class=\"pt-cv-page\" data-cvc=\"1\"><div class=\"col-md-12 col-sm-12 col-xs-12 pt-cv-content-item pt-cv-1-col\" ><div class='pt-cv-ifield'><h4 class=\"pt-cv-title\"><a href=\"https:\/\/www.tvnovelas.com.br\/tvnews\/coracao-de-mae-atilla-confronta-hasan-e-exige-o-divorcio-de-lale\/\" class=\"_self\" target=\"_self\" >Cora\u00e7\u00e3o de M\u00e3e: Atilla confronta Hasan e exige o div\u00f3rcio de Lale<\/a><\/h4><\/div><\/div>\n<div class=\"col-md-12 col-sm-12 col-xs-12 pt-cv-content-item pt-cv-1-col\" ><div class='pt-cv-ifield'><h4 class=\"pt-cv-title\"><a href=\"https:\/\/www.tvnovelas.com.br\/tvnews\/guerra-das-rosas-gulfem-coloca-gulru-contra-a-parede\/\" class=\"_self\" target=\"_self\" >Guerra das Rosas: Gulfem coloca Gulru contra a parede<\/a><\/h4><\/div><\/div>\n<div class=\"col-md-12 col-sm-12 col-xs-12 pt-cv-content-item pt-cv-1-col\" ><div class='pt-cv-ifield'><h4 class=\"pt-cv-title\"><a href=\"https:\/\/www.tvnovelas.com.br\/tvnews\/coracao-de-mae-atilla-diz-a-lale-que-quer-o-divorcio\/\" class=\"_self\" target=\"_self\" >Cora\u00e7\u00e3o de M\u00e3e: Atilla diz a Lale que quer o div\u00f3rcio<\/a><\/h4><\/div><\/div>\n<div class=\"col-md-12 col-sm-12 col-xs-12 pt-cv-content-item pt-cv-1-col\" ><div class='pt-cv-ifield'><h4 class=\"pt-cv-title\"><a href=\"https:\/\/www.tvnovelas.com.br\/tvnews\/a-nobreza-do-amor-mirinho-garante-noivado-com-virginia-para-atrair-sogro-a-negocio\/\" class=\"_self\" target=\"_self\" >A Nobreza do Amor: Mirinho garante noivado com Virg\u00ednia para atrair sogro a neg\u00f3cio<\/a><\/h4><\/div><\/div>\n<div class=\"col-md-12 col-sm-12 col-xs-12 pt-cv-content-item pt-cv-1-col\" ><div class='pt-cv-ifield'><h4 class=\"pt-cv-title\"><a href=\"https:\/\/www.tvnovelas.com.br\/tvnews\/tres-gracas-joaquim-propoe-fuga-a-arminda-com-o-dinheiro-das-tres-gracas\/\" class=\"_self\" target=\"_self\" >Tr\u00eas Gra\u00e7as:  Joaquim prop\u00f5e fuga a Arminda com o dinheiro das Tr\u00eas Gra\u00e7as<\/a><\/h4><\/div><\/div>\n<div class=\"col-md-12 col-sm-12 col-xs-12 pt-cv-content-item pt-cv-1-col\" ><div class='pt-cv-ifield'><h4 class=\"pt-cv-title\"><a href=\"https:\/\/www.tvnovelas.com.br\/tvnews\/coracao-de-mae-atilla-decide-abrir-o-jogo-com-karsu\/\" class=\"_self\" target=\"_self\" >Cora\u00e7\u00e3o de M\u00e3e: Atilla decide abrir o jogo com Karsu<\/a><\/h4><\/div><\/div>\n<div class=\"col-md-12 col-sm-12 col-xs-12 pt-cv-content-item pt-cv-1-col\" ><div class='pt-cv-ifield'><h4 class=\"pt-cv-title\"><a href=\"https:\/\/www.tvnovelas.com.br\/tvnews\/coracao-de-mae-adnan-e-preso-apos-denuncia-de-irmak\/\" class=\"_self\" target=\"_self\" >Em Cora\u00e7\u00e3o de M\u00e3e: Adnan \u00e9 preso ap\u00f3s denuncia de Irmak<\/a><\/h4><\/div><\/div>\n<div class=\"col-md-12 col-sm-12 col-xs-12 pt-cv-content-item pt-cv-1-col\" ><div class='pt-cv-ifield'><h4 class=\"pt-cv-title\"><a href=\"https:\/\/www.tvnovelas.com.br\/tvnews\/coracao-de-mae-atilla-forca-karsu-a-ouvir-suas-explicacoes\/\" class=\"_self\" target=\"_self\" >Cora\u00e7\u00e3o de M\u00e3e: Atilla for\u00e7a Karsu a ouvir suas explica\u00e7\u00f5es<\/a><\/h4><\/div><\/div>\n<div class=\"col-md-12 col-sm-12 col-xs-12 pt-cv-content-item pt-cv-1-col\" ><div class='pt-cv-ifield'><h4 class=\"pt-cv-title\"><a href=\"https:\/\/www.tvnovelas.com.br\/tvnews\/coracao-acelerado-mulher-choca-janete-ao-se-apresentar-como-amante-do-palhares\/\" class=\"_self\" target=\"_self\" >Cora\u00e7\u00e3o Acelerado: Mulher choca Janete ao se apresentar como amante do Palhares<\/a><\/h4><\/div><\/div>\n<div class=\"col-md-12 col-sm-12 col-xs-12 pt-cv-content-item pt-cv-1-col\" ><div class='pt-cv-ifield'><h4 class=\"pt-cv-title\"><a href=\"https:\/\/www.tvnovelas.com.br\/tvnews\/a-nobreza-do-amor-jendal-dobra-a-recompensa-por-alika\/\" class=\"_self\" target=\"_self\" >A Nobreza do Amor: Jendal dobra a recompensa por Alika<\/a><\/h4><\/div><\/div><\/div><\/div><\/div><br \/>\n<a href=\"http:\/\/tvnovelas.com.br\/filmes\" target=\"_blank\" rel=\"noopener\">Veja tamb\u00e9m: Todas as telas: filmes e s\u00e9ries nos streamings<\/a><\/p>\n","protected":false},"excerpt":{"rendered":"<p>Em Um Lugar ao Sol, mesmo tentando manter em sigilo a rela\u00e7\u00e3o com Stephany (Renata Gaspar), Christian\/Renato (Cau\u00e3 Reymond) \u00e9 confrontado por \u00c9rica&#8230;<\/p>\n","protected":false},"author":1,"featured_media":0,"comment_status":"closed","ping_status":"closed","sticky":false,"template":"","format":"standard","meta":{"_uf_show_specific_survey":0,"_uf_disable_surveys":false,"_jetpack_memberships_contains_paid_content":false,"footnotes":"","_wp_rev_ctl_limit":""},"categories":[283],"tags":[5,64,284],"class_list":["post-25843","post","type-post","status-publish","format-standard","hentry","category-um-lugar-ao-sol","tag-globo","tag-novelas","tag-um-lugar-ao-sol","wpcat-283-id"],"aioseo_notices":[],"jetpack_featured_media_url":"","jetpack_shortlink":"https:\/\/wp.me\/pdP2BO-6IP","jetpack_sharing_enabled":true,"_links":{"self":[{"href":"https:\/\/www.tvnovelas.com.br\/tvnews\/wp-json\/wp\/v2\/posts\/25843","targetHints":{"allow":["GET"]}}],"collection":[{"href":"https:\/\/www.tvnovelas.com.br\/tvnews\/wp-json\/wp\/v2\/posts"}],"about":[{"href":"https:\/\/www.tvnovelas.com.br\/tvnews\/wp-json\/wp\/v2\/types\/post"}],"author":[{"embeddable":true,"href":"https:\/\/www.tvnovelas.com.br\/tvnews\/wp-json\/wp\/v2\/users\/1"}],"replies":[{"embeddable":true,"href":"https:\/\/www.tvnovelas.com.br\/tvnews\/wp-json\/wp\/v2\/comments?post=25843"}],"version-history":[{"count":0,"href":"https:\/\/www.tvnovelas.com.br\/tvnews\/wp-json\/wp\/v2\/posts\/25843\/revisions"}],"wp:attachment":[{"href":"https:\/\/www.tvnovelas.com.br\/tvnews\/wp-json\/wp\/v2\/media?parent=25843"}],"wp:term":[{"taxonomy":"category","embeddable":true,"href":"https:\/\/www.tvnovelas.com.br\/tvnews\/wp-json\/wp\/v2\/categories?post=25843"},{"taxonomy":"post_tag","embeddable":true,"href":"https:\/\/www.tvnovelas.com.br\/tvnews\/wp-json\/wp\/v2\/tags?post=25843"}],"curies":[{"name":"wp","href":"https:\/\/api.w.org\/{rel}","templated":true}]}}