{"id":25927,"date":"2022-03-17T09:01:30","date_gmt":"2022-03-17T12:01:30","guid":{"rendered":"https:\/\/www.tvnovelas.com.br\/tvnews\/?p=25927"},"modified":"2022-03-17T09:08:20","modified_gmt":"2022-03-17T12:08:20","slug":"quanto-mais-vida-melhor-rose-diz-para-gui-pensando-ser-flavia-acabou-pra-sempre","status":"publish","type":"post","link":"https:\/\/www.tvnovelas.com.br\/tvnews\/quanto-mais-vida-melhor-rose-diz-para-gui-pensando-ser-flavia-acabou-pra-sempre\/","title":{"rendered":"\u2018Quanto Mais Vida, Melhor!\u2019: Rose diz para Gui pensando ser Fl\u00e1via: \u2018Acabou pra sempre\u2019"},"content":{"rendered":"<p><em>Not\u00edcias de \u2018Quanto Mais Vida, Melhor!\u2019:<\/em><br \/>\n<img data-recalc-dims=\"1\" decoding=\"async\" class=\"alignnone wp-image-25928 size-full\" title=\"(Foto: TV Globo\/\u2018Quanto Mais Vida, Melhor!\u2019)\" src=\"https:\/\/i0.wp.com\/www.tvnovelas.com.br\/tvnews\/wp-content\/uploads\/2022\/03\/31524.jpg?resize=600%2C360&#038;ssl=1\" alt=\"Foto der Rose e Fl\u00e1via\/Guilherme,em Quanto Mais Vida, Melhor!\" width=\"600\" height=\"360\" \/><\/p>\n<p>Rose (B\u00e1rbara Colen) vai come\u00e7ar a trabalhar na ala pedi\u00e1trica da cl\u00ednica de Guilherme (Mateus Solano). E, logo no primeiro dia, ficar\u00e1 intrigada com a aproxima\u00e7\u00e3o do ex com Fl\u00e1via (Valentina Herszage). Tanto que, ela perguntar\u00e1 se os dois est\u00e3o juntos.<\/p>\n<p>\u201cN\u00e3o! Somos s\u00f3 amigos!\u201d, responder\u00e1 Guilherme, no corpo de Fl\u00e1via.<\/p>\n<p>\u201cNa verdade, n\u00e3o tenho nada a ver com isso\u201d, dir\u00e1 Rose, caindo em si.<\/p>\n<p>Guilherme ficar\u00e1 animado com a presen\u00e7a de Rose. Mas, no corpo de Fl\u00e1via, vai descobrir que ela n\u00e3o quer nada com ele quando as duas forem tomar um caf\u00e9.<\/p>\n<p>\u201cTe chamei pra tomar um caf\u00e9 pra voc\u00ea ficar na boa, tranquila. N\u00e3o quero mais nada com o Gui. Guilherme faz parte do meu passado. Quero olhar pra frente. Seguir em frente. Acabou pra sempre\u201d, garantir\u00e1 a m\u00e3e do Tigr\u00e3o.<\/p>\n<p>No corpo de Fl\u00e1via, Guilherme tentar\u00e1, mas n\u00e3o vai conseguir esconder a tristeza diante da afirma\u00e7\u00e3o de sua amada.<br \/>\nAs cenas v\u00e3o ao ar no cap\u00edtulo de Quanto Mais Vida, Melhor! desta quinta, 17 de mar\u00e7o<br \/>\n<a href=\"https:\/\/www.tvnovelas.com.br\/novelas\/resumos-de-quanto-mais-vida-melhor\/\">Confira os resumos da semana de Quanto Mais Vida, Melhor!<\/a><br \/>\n<div class=\"pt-cv-wrapper\"><div class=\"pt-cv-view pt-cv-grid pt-cv-colsys\" id=\"pt-cv-view-261aa9a9wz\"><div data-id=\"pt-cv-page-1\" class=\"pt-cv-page\" data-cvc=\"1\"><div class=\"col-md-12 col-sm-12 col-xs-12 pt-cv-content-item pt-cv-1-col\" ><div class='pt-cv-ifield'><h4 class=\"pt-cv-title\"><a href=\"https:\/\/www.tvnovelas.com.br\/tvnews\/quanto-mais-vida-melhor-juizo-final-os-quatro-tem-encontro-particular-com-a-morte\/\" class=\"_self\" target=\"_self\" >&#8216;Quanto Mais Vida, Melhor!&#8217;: Ju\u00edzo final: os Quatro t\u00eam encontro particular com a Morte<\/a><\/h4><\/div><\/div>\n<div class=\"col-md-12 col-sm-12 col-xs-12 pt-cv-content-item pt-cv-1-col\" ><div class='pt-cv-ifield'><h4 class=\"pt-cv-title\"><a href=\"https:\/\/www.tvnovelas.com.br\/tvnews\/quanto-mais-vida-melhor-falidas-paula-e-carmem-trocam-juras-te-amo\/\" class=\"_self\" target=\"_self\" >\u2018Quanto Mais Vida, Melhor!\u2019: Falidas, Paula e Carmem trocam juras: \u201cTe amo!\u201d<\/a><\/h4><\/div><\/div>\n<div class=\"col-md-12 col-sm-12 col-xs-12 pt-cv-content-item pt-cv-1-col\" ><div class='pt-cv-ifield'><h4 class=\"pt-cv-title\"><a href=\"https:\/\/www.tvnovelas.com.br\/tvnews\/quanto-mais-vida-melhor-nenem-deixa-paula-usar-e-levar-vestido-de-rose\/\" class=\"_self\" target=\"_self\" >\u2018Quanto Mais Vida, Melhor!\u2019: Nen\u00e9m deixa Paula usar e levar vestido de Rose<\/a><\/h4><\/div><\/div>\n<div class=\"col-md-12 col-sm-12 col-xs-12 pt-cv-content-item pt-cv-1-col\" ><div class='pt-cv-ifield'><h4 class=\"pt-cv-title\"><a href=\"https:\/\/www.tvnovelas.com.br\/tvnews\/quanto-mais-vida-melhor-nasce-a-filha-de-guilherme-e-flavia\/\" class=\"_self\" target=\"_self\" >Quanto Mais Vida, Melhor!: Nasce a filha de Guilherme e Fl\u00e1via<\/a><\/h4><\/div><\/div><\/div><\/div><\/div><br \/>\n<a href=\"https:\/\/www.tvnovelas.com.br\/novelas\/\"><strong>Confira os resumos da semana de todas novelas<\/strong><\/a><\/p>\n<p><strong style=\"font-size: 120%;\">Saiba mais das novelas:<\/strong><br \/>\n<div class=\"pt-cv-wrapper\"><div class=\"pt-cv-view pt-cv-grid pt-cv-colsys\" id=\"pt-cv-view-90991035b3\"><div data-id=\"pt-cv-page-1\" class=\"pt-cv-page\" data-cvc=\"1\"><div class=\"col-md-12 col-sm-12 col-xs-12 pt-cv-content-item pt-cv-1-col\" ><div class='pt-cv-ifield'><h4 class=\"pt-cv-title\"><a href=\"https:\/\/www.tvnovelas.com.br\/tvnews\/coracao-de-mae-atilla-confronta-hasan-e-exige-o-divorcio-de-lale\/\" class=\"_self\" target=\"_self\" >Cora\u00e7\u00e3o de M\u00e3e: Atilla confronta Hasan e exige o div\u00f3rcio de Lale<\/a><\/h4><\/div><\/div>\n<div class=\"col-md-12 col-sm-12 col-xs-12 pt-cv-content-item pt-cv-1-col\" ><div class='pt-cv-ifield'><h4 class=\"pt-cv-title\"><a href=\"https:\/\/www.tvnovelas.com.br\/tvnews\/guerra-das-rosas-gulfem-coloca-gulru-contra-a-parede\/\" class=\"_self\" target=\"_self\" >Guerra das Rosas: Gulfem coloca Gulru contra a parede<\/a><\/h4><\/div><\/div>\n<div class=\"col-md-12 col-sm-12 col-xs-12 pt-cv-content-item pt-cv-1-col\" ><div class='pt-cv-ifield'><h4 class=\"pt-cv-title\"><a href=\"https:\/\/www.tvnovelas.com.br\/tvnews\/coracao-de-mae-atilla-diz-a-lale-que-quer-o-divorcio\/\" class=\"_self\" target=\"_self\" >Cora\u00e7\u00e3o de M\u00e3e: Atilla diz a Lale que quer o div\u00f3rcio<\/a><\/h4><\/div><\/div>\n<div class=\"col-md-12 col-sm-12 col-xs-12 pt-cv-content-item pt-cv-1-col\" ><div class='pt-cv-ifield'><h4 class=\"pt-cv-title\"><a href=\"https:\/\/www.tvnovelas.com.br\/tvnews\/a-nobreza-do-amor-mirinho-garante-noivado-com-virginia-para-atrair-sogro-a-negocio\/\" class=\"_self\" target=\"_self\" >A Nobreza do Amor: Mirinho garante noivado com Virg\u00ednia para atrair sogro a neg\u00f3cio<\/a><\/h4><\/div><\/div>\n<div class=\"col-md-12 col-sm-12 col-xs-12 pt-cv-content-item pt-cv-1-col\" ><div class='pt-cv-ifield'><h4 class=\"pt-cv-title\"><a href=\"https:\/\/www.tvnovelas.com.br\/tvnews\/tres-gracas-joaquim-propoe-fuga-a-arminda-com-o-dinheiro-das-tres-gracas\/\" class=\"_self\" target=\"_self\" >Tr\u00eas Gra\u00e7as:  Joaquim prop\u00f5e fuga a Arminda com o dinheiro das Tr\u00eas Gra\u00e7as<\/a><\/h4><\/div><\/div>\n<div class=\"col-md-12 col-sm-12 col-xs-12 pt-cv-content-item pt-cv-1-col\" ><div class='pt-cv-ifield'><h4 class=\"pt-cv-title\"><a href=\"https:\/\/www.tvnovelas.com.br\/tvnews\/coracao-de-mae-atilla-decide-abrir-o-jogo-com-karsu\/\" class=\"_self\" target=\"_self\" >Cora\u00e7\u00e3o de M\u00e3e: Atilla decide abrir o jogo com Karsu<\/a><\/h4><\/div><\/div>\n<div class=\"col-md-12 col-sm-12 col-xs-12 pt-cv-content-item pt-cv-1-col\" ><div class='pt-cv-ifield'><h4 class=\"pt-cv-title\"><a href=\"https:\/\/www.tvnovelas.com.br\/tvnews\/coracao-de-mae-adnan-e-preso-apos-denuncia-de-irmak\/\" class=\"_self\" target=\"_self\" >Em Cora\u00e7\u00e3o de M\u00e3e: Adnan \u00e9 preso ap\u00f3s denuncia de Irmak<\/a><\/h4><\/div><\/div>\n<div class=\"col-md-12 col-sm-12 col-xs-12 pt-cv-content-item pt-cv-1-col\" ><div class='pt-cv-ifield'><h4 class=\"pt-cv-title\"><a href=\"https:\/\/www.tvnovelas.com.br\/tvnews\/coracao-de-mae-atilla-forca-karsu-a-ouvir-suas-explicacoes\/\" class=\"_self\" target=\"_self\" >Cora\u00e7\u00e3o de M\u00e3e: Atilla for\u00e7a Karsu a ouvir suas explica\u00e7\u00f5es<\/a><\/h4><\/div><\/div>\n<div class=\"col-md-12 col-sm-12 col-xs-12 pt-cv-content-item pt-cv-1-col\" ><div class='pt-cv-ifield'><h4 class=\"pt-cv-title\"><a href=\"https:\/\/www.tvnovelas.com.br\/tvnews\/coracao-acelerado-mulher-choca-janete-ao-se-apresentar-como-amante-do-palhares\/\" class=\"_self\" target=\"_self\" >Cora\u00e7\u00e3o Acelerado: Mulher choca Janete ao se apresentar como amante do Palhares<\/a><\/h4><\/div><\/div>\n<div class=\"col-md-12 col-sm-12 col-xs-12 pt-cv-content-item pt-cv-1-col\" ><div class='pt-cv-ifield'><h4 class=\"pt-cv-title\"><a href=\"https:\/\/www.tvnovelas.com.br\/tvnews\/a-nobreza-do-amor-jendal-dobra-a-recompensa-por-alika\/\" class=\"_self\" target=\"_self\" >A Nobreza do Amor: Jendal dobra a recompensa por Alika<\/a><\/h4><\/div><\/div><\/div><\/div><\/div><br \/>\n<a href=\"http:\/\/tvnovelas.com.br\/filmes\" target=\"_blank\" rel=\"noopener\">Veja tamb\u00e9m: Todas as telas: filmes e s\u00e9ries nos streamings<\/a><\/p>\n","protected":false},"excerpt":{"rendered":"<p>Em Quanto Mais Vida, Melhor!, Rose (B\u00e1rbara Colen) vai come\u00e7ar a trabalhar na ala pedi\u00e1trica da cl\u00ednica de Guilherme (Mateus Solano). E, logo no primeiro..<\/p>\n","protected":false},"author":1,"featured_media":25928,"comment_status":"closed","ping_status":"closed","sticky":false,"template":"","format":"standard","meta":{"_uf_show_specific_survey":0,"_uf_disable_surveys":false,"_jetpack_memberships_contains_paid_content":false,"footnotes":"","_wp_rev_ctl_limit":""},"categories":[291],"tags":[5,64,292],"class_list":["post-25927","post","type-post","status-publish","format-standard","has-post-thumbnail","hentry","category-quanto-mais-vida-melhor","tag-globo","tag-novelas","tag-quanto-mais-vida","wpcat-291-id"],"aioseo_notices":[],"jetpack_featured_media_url":"https:\/\/i0.wp.com\/www.tvnovelas.com.br\/tvnews\/wp-content\/uploads\/2022\/03\/31524.jpg?fit=600%2C360&ssl=1","jetpack_shortlink":"https:\/\/wp.me\/pdP2BO-6Kb","jetpack_sharing_enabled":true,"_links":{"self":[{"href":"https:\/\/www.tvnovelas.com.br\/tvnews\/wp-json\/wp\/v2\/posts\/25927","targetHints":{"allow":["GET"]}}],"collection":[{"href":"https:\/\/www.tvnovelas.com.br\/tvnews\/wp-json\/wp\/v2\/posts"}],"about":[{"href":"https:\/\/www.tvnovelas.com.br\/tvnews\/wp-json\/wp\/v2\/types\/post"}],"author":[{"embeddable":true,"href":"https:\/\/www.tvnovelas.com.br\/tvnews\/wp-json\/wp\/v2\/users\/1"}],"replies":[{"embeddable":true,"href":"https:\/\/www.tvnovelas.com.br\/tvnews\/wp-json\/wp\/v2\/comments?post=25927"}],"version-history":[{"count":0,"href":"https:\/\/www.tvnovelas.com.br\/tvnews\/wp-json\/wp\/v2\/posts\/25927\/revisions"}],"wp:featuredmedia":[{"embeddable":true,"href":"https:\/\/www.tvnovelas.com.br\/tvnews\/wp-json\/wp\/v2\/media\/25928"}],"wp:attachment":[{"href":"https:\/\/www.tvnovelas.com.br\/tvnews\/wp-json\/wp\/v2\/media?parent=25927"}],"wp:term":[{"taxonomy":"category","embeddable":true,"href":"https:\/\/www.tvnovelas.com.br\/tvnews\/wp-json\/wp\/v2\/categories?post=25927"},{"taxonomy":"post_tag","embeddable":true,"href":"https:\/\/www.tvnovelas.com.br\/tvnews\/wp-json\/wp\/v2\/tags?post=25927"}],"curies":[{"name":"wp","href":"https:\/\/api.w.org\/{rel}","templated":true}]}}