{"id":25952,"date":"2022-03-18T09:34:54","date_gmt":"2022-03-18T12:34:54","guid":{"rendered":"https:\/\/www.tvnovelas.com.br\/tvnews\/?p=25952"},"modified":"2022-03-18T09:34:54","modified_gmt":"2022-03-18T12:34:54","slug":"um-lugar-ao-sol-barbara-desiste-da-adocao-de-ludimila","status":"publish","type":"post","link":"https:\/\/www.tvnovelas.com.br\/tvnews\/um-lugar-ao-sol-barbara-desiste-da-adocao-de-ludimila\/","title":{"rendered":"&#8216;Um Lugar ao Sol&#8217;: B\u00e1rbara desiste da ado\u00e7\u00e3o de Ludimila"},"content":{"rendered":"<p><em>Not\u00edcias de &#8216;Um Lugar ao Sol&#8217;:<\/em><br \/>\n<img data-recalc-dims=\"1\" decoding=\"async\" class=\"alignnone wp-image-25953 size-full\" title=\"(Foto: TV Globo\/'Um Lugar ao Sol')\" src=\"https:\/\/i0.wp.com\/www.tvnovelas.com.br\/tvnews\/wp-content\/uploads\/2022\/03\/31532.jpg?resize=600%2C360&#038;ssl=1\" alt=\"foto de cena com B\u00e1rbara, em 'Um Lugar ao Sol'\" width=\"600\" height=\"360\" \/><br \/>\nPor essa Christian\/Renato (Cau\u00e3 Reymond) n\u00e3o esperava: perder definitivamente a guarda de Ludimila, por interfer\u00eancia de B\u00e1rbara (Alinne Moraes).<\/p>\n<p>O executivo, tenso ap\u00f3s o epis\u00f3dio de surto da mulher frente \u00e0 assistente social, vai \u00e0 Vara da Inf\u00e2ncia com o advogado tentar remarcar a audi\u00eancia com o juiz, mas se depara com B\u00e1rbara, que chega ao local determinada.<\/p>\n<p>&#8220;Ent\u00e3o, Merit\u00edssimo&#8230;Na verdade, eu vim at\u00e9 aqui dizer que mudei de ideia e n\u00e3o pretendo seguir em frente com essa ado\u00e7\u00e3o. \u00c9 isso que voc\u00eas ouviram. Eu quero devolver essa crian\u00e7a&#8221;, diz ela, sem se dirigir a Renato.<\/p>\n<p>A atitude de B\u00e1rbara \u00e9 a p\u00e1 de cal para o fim do casamento. Ele arruma as suas coisas e ouve ordens da ex-mulher, que n\u00e3o quer nenhum vest\u00edgio da pequena Ludimila.<\/p>\n<p>&#8220;O \u00fanico pedido de desculpas que eu devo \u00e9 a mim mesmo. Por ter feito isso com a minha vida. Por ter deixado de ser quem eu era&#8221;, fala Renato, amargurado.<\/p>\n<p>Ele chama B\u00e1rbara de doente e se assume t\u00e3o doente quanto ela:<\/p>\n<p>&#8220;Eu sou doente tamb\u00e9m. Ou n\u00e3o teria entrado nessa hist\u00f3ria. A diferen\u00e7a \u00e9 que eu desprezo o que eu sou. E quero me curar. Me curar de voc\u00ea. E de tudo o que voc\u00ea representa.&#8221;<\/p>\n<p>A s\u00f3s com as irm\u00e3s Nicole (Ana Baird) e Rebeca (Andrea Beltr\u00e3o), B\u00e1rbara lamenta o seu fracasso pessoal.<\/p>\n<p>&#8220;O problema \u00e9 que essa hist\u00f3ria, essa s\u00e9rie trash chegou ao fim, mas eu morri no final. E n\u00e3o sobrou nada. Ningu\u00e9m. S\u00f3 essa terra devastada, onde eu sei que n\u00e3o d\u00e1 pra plantar mais nada&#8230;&#8221;, reflete, melanc\u00f3lica.<br \/>\nB\u00e1rbara choca Christian\/Renato ao dizer ao juiz que deseja devolver Ludmila. Christian\/Renato jura que lutar\u00e1 por Ludmila. Rebeca e Nicole<br \/>\nAs cenas v\u00e3o ao ar no cap\u00edtulo de Um Lugar ao Sol desta sexta, 18 de mar\u00e7o<br \/>\n<a href=\"https:\/\/www.tvnovelas.com.br\/novelas\/resumos-de-um-lugar-ao-sol\/\">Confira os resumos da semana de Um Lugar ao Sol<\/a><br \/>\n<div class=\"pt-cv-wrapper\"><div class=\"pt-cv-view pt-cv-grid pt-cv-colsys\" id=\"pt-cv-view-3154a6aaz7\"><div data-id=\"pt-cv-page-1\" class=\"pt-cv-page\" data-cvc=\"1\"><div class=\"col-md-12 col-sm-12 col-xs-12 pt-cv-content-item pt-cv-1-col\" ><div class='pt-cv-ifield'><h4 class=\"pt-cv-title\"><a href=\"https:\/\/www.tvnovelas.com.br\/tvnews\/um-lugar-ao-sol-os-finais-revelados-dos-principais-personagens\/\" class=\"_self\" target=\"_self\" >&#8216;Um Lugar ao Sol&#8217;: Os finais revelados dos principais personagens<\/a><\/h4><\/div><\/div>\n<div class=\"col-md-12 col-sm-12 col-xs-12 pt-cv-content-item pt-cv-1-col\" ><div class='pt-cv-ifield'><h4 class=\"pt-cv-title\"><a href=\"https:\/\/www.tvnovelas.com.br\/tvnews\/um-lugar-ao-sol-christian-revela-a-verdade-a-lara\/\" class=\"_self\" target=\"_self\" >&#8216;Um Lugar ao Sol&#8217;: Christian revela a verdade a Lara<\/a><\/h4><\/div><\/div>\n<div class=\"col-md-12 col-sm-12 col-xs-12 pt-cv-content-item pt-cv-1-col\" ><div class='pt-cv-ifield'><h4 class=\"pt-cv-title\"><a href=\"https:\/\/www.tvnovelas.com.br\/tvnews\/um-lugar-ao-sol-christian-renato-e-ravi-sofrem-acidente-grave\/\" class=\"_self\" target=\"_self\" >&#8216;Um Lugar ao Sol&#8217;: Christian\/Renato e Ravi sofrem acidente grave<\/a><\/h4><\/div><\/div>\n<div class=\"col-md-12 col-sm-12 col-xs-12 pt-cv-content-item pt-cv-1-col\" ><div class='pt-cv-ifield'><h4 class=\"pt-cv-title\"><a href=\"https:\/\/www.tvnovelas.com.br\/tvnews\/um-lugar-ao-sol-christian-renato-flagra-beijo-de-lara-e-ravi\/\" class=\"_self\" target=\"_self\" >&#8216;Um Lugar ao Sol&#8217;: Christian\/Renato flagra beijo de Lara e Ravi<\/a><\/h4><\/div><\/div><\/div><\/div><\/div><br \/>\n<a href=\"https:\/\/www.tvnovelas.com.br\/novelas\/\"><strong>Confira os resumos da semana de todas novelas<\/strong><\/a><\/p>\n<p><strong style=\"font-size: 120%;\">Saiba mais das novelas:<\/strong><br \/>\n<div class=\"pt-cv-wrapper\"><div class=\"pt-cv-view pt-cv-grid pt-cv-colsys\" id=\"pt-cv-view-90991035b3\"><div data-id=\"pt-cv-page-1\" class=\"pt-cv-page\" data-cvc=\"1\"><div class=\"col-md-12 col-sm-12 col-xs-12 pt-cv-content-item pt-cv-1-col\" ><div class='pt-cv-ifield'><h4 class=\"pt-cv-title\"><a href=\"https:\/\/www.tvnovelas.com.br\/tvnews\/coracao-de-mae-atilla-confronta-hasan-e-exige-o-divorcio-de-lale\/\" class=\"_self\" target=\"_self\" >Cora\u00e7\u00e3o de M\u00e3e: Atilla confronta Hasan e exige o div\u00f3rcio de Lale<\/a><\/h4><\/div><\/div>\n<div class=\"col-md-12 col-sm-12 col-xs-12 pt-cv-content-item pt-cv-1-col\" ><div class='pt-cv-ifield'><h4 class=\"pt-cv-title\"><a href=\"https:\/\/www.tvnovelas.com.br\/tvnews\/guerra-das-rosas-gulfem-coloca-gulru-contra-a-parede\/\" class=\"_self\" target=\"_self\" >Guerra das Rosas: Gulfem coloca Gulru contra a parede<\/a><\/h4><\/div><\/div>\n<div class=\"col-md-12 col-sm-12 col-xs-12 pt-cv-content-item pt-cv-1-col\" ><div class='pt-cv-ifield'><h4 class=\"pt-cv-title\"><a href=\"https:\/\/www.tvnovelas.com.br\/tvnews\/coracao-de-mae-atilla-diz-a-lale-que-quer-o-divorcio\/\" class=\"_self\" target=\"_self\" >Cora\u00e7\u00e3o de M\u00e3e: Atilla diz a Lale que quer o div\u00f3rcio<\/a><\/h4><\/div><\/div>\n<div class=\"col-md-12 col-sm-12 col-xs-12 pt-cv-content-item pt-cv-1-col\" ><div class='pt-cv-ifield'><h4 class=\"pt-cv-title\"><a href=\"https:\/\/www.tvnovelas.com.br\/tvnews\/a-nobreza-do-amor-mirinho-garante-noivado-com-virginia-para-atrair-sogro-a-negocio\/\" class=\"_self\" target=\"_self\" >A Nobreza do Amor: Mirinho garante noivado com Virg\u00ednia para atrair sogro a neg\u00f3cio<\/a><\/h4><\/div><\/div>\n<div class=\"col-md-12 col-sm-12 col-xs-12 pt-cv-content-item pt-cv-1-col\" ><div class='pt-cv-ifield'><h4 class=\"pt-cv-title\"><a href=\"https:\/\/www.tvnovelas.com.br\/tvnews\/tres-gracas-joaquim-propoe-fuga-a-arminda-com-o-dinheiro-das-tres-gracas\/\" class=\"_self\" target=\"_self\" >Tr\u00eas Gra\u00e7as:  Joaquim prop\u00f5e fuga a Arminda com o dinheiro das Tr\u00eas Gra\u00e7as<\/a><\/h4><\/div><\/div>\n<div class=\"col-md-12 col-sm-12 col-xs-12 pt-cv-content-item pt-cv-1-col\" ><div class='pt-cv-ifield'><h4 class=\"pt-cv-title\"><a href=\"https:\/\/www.tvnovelas.com.br\/tvnews\/coracao-de-mae-atilla-decide-abrir-o-jogo-com-karsu\/\" class=\"_self\" target=\"_self\" >Cora\u00e7\u00e3o de M\u00e3e: Atilla decide abrir o jogo com Karsu<\/a><\/h4><\/div><\/div>\n<div class=\"col-md-12 col-sm-12 col-xs-12 pt-cv-content-item pt-cv-1-col\" ><div class='pt-cv-ifield'><h4 class=\"pt-cv-title\"><a href=\"https:\/\/www.tvnovelas.com.br\/tvnews\/coracao-de-mae-adnan-e-preso-apos-denuncia-de-irmak\/\" class=\"_self\" target=\"_self\" >Em Cora\u00e7\u00e3o de M\u00e3e: Adnan \u00e9 preso ap\u00f3s denuncia de Irmak<\/a><\/h4><\/div><\/div>\n<div class=\"col-md-12 col-sm-12 col-xs-12 pt-cv-content-item pt-cv-1-col\" ><div class='pt-cv-ifield'><h4 class=\"pt-cv-title\"><a href=\"https:\/\/www.tvnovelas.com.br\/tvnews\/coracao-de-mae-atilla-forca-karsu-a-ouvir-suas-explicacoes\/\" class=\"_self\" target=\"_self\" >Cora\u00e7\u00e3o de M\u00e3e: Atilla for\u00e7a Karsu a ouvir suas explica\u00e7\u00f5es<\/a><\/h4><\/div><\/div>\n<div class=\"col-md-12 col-sm-12 col-xs-12 pt-cv-content-item pt-cv-1-col\" ><div class='pt-cv-ifield'><h4 class=\"pt-cv-title\"><a href=\"https:\/\/www.tvnovelas.com.br\/tvnews\/coracao-acelerado-mulher-choca-janete-ao-se-apresentar-como-amante-do-palhares\/\" class=\"_self\" target=\"_self\" >Cora\u00e7\u00e3o Acelerado: Mulher choca Janete ao se apresentar como amante do Palhares<\/a><\/h4><\/div><\/div>\n<div class=\"col-md-12 col-sm-12 col-xs-12 pt-cv-content-item pt-cv-1-col\" ><div class='pt-cv-ifield'><h4 class=\"pt-cv-title\"><a href=\"https:\/\/www.tvnovelas.com.br\/tvnews\/a-nobreza-do-amor-jendal-dobra-a-recompensa-por-alika\/\" class=\"_self\" target=\"_self\" >A Nobreza do Amor: Jendal dobra a recompensa por Alika<\/a><\/h4><\/div><\/div><\/div><\/div><\/div><br \/>\n<a href=\"http:\/\/tvnovelas.com.br\/filmes\" target=\"_blank\" rel=\"noopener\">Veja tamb\u00e9m: Todas as telas: filmes e s\u00e9ries nos streamings<\/a><\/p>\n","protected":false},"excerpt":{"rendered":"<p>Em Um Lugar ao Sol, Por essa Christian\/Renato (Cau\u00e3 Reymond) n\u00e3o esperava: perder definitivamente a guarda de Ludimila, por interfer\u00eancia de B\u00e1rbara&#8230;<\/p>\n","protected":false},"author":1,"featured_media":25953,"comment_status":"closed","ping_status":"closed","sticky":false,"template":"","format":"standard","meta":{"_uf_show_specific_survey":0,"_uf_disable_surveys":false,"_jetpack_memberships_contains_paid_content":false,"footnotes":"","_wp_rev_ctl_limit":""},"categories":[283],"tags":[5,64,284],"class_list":["post-25952","post","type-post","status-publish","format-standard","has-post-thumbnail","hentry","category-um-lugar-ao-sol","tag-globo","tag-novelas","tag-um-lugar-ao-sol","wpcat-283-id"],"aioseo_notices":[],"jetpack_featured_media_url":"https:\/\/i0.wp.com\/www.tvnovelas.com.br\/tvnews\/wp-content\/uploads\/2022\/03\/31532.jpg?fit=600%2C360&ssl=1","jetpack_shortlink":"https:\/\/wp.me\/pdP2BO-6KA","jetpack_sharing_enabled":true,"_links":{"self":[{"href":"https:\/\/www.tvnovelas.com.br\/tvnews\/wp-json\/wp\/v2\/posts\/25952","targetHints":{"allow":["GET"]}}],"collection":[{"href":"https:\/\/www.tvnovelas.com.br\/tvnews\/wp-json\/wp\/v2\/posts"}],"about":[{"href":"https:\/\/www.tvnovelas.com.br\/tvnews\/wp-json\/wp\/v2\/types\/post"}],"author":[{"embeddable":true,"href":"https:\/\/www.tvnovelas.com.br\/tvnews\/wp-json\/wp\/v2\/users\/1"}],"replies":[{"embeddable":true,"href":"https:\/\/www.tvnovelas.com.br\/tvnews\/wp-json\/wp\/v2\/comments?post=25952"}],"version-history":[{"count":0,"href":"https:\/\/www.tvnovelas.com.br\/tvnews\/wp-json\/wp\/v2\/posts\/25952\/revisions"}],"wp:featuredmedia":[{"embeddable":true,"href":"https:\/\/www.tvnovelas.com.br\/tvnews\/wp-json\/wp\/v2\/media\/25953"}],"wp:attachment":[{"href":"https:\/\/www.tvnovelas.com.br\/tvnews\/wp-json\/wp\/v2\/media?parent=25952"}],"wp:term":[{"taxonomy":"category","embeddable":true,"href":"https:\/\/www.tvnovelas.com.br\/tvnews\/wp-json\/wp\/v2\/categories?post=25952"},{"taxonomy":"post_tag","embeddable":true,"href":"https:\/\/www.tvnovelas.com.br\/tvnews\/wp-json\/wp\/v2\/tags?post=25952"}],"curies":[{"name":"wp","href":"https:\/\/api.w.org\/{rel}","templated":true}]}}