{"id":26026,"date":"2022-03-21T15:41:41","date_gmt":"2022-03-21T18:41:41","guid":{"rendered":"https:\/\/www.tvnovelas.com.br\/tvnews\/?p=26026"},"modified":"2022-03-21T15:46:56","modified_gmt":"2022-03-21T18:46:56","slug":"um-lugar-ao-sol-rebeca-e-felipe-reatam-romance","status":"publish","type":"post","link":"https:\/\/www.tvnovelas.com.br\/tvnews\/um-lugar-ao-sol-rebeca-e-felipe-reatam-romance\/","title":{"rendered":"&#8216;Um Lugar ao Sol&#8217;: Rebeca e Felipe reatam romance"},"content":{"rendered":"<p><em>Not\u00edcias de &#8216;Um Lugar ao Sol&#8217;:<\/em><br \/>\n<img data-recalc-dims=\"1\" decoding=\"async\" class=\"alignnone wp-image-26027 size-full\" title=\"(Foto: TV Globo\/'Um Lugar ao Sol')\" src=\"https:\/\/i0.wp.com\/www.tvnovelas.com.br\/tvnews\/wp-content\/uploads\/2022\/03\/31561.jpg?resize=600%2C360&#038;ssl=1\" alt=\"Foto de cena, em Rebeca e Felipe, em 'Um Lugar ao Sol'\" width=\"600\" height=\"360\" \/><\/p>\n<p>A volta de Felipe (Gabriel Leone) ao Brasil, prestes a operar um tumor no intestino, mexe tamb\u00e9m com Rebeca (Andrea Beltr\u00e3o). O estudante procura a ex-modelo, fala sobre seu estado de sa\u00fade, eles se reaproximam e reatam o romance.<\/p>\n<p>Rebeca, que vem curtindo o namoro com Edgar (Eduardo Moscovis), recebe uma visita de Felipe, que muda os planos da vida dela. Ele lhe fala da opera\u00e7\u00e3o, do risco de morte, e eles se reconectam.<\/p>\n<p>&#8220;A gente acha que a vida \u00e9 pra sempre. Que tem sempre um depois, mas, \u00e0s vezes, n\u00e3o tem. A \u00fanica coisa que eu tenho conseguido escutar \u00e9 a minha voz, dizendo que a vida n\u00e3o faz sentido se for isso: entrar pra uma cirurgia da qual eu nem sei como vou sair, sem me despedir das coisas, das pessoas que eu amo&#8221;, pondera Felipe.<\/p>\n<p>Rebeca diz que o ama, ambos assumem que t\u00eam novos parceiros, mas que isso n\u00e3o os impede de estarem juntos. Eles se beijam e transam.<\/p>\n<p>No dia seguinte, a ex-modelo revela a Edgar que Felipe est\u00e1 de volta a sua vida.<\/p>\n<p>&#8220;Desculpa te meter no meio da minha confus\u00e3o. Na verdade, eu n\u00e3o consigo te dizer nada agora, a n\u00e3o ser que&#8230; A gente est\u00e1 junto. Eu e ele. N\u00e3o tem como ser de outro jeito.&#8221;<\/p>\n<p>A cirurgia de Felipe \u00e9 bem-sucedida, ele sai do hospital e \u00e9 Rebeca quem cuida dele.<\/p>\n<p>O tempo passa, ele se recupera e faz um show com Julia (Denise Fraga), Breno (Marco Ricca) e Rebeca na plateia. Felipe recebe um convite para tocar em Paris, e Rebeca, com todo o amor do mundo e livre de posse, frisa que ele precisa ir:<\/p>\n<p>&#8220;Eu te amo. E \u00e9 por isso que eu acho que voc\u00ea tem que ir. A gente se reencontrou. E viveu, sei l\u00e1, o que era pra ser vivido. Porque n\u00e3o tem mais nada malparado, mal resolvido aqui&#8230;&#8221;<\/p>\n<p>Os dois se beijam, comovidos, sabendo que se trata de uma despedida.<\/p>\n<p>&#8220;Se a nossa hist\u00f3ria tiver sido isso &#8211; at\u00e9 aqui s\u00f3 &#8211; j\u00e1 foi muito. Muito mais do que eu podia esperar&#8230;&#8221;, diz Rebeca.<\/p>\n<p>E Felipe embarca para Paris, onde o sucesso o espera.<br \/>\nAs cenas v\u00e3o ao ar no cap\u00edtulo de Um Lugar ao Sol desta segunda, 21 de mar\u00e7o<br \/>\n<a href=\"https:\/\/www.tvnovelas.com.br\/novelas\/resumos-de-um-lugar-ao-sol\/\">Confira os resumos da semana de Um Lugar ao Sol<\/a><br \/>\n<div class=\"pt-cv-wrapper\"><div class=\"pt-cv-view pt-cv-grid pt-cv-colsys\" id=\"pt-cv-view-3154a6aaz7\"><div data-id=\"pt-cv-page-1\" class=\"pt-cv-page\" data-cvc=\"1\"><div class=\"col-md-12 col-sm-12 col-xs-12 pt-cv-content-item pt-cv-1-col\" ><div class='pt-cv-ifield'><h4 class=\"pt-cv-title\"><a href=\"https:\/\/www.tvnovelas.com.br\/tvnews\/um-lugar-ao-sol-os-finais-revelados-dos-principais-personagens\/\" class=\"_self\" target=\"_self\" >&#8216;Um Lugar ao Sol&#8217;: Os finais revelados dos principais personagens<\/a><\/h4><\/div><\/div>\n<div class=\"col-md-12 col-sm-12 col-xs-12 pt-cv-content-item pt-cv-1-col\" ><div class='pt-cv-ifield'><h4 class=\"pt-cv-title\"><a href=\"https:\/\/www.tvnovelas.com.br\/tvnews\/um-lugar-ao-sol-christian-revela-a-verdade-a-lara\/\" class=\"_self\" target=\"_self\" >&#8216;Um Lugar ao Sol&#8217;: Christian revela a verdade a Lara<\/a><\/h4><\/div><\/div>\n<div class=\"col-md-12 col-sm-12 col-xs-12 pt-cv-content-item pt-cv-1-col\" ><div class='pt-cv-ifield'><h4 class=\"pt-cv-title\"><a href=\"https:\/\/www.tvnovelas.com.br\/tvnews\/um-lugar-ao-sol-christian-renato-e-ravi-sofrem-acidente-grave\/\" class=\"_self\" target=\"_self\" >&#8216;Um Lugar ao Sol&#8217;: Christian\/Renato e Ravi sofrem acidente grave<\/a><\/h4><\/div><\/div>\n<div class=\"col-md-12 col-sm-12 col-xs-12 pt-cv-content-item pt-cv-1-col\" ><div class='pt-cv-ifield'><h4 class=\"pt-cv-title\"><a href=\"https:\/\/www.tvnovelas.com.br\/tvnews\/um-lugar-ao-sol-christian-renato-flagra-beijo-de-lara-e-ravi\/\" class=\"_self\" target=\"_self\" >&#8216;Um Lugar ao Sol&#8217;: Christian\/Renato flagra beijo de Lara e Ravi<\/a><\/h4><\/div><\/div><\/div><\/div><\/div><br \/>\n<a href=\"https:\/\/www.tvnovelas.com.br\/novelas\/\"><strong>Confira os resumos da semana de todas novelas<\/strong><\/a><\/p>\n<p><strong style=\"font-size: 120%;\">Saiba mais das novelas:<\/strong><br \/>\n<div class=\"pt-cv-wrapper\"><div class=\"pt-cv-view pt-cv-grid pt-cv-colsys\" id=\"pt-cv-view-90991035b3\"><div data-id=\"pt-cv-page-1\" class=\"pt-cv-page\" data-cvc=\"1\"><div class=\"col-md-12 col-sm-12 col-xs-12 pt-cv-content-item pt-cv-1-col\" ><div class='pt-cv-ifield'><h4 class=\"pt-cv-title\"><a href=\"https:\/\/www.tvnovelas.com.br\/tvnews\/em-coracao-de-mae-nos-proximos-capitulos-04-a-08-5\/\" class=\"_self\" target=\"_self\" >Em Cora\u00e7\u00e3o de M\u00e3e nos pr\u00f3ximos cap\u00edtulos (04 a 08\/5)<\/a><\/h4><\/div><\/div>\n<div class=\"col-md-12 col-sm-12 col-xs-12 pt-cv-content-item pt-cv-1-col\" ><div class='pt-cv-ifield'><h4 class=\"pt-cv-title\"><a href=\"https:\/\/www.tvnovelas.com.br\/tvnews\/coracao-de-mae-hasan-e-filiz-em-piquenique-romantico\/\" class=\"_self\" target=\"_self\" >Cora\u00e7\u00e3o de M\u00e3e: Hasan e Filiz em piquenique rom\u00e2ntico<\/a><\/h4><\/div><\/div>\n<div class=\"col-md-12 col-sm-12 col-xs-12 pt-cv-content-item pt-cv-1-col\" ><div class='pt-cv-ifield'><h4 class=\"pt-cv-title\"><a href=\"https:\/\/www.tvnovelas.com.br\/tvnews\/guerra-das-rosas-cihan-vibra-com-desistencia-de-gulru-de-casar-com-mert\/\" class=\"_self\" target=\"_self\" >Guerra das Rosas: Cihan vibra com desist\u00eancia de Gulru de casar com Mert<\/a><\/h4><\/div><\/div>\n<div class=\"col-md-12 col-sm-12 col-xs-12 pt-cv-content-item pt-cv-1-col\" ><div class='pt-cv-ifield'><h4 class=\"pt-cv-title\"><a href=\"https:\/\/www.tvnovelas.com.br\/tvnews\/coracao-de-mae-irmak-denuncia-adnan\/\" class=\"_self\" target=\"_self\" >Cora\u00e7\u00e3o de M\u00e3e: Irmak denuncia Adnan<\/a><\/h4><\/div><\/div>\n<div class=\"col-md-12 col-sm-12 col-xs-12 pt-cv-content-item pt-cv-1-col\" ><div class='pt-cv-ifield'><h4 class=\"pt-cv-title\"><a href=\"https:\/\/www.tvnovelas.com.br\/tvnews\/a-nobreza-do-amor-mirinho-e-obrigado-a-resgatar-tonho\/\" class=\"_self\" target=\"_self\" >A Nobreza do Amor: Mirinho \u00e9 obrigado a resgatar Tonho<\/a><\/h4><\/div><\/div>\n<div class=\"col-md-12 col-sm-12 col-xs-12 pt-cv-content-item pt-cv-1-col\" ><div class='pt-cv-ifield'><h4 class=\"pt-cv-title\"><a href=\"https:\/\/www.tvnovelas.com.br\/tvnews\/tres-gracas-paulinho-e-afastado-da-policia-por-causa-de-gerluce\/\" class=\"_self\" target=\"_self\" >Tr\u00eas Gra\u00e7as: Paulinho \u00e9 afastado da pol\u00edcia por causa de Gerluce<\/a><\/h4><\/div><\/div>\n<div class=\"col-md-12 col-sm-12 col-xs-12 pt-cv-content-item pt-cv-1-col\" ><div class='pt-cv-ifield'><h4 class=\"pt-cv-title\"><a href=\"https:\/\/www.tvnovelas.com.br\/tvnews\/coracao-de-mae-irmak-inicia-jogo-arriscado-contra-adnan\/\" class=\"_self\" target=\"_self\" >Cora\u00e7\u00e3o de M\u00e3e: Irmak inicia jogo arriscado contra Adnan<\/a><\/h4><\/div><\/div>\n<div class=\"col-md-12 col-sm-12 col-xs-12 pt-cv-content-item pt-cv-1-col\" ><div class='pt-cv-ifield'><h4 class=\"pt-cv-title\"><a href=\"https:\/\/www.tvnovelas.com.br\/tvnews\/guerra-das-rosas-omer-chama-gulru-vestida-de-noiva-para-fugir\/\" class=\"_self\" target=\"_self\" >Guerra das Rosas: Omer chama Gulru vestida de noiva para fugir<\/a><\/h4><\/div><\/div>\n<div class=\"col-md-12 col-sm-12 col-xs-12 pt-cv-content-item pt-cv-1-col\" ><div class='pt-cv-ifield'><h4 class=\"pt-cv-title\"><a href=\"https:\/\/www.tvnovelas.com.br\/tvnews\/coracao-de-mae-reha-sai-para-jantar-com-selvi\/\" class=\"_self\" target=\"_self\" >Cora\u00e7\u00e3o de M\u00e3e: Reha sai para jantar com Selvi<\/a><\/h4><\/div><\/div>\n<div class=\"col-md-12 col-sm-12 col-xs-12 pt-cv-content-item pt-cv-1-col\" ><div class='pt-cv-ifield'><h4 class=\"pt-cv-title\"><a href=\"https:\/\/www.tvnovelas.com.br\/tvnews\/coracao-acelerado-zila-se-preocupa-com-sua-situacao-apos-separacao\/\" class=\"_self\" target=\"_self\" >Cora\u00e7\u00e3o Acelerado: Zil\u00e1 se preocupa com sua situa\u00e7\u00e3o ap\u00f3s separa\u00e7\u00e3o<\/a><\/h4><\/div><\/div><\/div><\/div><\/div><br \/>\n<a href=\"http:\/\/tvnovelas.com.br\/filmes\" target=\"_blank\" rel=\"noopener\">Veja tamb\u00e9m: Todas as telas: filmes e s\u00e9ries nos streamings<\/a><\/p>\n","protected":false},"excerpt":{"rendered":"<p>Em Um Lugar ao Sol, a volta de Felipe (Gabriel Leone) ao Brasil, prestes a operar um tumor no intestino, mexe tamb\u00e9m com Rebeca (Andrea Beltr\u00e3o)&#8230;.<\/p>\n","protected":false},"author":1,"featured_media":26027,"comment_status":"closed","ping_status":"closed","sticky":false,"template":"","format":"standard","meta":{"_uf_show_specific_survey":0,"_uf_disable_surveys":false,"_jetpack_memberships_contains_paid_content":false,"footnotes":"","_wp_rev_ctl_limit":""},"categories":[283],"tags":[5,64,284],"class_list":["post-26026","post","type-post","status-publish","format-standard","has-post-thumbnail","hentry","category-um-lugar-ao-sol","tag-globo","tag-novelas","tag-um-lugar-ao-sol","wpcat-283-id"],"aioseo_notices":[],"jetpack_featured_media_url":"https:\/\/i0.wp.com\/www.tvnovelas.com.br\/tvnews\/wp-content\/uploads\/2022\/03\/31561.jpg?fit=600%2C360&ssl=1","jetpack_shortlink":"https:\/\/wp.me\/pdP2BO-6LM","jetpack_sharing_enabled":true,"_links":{"self":[{"href":"https:\/\/www.tvnovelas.com.br\/tvnews\/wp-json\/wp\/v2\/posts\/26026","targetHints":{"allow":["GET"]}}],"collection":[{"href":"https:\/\/www.tvnovelas.com.br\/tvnews\/wp-json\/wp\/v2\/posts"}],"about":[{"href":"https:\/\/www.tvnovelas.com.br\/tvnews\/wp-json\/wp\/v2\/types\/post"}],"author":[{"embeddable":true,"href":"https:\/\/www.tvnovelas.com.br\/tvnews\/wp-json\/wp\/v2\/users\/1"}],"replies":[{"embeddable":true,"href":"https:\/\/www.tvnovelas.com.br\/tvnews\/wp-json\/wp\/v2\/comments?post=26026"}],"version-history":[{"count":0,"href":"https:\/\/www.tvnovelas.com.br\/tvnews\/wp-json\/wp\/v2\/posts\/26026\/revisions"}],"wp:featuredmedia":[{"embeddable":true,"href":"https:\/\/www.tvnovelas.com.br\/tvnews\/wp-json\/wp\/v2\/media\/26027"}],"wp:attachment":[{"href":"https:\/\/www.tvnovelas.com.br\/tvnews\/wp-json\/wp\/v2\/media?parent=26026"}],"wp:term":[{"taxonomy":"category","embeddable":true,"href":"https:\/\/www.tvnovelas.com.br\/tvnews\/wp-json\/wp\/v2\/categories?post=26026"},{"taxonomy":"post_tag","embeddable":true,"href":"https:\/\/www.tvnovelas.com.br\/tvnews\/wp-json\/wp\/v2\/tags?post=26026"}],"curies":[{"name":"wp","href":"https:\/\/api.w.org\/{rel}","templated":true}]}}