{"id":26124,"date":"2022-03-25T09:18:24","date_gmt":"2022-03-25T12:18:24","guid":{"rendered":"https:\/\/www.tvnovelas.com.br\/tvnews\/?p=26124"},"modified":"2022-03-25T09:18:24","modified_gmt":"2022-03-25T12:18:24","slug":"um-lugar-ao-sol-christian-revela-a-verdade-a-lara","status":"publish","type":"post","link":"https:\/\/www.tvnovelas.com.br\/tvnews\/um-lugar-ao-sol-christian-revela-a-verdade-a-lara\/","title":{"rendered":"&#8216;Um Lugar ao Sol&#8217;: Christian revela a verdade a Lara"},"content":{"rendered":"<p><em>Not\u00edcias de &#8216;Um Lugar ao Sol&#8217;:<\/em><br \/>\n<img data-recalc-dims=\"1\" decoding=\"async\" class=\"alignnone wp-image-26125 size-full\" title=\"(Foto: TV Globo\/'Um Lugar ao Sol')\" src=\"https:\/\/i0.wp.com\/www.tvnovelas.com.br\/tvnews\/wp-content\/uploads\/2022\/03\/31590.jpg?resize=600%2C360&#038;ssl=1\" alt=\"Foto de Lara, em 'Um Lugar ao Sol'\" width=\"600\" height=\"360\" \/><br \/>\nO acidente sofrido por Christian\/Renato (Cau\u00e3 Reymond) e Ravi (Juan Paiva) \u00e9 a deixa para o g\u00eameo impostor acabar definitivamente com a farsa da troca de identidades e revelar tudo a Lara (Andr\u00e9ia Horta), que reage com muita raiva.<\/p>\n<p>Enquanto Ravi fica em estado grave, correndo risco de morte, o executivo tem apenas escoria\u00e7\u00f5es e teme pela vida do amigo.<\/p>\n<p>&#8220;Cad\u00ea o Ravi? Eu preciso saber dele. Pelo amor de Deus, o meu amigo est\u00e1 bem?&#8221;, pergunta Christian, angustiado, ao saber que o rapaz est\u00e1 sendo operado.<\/p>\n<p>Uma enfermeira recolhe os pertences de Ravi e v\u00ea o celular tocando. \u00c9 Lara. Ela atende \u00e0 chamada e diz \u00e0 cozinheira que o rapaz sofreu um acidente e est\u00e1 sendo operado.<\/p>\n<p>Lara chega ao hospital e descobre que, al\u00e9m de Ravi, Renato estava no carro e era o motorista. Sem entender a liga\u00e7\u00e3o dos dois, Lara procura Christian\/Renato na enfermaria e exige uma explica\u00e7\u00e3o.<\/p>\n<p>&#8220;O que \u00e9 que o Ravi estava fazendo no seu carro?&#8221;, indaga Lara, num misto de apreens\u00e3o e raiva.<\/p>\n<p>Diante de Lara, Christian n\u00e3o consegue mais segurar a m\u00e1scara e conta toda a verdade:<\/p>\n<p>&#8220;O meu nome n\u00e3o \u00e9 Renato, o meu nome \u00e9 Christian! Christian dos Santos! Eu tomei o lugar do meu irm\u00e3o, Lara. Na noite em que eu te deixei na rodovi\u00e1ria&#8230;Ele subiu o morro no meu lugar e foi morto. E eu n\u00e3o tive escolha, quer dizer, tive: eu escolhi tomar a vida do meu irm\u00e3o pra mim, j\u00e1 que a minha valia t\u00e3o pouco.&#8221;<\/p>\n<p>Por um momento Lara n\u00e3o acredita, mas desaba ao se deparar com a verdade, acusando-o de doente, monstro e perverso.<\/p>\n<p>&#8220;Eu n\u00e3o posso pedir perd\u00e3o porque n\u00e3o mere\u00e7o. Eu mesmo n\u00e3o me perdoo. Nunca vou me perdoar&#8221;, lamenta Christian, diante da amada.<\/p>\n<p>Com o pensamento um pouco mais claro, a cozinheira comenta com Geize (Stella Freitas) que agora come\u00e7a a entender muita coisa.<\/p>\n<p>&#8220;Ele guardou o segredo do Chris. O Ravi sabia, dona Geize. Ele tinha um respeito, uma adora\u00e7\u00e3o pelo Christian, coitado. \u00c9 por isso que ele n\u00e3o podia contar, entende?&#8221;<\/p>\n<p>Apesar da dor da revela\u00e7\u00e3o, Christian e Lara est\u00e3o presos a outra dor: o estado de sa\u00fade Ravi.<br \/>\nAs cenas v\u00e3o ao ar no cap\u00edtulo desta sexta, 25 de mar\u00e7o<br \/>\n<strong style=\"font-size: 120%;\">Saiba mais das novelas:<\/strong><br \/>\n<div class=\"pt-cv-wrapper\"><div class=\"pt-cv-view pt-cv-grid pt-cv-colsys\" id=\"pt-cv-view-90991035b3\"><div data-id=\"pt-cv-page-1\" class=\"pt-cv-page\" data-cvc=\"1\"><div class=\"col-md-12 col-sm-12 col-xs-12 pt-cv-content-item pt-cv-1-col\" ><div class='pt-cv-ifield'><h4 class=\"pt-cv-title\"><a href=\"https:\/\/www.tvnovelas.com.br\/tvnews\/em-coracao-de-mae-nos-proximos-capitulos-04-a-08-5\/\" class=\"_self\" target=\"_self\" >Em Cora\u00e7\u00e3o de M\u00e3e nos pr\u00f3ximos cap\u00edtulos (04 a 08\/5)<\/a><\/h4><\/div><\/div>\n<div class=\"col-md-12 col-sm-12 col-xs-12 pt-cv-content-item pt-cv-1-col\" ><div class='pt-cv-ifield'><h4 class=\"pt-cv-title\"><a href=\"https:\/\/www.tvnovelas.com.br\/tvnews\/coracao-de-mae-hasan-e-filiz-em-piquenique-romantico\/\" class=\"_self\" target=\"_self\" >Cora\u00e7\u00e3o de M\u00e3e: Hasan e Filiz em piquenique rom\u00e2ntico<\/a><\/h4><\/div><\/div>\n<div class=\"col-md-12 col-sm-12 col-xs-12 pt-cv-content-item pt-cv-1-col\" ><div class='pt-cv-ifield'><h4 class=\"pt-cv-title\"><a href=\"https:\/\/www.tvnovelas.com.br\/tvnews\/guerra-das-rosas-cihan-vibra-com-desistencia-de-gulru-de-casar-com-mert\/\" class=\"_self\" target=\"_self\" >Guerra das Rosas: Cihan vibra com desist\u00eancia de Gulru de casar com Mert<\/a><\/h4><\/div><\/div>\n<div class=\"col-md-12 col-sm-12 col-xs-12 pt-cv-content-item pt-cv-1-col\" ><div class='pt-cv-ifield'><h4 class=\"pt-cv-title\"><a href=\"https:\/\/www.tvnovelas.com.br\/tvnews\/coracao-de-mae-irmak-denuncia-adnan\/\" class=\"_self\" target=\"_self\" >Cora\u00e7\u00e3o de M\u00e3e: Irmak denuncia Adnan<\/a><\/h4><\/div><\/div>\n<div class=\"col-md-12 col-sm-12 col-xs-12 pt-cv-content-item pt-cv-1-col\" ><div class='pt-cv-ifield'><h4 class=\"pt-cv-title\"><a href=\"https:\/\/www.tvnovelas.com.br\/tvnews\/a-nobreza-do-amor-mirinho-e-obrigado-a-resgatar-tonho\/\" class=\"_self\" target=\"_self\" >A Nobreza do Amor: Mirinho \u00e9 obrigado a resgatar Tonho<\/a><\/h4><\/div><\/div>\n<div class=\"col-md-12 col-sm-12 col-xs-12 pt-cv-content-item pt-cv-1-col\" ><div class='pt-cv-ifield'><h4 class=\"pt-cv-title\"><a href=\"https:\/\/www.tvnovelas.com.br\/tvnews\/tres-gracas-paulinho-e-afastado-da-policia-por-causa-de-gerluce\/\" class=\"_self\" target=\"_self\" >Tr\u00eas Gra\u00e7as: Paulinho \u00e9 afastado da pol\u00edcia por causa de Gerluce<\/a><\/h4><\/div><\/div>\n<div class=\"col-md-12 col-sm-12 col-xs-12 pt-cv-content-item pt-cv-1-col\" ><div class='pt-cv-ifield'><h4 class=\"pt-cv-title\"><a href=\"https:\/\/www.tvnovelas.com.br\/tvnews\/coracao-de-mae-irmak-inicia-jogo-arriscado-contra-adnan\/\" class=\"_self\" target=\"_self\" >Cora\u00e7\u00e3o de M\u00e3e: Irmak inicia jogo arriscado contra Adnan<\/a><\/h4><\/div><\/div>\n<div class=\"col-md-12 col-sm-12 col-xs-12 pt-cv-content-item pt-cv-1-col\" ><div class='pt-cv-ifield'><h4 class=\"pt-cv-title\"><a href=\"https:\/\/www.tvnovelas.com.br\/tvnews\/guerra-das-rosas-omer-chama-gulru-vestida-de-noiva-para-fugir\/\" class=\"_self\" target=\"_self\" >Guerra das Rosas: Omer chama Gulru vestida de noiva para fugir<\/a><\/h4><\/div><\/div>\n<div class=\"col-md-12 col-sm-12 col-xs-12 pt-cv-content-item pt-cv-1-col\" ><div class='pt-cv-ifield'><h4 class=\"pt-cv-title\"><a href=\"https:\/\/www.tvnovelas.com.br\/tvnews\/coracao-de-mae-reha-sai-para-jantar-com-selvi\/\" class=\"_self\" target=\"_self\" >Cora\u00e7\u00e3o de M\u00e3e: Reha sai para jantar com Selvi<\/a><\/h4><\/div><\/div>\n<div class=\"col-md-12 col-sm-12 col-xs-12 pt-cv-content-item pt-cv-1-col\" ><div class='pt-cv-ifield'><h4 class=\"pt-cv-title\"><a href=\"https:\/\/www.tvnovelas.com.br\/tvnews\/coracao-acelerado-zila-se-preocupa-com-sua-situacao-apos-separacao\/\" class=\"_self\" target=\"_self\" >Cora\u00e7\u00e3o Acelerado: Zil\u00e1 se preocupa com sua situa\u00e7\u00e3o ap\u00f3s separa\u00e7\u00e3o<\/a><\/h4><\/div><\/div><\/div><\/div><\/div><br \/>\n<a href=\"https:\/\/www.tvnovelas.com.br\/novelas\/\"><strong>Confira os resumos da semana de todas novelas<\/strong><\/a><br \/>\n<a href=\"http:\/\/tvnovelas.com.br\/filmes\" target=\"_blank\" rel=\"noopener\">Veja tamb\u00e9m: Todas as telas: filmes e s\u00e9ries nos streamings<\/a><\/p>\n","protected":false},"excerpt":{"rendered":"<p>Em Um Lugar ao Sol, o acidente sofrido por Christian\/Renato (Cau\u00e3 Reymond) e Ravi (Juan Paiva) \u00e9 a deixa para o g\u00eameo impostor acabar definitivamente&#8230;<\/p>\n","protected":false},"author":1,"featured_media":26125,"comment_status":"closed","ping_status":"closed","sticky":false,"template":"","format":"standard","meta":{"_uf_show_specific_survey":0,"_uf_disable_surveys":false,"_jetpack_memberships_contains_paid_content":false,"footnotes":"","_wp_rev_ctl_limit":""},"categories":[283],"tags":[5,64,284],"class_list":["post-26124","post","type-post","status-publish","format-standard","has-post-thumbnail","hentry","category-um-lugar-ao-sol","tag-globo","tag-novelas","tag-um-lugar-ao-sol","wpcat-283-id"],"aioseo_notices":[],"jetpack_featured_media_url":"https:\/\/i0.wp.com\/www.tvnovelas.com.br\/tvnews\/wp-content\/uploads\/2022\/03\/31590.jpg?fit=600%2C360&ssl=1","jetpack_shortlink":"https:\/\/wp.me\/pdP2BO-6Nm","jetpack_sharing_enabled":true,"_links":{"self":[{"href":"https:\/\/www.tvnovelas.com.br\/tvnews\/wp-json\/wp\/v2\/posts\/26124","targetHints":{"allow":["GET"]}}],"collection":[{"href":"https:\/\/www.tvnovelas.com.br\/tvnews\/wp-json\/wp\/v2\/posts"}],"about":[{"href":"https:\/\/www.tvnovelas.com.br\/tvnews\/wp-json\/wp\/v2\/types\/post"}],"author":[{"embeddable":true,"href":"https:\/\/www.tvnovelas.com.br\/tvnews\/wp-json\/wp\/v2\/users\/1"}],"replies":[{"embeddable":true,"href":"https:\/\/www.tvnovelas.com.br\/tvnews\/wp-json\/wp\/v2\/comments?post=26124"}],"version-history":[{"count":0,"href":"https:\/\/www.tvnovelas.com.br\/tvnews\/wp-json\/wp\/v2\/posts\/26124\/revisions"}],"wp:featuredmedia":[{"embeddable":true,"href":"https:\/\/www.tvnovelas.com.br\/tvnews\/wp-json\/wp\/v2\/media\/26125"}],"wp:attachment":[{"href":"https:\/\/www.tvnovelas.com.br\/tvnews\/wp-json\/wp\/v2\/media?parent=26124"}],"wp:term":[{"taxonomy":"category","embeddable":true,"href":"https:\/\/www.tvnovelas.com.br\/tvnews\/wp-json\/wp\/v2\/categories?post=26124"},{"taxonomy":"post_tag","embeddable":true,"href":"https:\/\/www.tvnovelas.com.br\/tvnews\/wp-json\/wp\/v2\/tags?post=26124"}],"curies":[{"name":"wp","href":"https:\/\/api.w.org\/{rel}","templated":true}]}}