{"id":26608,"date":"2022-04-08T16:20:38","date_gmt":"2022-04-08T19:20:38","guid":{"rendered":"https:\/\/www.tvnovelas.com.br\/tvnews\/?p=26608"},"modified":"2022-04-08T16:20:38","modified_gmt":"2022-04-08T19:20:38","slug":"pantanal-20-anos-se-passam-ze-e-jove-nunca-se-viram","status":"publish","type":"post","link":"https:\/\/www.tvnovelas.com.br\/tvnews\/pantanal-20-anos-se-passam-ze-e-jove-nunca-se-viram\/","title":{"rendered":"Pantanal: 20 anos se passam; Z\u00e9 e Jove nunca se viram"},"content":{"rendered":"<p><em>Not\u00edcias de Pantanal:<\/em><br \/>\n<img data-recalc-dims=\"1\" decoding=\"async\" class=\"alignnone wp-image-26613 size-full\" title=\"(Foto: TV Globo\/Pantanal)\" src=\"https:\/\/i0.wp.com\/www.tvnovelas.com.br\/tvnews\/wp-content\/uploads\/2022\/04\/31740.jpg?resize=600%2C360&#038;ssl=1\" alt=\"Foto de Z\u00e9 Le\u00f4ncio, em Pantanal\" width=\"600\" height=\"360\" \/><br \/>\nA segunda fase de \u2018Pantanal\u2019, tem in\u00edcio na pr\u00f3xima ter\u00e7a-feira, dia 12 de abril. Nesta sexta (8), Jos\u00e9 Le\u00f4ncio (Renato G\u00f3es\/ Marcos Palmeira), que est\u00e1 no Rio de Janeiro para buscar Jove (Gui Tavares\/ Jesu\u00edta Barbosa), volta atr\u00e1s e decide que o melhor \u00e9 que ele fique ao lado de Madeleine (Bruna Linzmeyer). Ele se compromete a cuidar das despesas do filho, e, depois que Madeleine tenta se reconciliar com o marido, Z\u00e9 Le\u00f4ncio deixa claro que n\u00e3o quer mais nenhuma rela\u00e7\u00e3o com ela. O pe\u00e3o retorna para o Pantanal sozinho, e desolado. Ele \u00e9 consolado por Fil\u00f3 (Let\u00edcia Salles), que revela que Tadeu (Lucas de Oliveira dos Santos) \u00e9 seu filho. A not\u00edcia, de certa forma, conforta seu cora\u00e7\u00e3o, mas n\u00e3o o preenche, e fica o vazio deixado pela aus\u00eancia de Jove.<\/p>\n<p>Alguns anos se passam e Jove j\u00e1 \u00e9 uma crian\u00e7a quando, em cenas que v\u00e3o ao ar a partir de segunda-feira (11), Madeleine (Bruna Linzmeyer\/ Karine Teles) diz a ele que seu pai est\u00e1 morto. A mentira deixa Irma (Malu Rodrigues\/ Camila Morgado) indignada e faz com que ela v\u00e1 ao Pantanal dar esta not\u00edcia pessoalmente a Jos\u00e9 Le\u00f4ncio, que fica revoltado. Ela, contudo, pondera que a rela\u00e7\u00e3o que o fazendeiro tem com Fil\u00f3 (Let\u00edcia Salles\/ Dira Paes) e Tadeu (Gustavo Corasini\/ Jos\u00e9 Loreto) pode pesar contra ele, fazendo com que a justi\u00e7a n\u00e3o o deixe nunca mais se aproximar do filho. Jos\u00e9 Le\u00f4ncio, ent\u00e3o, desiste de ir ao Rio de Janeiro esclarecer essa hist\u00f3ria e sofre, imaginando que Jove nunca saber\u00e1 sobre sua exist\u00eancia.<\/p>\n<p>E \u00e9 neste contexto que 20 anos se passam nas fam\u00edlias Novaes e Le\u00f4ncio, sem que pai e filho tenham qualquer tipo de rela\u00e7\u00e3o. Nos dias atuais, Jove (Jesu\u00edta Barbosa) \u00e9 um jovem que n\u00e3o se d\u00e1 bem com a m\u00e3e, Madeleine (Karine Teles), e que tem uma rela\u00e7\u00e3o de afeto importante com sua tia Irma (Camila Morgado). Ele n\u00e3o sabe sequer que \u00e9 \u00e0s custas do pai que mant\u00e9m todos os seus caprichos de uma vida sem restri\u00e7\u00f5es no Rio de Janeiro.<br \/>\nAs cenas v\u00e3o ao ar nos pr\u00f3ximos cap\u00edtulos de Pantanal<br \/>\n<a href=\"https:\/\/www.tvnovelas.com.br\/novelas\/resumos-de-pantanal\/\">Confira os resumos da semana de Pantanal<\/a><br \/>\n<div class=\"pt-cv-wrapper\"><div class=\"pt-cv-view pt-cv-grid pt-cv-colsys\" id=\"pt-cv-view-de7abf2oli\"><div data-id=\"pt-cv-page-1\" class=\"pt-cv-page\" data-cvc=\"1\"><div class=\"col-md-12 col-sm-12 col-xs-12 pt-cv-content-item pt-cv-1-col\" ><div class='pt-cv-ifield'><h4 class=\"pt-cv-title\"><a href=\"https:\/\/www.tvnovelas.com.br\/tvnews\/pantanal-lances-dos-capitulos-finais\/\" class=\"_blank\" target=\"_blank\" >Pantanal: Lances dos cap\u00edtulos finais<\/a><\/h4><\/div><\/div>\n<div class=\"col-md-12 col-sm-12 col-xs-12 pt-cv-content-item pt-cv-1-col\" ><div class='pt-cv-ifield'><h4 class=\"pt-cv-title\"><a href=\"https:\/\/www.tvnovelas.com.br\/tvnews\/pantanal-alcides-e-maria-vao-embora-do-pantanal\/\" class=\"_blank\" target=\"_blank\" >Pantanal: Alcides e Maria v\u00e3o embora do Pantanal<\/a><\/h4><\/div><\/div>\n<div class=\"col-md-12 col-sm-12 col-xs-12 pt-cv-content-item pt-cv-1-col\" ><div class='pt-cv-ifield'><h4 class=\"pt-cv-title\"><a href=\"https:\/\/www.tvnovelas.com.br\/tvnews\/pantanal-juma-descobre-que-muda-esta-gravida\/\" class=\"_blank\" target=\"_blank\" >Pantanal: Juma descobre que Muda est\u00e1 gr\u00e1vida<\/a><\/h4><\/div><\/div>\n<div class=\"col-md-12 col-sm-12 col-xs-12 pt-cv-content-item pt-cv-1-col\" ><div class='pt-cv-ifield'><h4 class=\"pt-cv-title\"><a href=\"https:\/\/www.tvnovelas.com.br\/tvnews\/pantanal-renato-promete-matar-o-peao-que-atirou-em-seu-pai\/\" class=\"_blank\" target=\"_blank\" >Pantanal: Renato promete matar o pe\u00e3o que atirou em seu pai<\/a><\/h4><\/div><\/div><\/div><\/div><\/div><\/p>\n<p><strong style=\"font-size: 120%;\">Saiba mais das novelas:<\/strong><br \/>\n<div class=\"pt-cv-wrapper\"><div class=\"pt-cv-view pt-cv-grid pt-cv-colsys\" id=\"pt-cv-view-90991035b3\"><div data-id=\"pt-cv-page-1\" class=\"pt-cv-page\" data-cvc=\"1\"><div class=\"col-md-12 col-sm-12 col-xs-12 pt-cv-content-item pt-cv-1-col\" ><div class='pt-cv-ifield'><h4 class=\"pt-cv-title\"><a href=\"https:\/\/www.tvnovelas.com.br\/tvnews\/em-coracao-de-mae-nos-proximos-capitulos-04-a-08-5\/\" class=\"_self\" target=\"_self\" >Em Cora\u00e7\u00e3o de M\u00e3e nos pr\u00f3ximos cap\u00edtulos (04 a 08\/5)<\/a><\/h4><\/div><\/div>\n<div class=\"col-md-12 col-sm-12 col-xs-12 pt-cv-content-item pt-cv-1-col\" ><div class='pt-cv-ifield'><h4 class=\"pt-cv-title\"><a href=\"https:\/\/www.tvnovelas.com.br\/tvnews\/coracao-de-mae-hasan-e-filiz-em-piquenique-romantico\/\" class=\"_self\" target=\"_self\" >Cora\u00e7\u00e3o de M\u00e3e: Hasan e Filiz em piquenique rom\u00e2ntico<\/a><\/h4><\/div><\/div>\n<div class=\"col-md-12 col-sm-12 col-xs-12 pt-cv-content-item pt-cv-1-col\" ><div class='pt-cv-ifield'><h4 class=\"pt-cv-title\"><a href=\"https:\/\/www.tvnovelas.com.br\/tvnews\/guerra-das-rosas-cihan-vibra-com-desistencia-de-gulru-de-casar-com-mert\/\" class=\"_self\" target=\"_self\" >Guerra das Rosas: Cihan vibra com desist\u00eancia de Gulru de casar com Mert<\/a><\/h4><\/div><\/div>\n<div class=\"col-md-12 col-sm-12 col-xs-12 pt-cv-content-item pt-cv-1-col\" ><div class='pt-cv-ifield'><h4 class=\"pt-cv-title\"><a href=\"https:\/\/www.tvnovelas.com.br\/tvnews\/coracao-de-mae-irmak-denuncia-adnan\/\" class=\"_self\" target=\"_self\" >Cora\u00e7\u00e3o de M\u00e3e: Irmak denuncia Adnan<\/a><\/h4><\/div><\/div>\n<div class=\"col-md-12 col-sm-12 col-xs-12 pt-cv-content-item pt-cv-1-col\" ><div class='pt-cv-ifield'><h4 class=\"pt-cv-title\"><a href=\"https:\/\/www.tvnovelas.com.br\/tvnews\/a-nobreza-do-amor-mirinho-e-obrigado-a-resgatar-tonho\/\" class=\"_self\" target=\"_self\" >A Nobreza do Amor: Mirinho \u00e9 obrigado a resgatar Tonho<\/a><\/h4><\/div><\/div>\n<div class=\"col-md-12 col-sm-12 col-xs-12 pt-cv-content-item pt-cv-1-col\" ><div class='pt-cv-ifield'><h4 class=\"pt-cv-title\"><a href=\"https:\/\/www.tvnovelas.com.br\/tvnews\/tres-gracas-paulinho-e-afastado-da-policia-por-causa-de-gerluce\/\" class=\"_self\" target=\"_self\" >Tr\u00eas Gra\u00e7as: Paulinho \u00e9 afastado da pol\u00edcia por causa de Gerluce<\/a><\/h4><\/div><\/div>\n<div class=\"col-md-12 col-sm-12 col-xs-12 pt-cv-content-item pt-cv-1-col\" ><div class='pt-cv-ifield'><h4 class=\"pt-cv-title\"><a href=\"https:\/\/www.tvnovelas.com.br\/tvnews\/coracao-de-mae-irmak-inicia-jogo-arriscado-contra-adnan\/\" class=\"_self\" target=\"_self\" >Cora\u00e7\u00e3o de M\u00e3e: Irmak inicia jogo arriscado contra Adnan<\/a><\/h4><\/div><\/div>\n<div class=\"col-md-12 col-sm-12 col-xs-12 pt-cv-content-item pt-cv-1-col\" ><div class='pt-cv-ifield'><h4 class=\"pt-cv-title\"><a href=\"https:\/\/www.tvnovelas.com.br\/tvnews\/guerra-das-rosas-omer-chama-gulru-vestida-de-noiva-para-fugir\/\" class=\"_self\" target=\"_self\" >Guerra das Rosas: Omer chama Gulru vestida de noiva para fugir<\/a><\/h4><\/div><\/div>\n<div class=\"col-md-12 col-sm-12 col-xs-12 pt-cv-content-item pt-cv-1-col\" ><div class='pt-cv-ifield'><h4 class=\"pt-cv-title\"><a href=\"https:\/\/www.tvnovelas.com.br\/tvnews\/coracao-de-mae-reha-sai-para-jantar-com-selvi\/\" class=\"_self\" target=\"_self\" >Cora\u00e7\u00e3o de M\u00e3e: Reha sai para jantar com Selvi<\/a><\/h4><\/div><\/div>\n<div class=\"col-md-12 col-sm-12 col-xs-12 pt-cv-content-item pt-cv-1-col\" ><div class='pt-cv-ifield'><h4 class=\"pt-cv-title\"><a href=\"https:\/\/www.tvnovelas.com.br\/tvnews\/coracao-acelerado-zila-se-preocupa-com-sua-situacao-apos-separacao\/\" class=\"_self\" target=\"_self\" >Cora\u00e7\u00e3o Acelerado: Zil\u00e1 se preocupa com sua situa\u00e7\u00e3o ap\u00f3s separa\u00e7\u00e3o<\/a><\/h4><\/div><\/div><\/div><\/div><\/div><br \/>\n<a href=\"https:\/\/www.tvnovelas.com.br\/novelas\/\"><strong>Confira os resumos da semana de todas novelas<\/strong><\/a><br \/>\n<a href=\"http:\/\/tvnovelas.com.br\/filmes\" target=\"_blank\" rel=\"noopener\">Veja tamb\u00e9m: Todas as telas: filmes e s\u00e9ries nos streamings<\/a><\/p>\n","protected":false},"excerpt":{"rendered":"<p>A segunda fase de Pantanal, tem in\u00edcio na pr\u00f3xima ter\u00e7a-feira, dia 12 de abril. Nesta sexta (8), Jos\u00e9 Le\u00f4ncio (Renato G\u00f3es\/ Marcos Palmeira), que est\u00e1&#8230;<\/p>\n","protected":false},"author":1,"featured_media":26613,"comment_status":"closed","ping_status":"closed","sticky":false,"template":"","format":"standard","meta":{"_uf_show_specific_survey":0,"_uf_disable_surveys":false,"_jetpack_memberships_contains_paid_content":false,"footnotes":"","_wp_rev_ctl_limit":""},"categories":[280],"tags":[5,64,281],"class_list":["post-26608","post","type-post","status-publish","format-standard","has-post-thumbnail","hentry","category-pantanal","tag-globo","tag-novelas","tag-pantanal","wpcat-280-id"],"aioseo_notices":[],"jetpack_featured_media_url":"https:\/\/i0.wp.com\/www.tvnovelas.com.br\/tvnews\/wp-content\/uploads\/2022\/04\/31740.jpg?fit=600%2C360&ssl=1","jetpack_shortlink":"https:\/\/wp.me\/pdP2BO-6Va","jetpack_sharing_enabled":true,"_links":{"self":[{"href":"https:\/\/www.tvnovelas.com.br\/tvnews\/wp-json\/wp\/v2\/posts\/26608","targetHints":{"allow":["GET"]}}],"collection":[{"href":"https:\/\/www.tvnovelas.com.br\/tvnews\/wp-json\/wp\/v2\/posts"}],"about":[{"href":"https:\/\/www.tvnovelas.com.br\/tvnews\/wp-json\/wp\/v2\/types\/post"}],"author":[{"embeddable":true,"href":"https:\/\/www.tvnovelas.com.br\/tvnews\/wp-json\/wp\/v2\/users\/1"}],"replies":[{"embeddable":true,"href":"https:\/\/www.tvnovelas.com.br\/tvnews\/wp-json\/wp\/v2\/comments?post=26608"}],"version-history":[{"count":0,"href":"https:\/\/www.tvnovelas.com.br\/tvnews\/wp-json\/wp\/v2\/posts\/26608\/revisions"}],"wp:featuredmedia":[{"embeddable":true,"href":"https:\/\/www.tvnovelas.com.br\/tvnews\/wp-json\/wp\/v2\/media\/26613"}],"wp:attachment":[{"href":"https:\/\/www.tvnovelas.com.br\/tvnews\/wp-json\/wp\/v2\/media?parent=26608"}],"wp:term":[{"taxonomy":"category","embeddable":true,"href":"https:\/\/www.tvnovelas.com.br\/tvnews\/wp-json\/wp\/v2\/categories?post=26608"},{"taxonomy":"post_tag","embeddable":true,"href":"https:\/\/www.tvnovelas.com.br\/tvnews\/wp-json\/wp\/v2\/tags?post=26608"}],"curies":[{"name":"wp","href":"https:\/\/api.w.org\/{rel}","templated":true}]}}