{"id":26676,"date":"2022-04-11T08:57:30","date_gmt":"2022-04-11T11:57:30","guid":{"rendered":"https:\/\/www.tvnovelas.com.br\/tvnews\/?p=26676"},"modified":"2022-04-11T08:57:30","modified_gmt":"2022-04-11T11:57:30","slug":"quanto-mais-vida-melhor-sentenca-da-morte-choca-o-grupo-dos-quatro","status":"publish","type":"post","link":"https:\/\/www.tvnovelas.com.br\/tvnews\/quanto-mais-vida-melhor-sentenca-da-morte-choca-o-grupo-dos-quatro\/","title":{"rendered":"Quanto Mais Vida, Melhor!: Senten\u00e7a da Morte choca o grupo dos quatro"},"content":{"rendered":"<p><em>Not\u00edcias de Quanto Mais Vida, Melhor!:<\/em><br \/>\n<img data-recalc-dims=\"1\" decoding=\"async\" class=\"alignnone wp-image-26677 size-full\" title=\"(Foto: TV Globo\/Quanto Mais Vida, Melhor!)\" src=\"https:\/\/i0.wp.com\/www.tvnovelas.com.br\/tvnews\/wp-content\/uploads\/2022\/04\/31762.jpg?resize=600%2C360&#038;ssl=1\" alt=\"Foto da Morte, em Quanto Mais Vida, Melhor!\" width=\"600\" height=\"360\" \/><br \/>\nA Morte (A Maia) voltou a aparecer para os protagonistas. Mas ainda n\u00e3o ser\u00e1 para destrocar os corpos deles. No entanto, \u201cEla\u201d dar\u00e1 um recado importante para Nen\u00e9m (Vladimir Brichta), Paula (Giovanna Antonelli), Fl\u00e1via (Valentina Herszage) e Guilherme (Mateus Solano).<\/p>\n<p>\u201cSou o destino. Posso ser o final. Ou um renascimento. Uma transforma\u00e7\u00e3o\u201d, afirmar\u00e1.<\/p>\n<p>Os quatro questionar\u00e3o a Morte dizendo que n\u00e3o aguentam mais viverem nos corpos um do outro. E \u201cEla\u201d responder\u00e1 que n\u00e3o se trata de um castigo.<\/p>\n<p>\u201cVoc\u00eas est\u00e3o vendo a vida de voc\u00eas por outros olhos.\u201d<\/p>\n<p>Nen\u00e9m, Paula, Fl\u00e1via e Guilherme, ent\u00e3o, v\u00e3o dizer que querem fazer planos, pensar no futuro, mas, para isso, precisam saber o que vai acontecer com cada um.<\/p>\n<p>\u201cUm de voc\u00eas tem que morrer!\u201d<\/p>\n<p>Ap\u00f3s essa revela\u00e7\u00e3o, uma neblina tomar\u00e1 conta deles, e a Morte desaparecer\u00e1! Os quatro ficar\u00e3o chocados&#8230;<br \/>\nAs cenas v\u00e3o ao ar no cap\u00edtulo de Quanto Mais Vida, Melhor! desta segunda, 11 de abril<br \/>\n<a href=\"https:\/\/www.tvnovelas.com.br\/novelas\/resumos-de-quanto-mais-vida-melhor\/\">Confira os resumos da semana de Quanto Mais Vida, Melhor!<\/a><br \/>\n<div class=\"pt-cv-wrapper\"><div class=\"pt-cv-view pt-cv-grid pt-cv-colsys\" id=\"pt-cv-view-261aa9a9wz\"><div data-id=\"pt-cv-page-1\" class=\"pt-cv-page\" data-cvc=\"1\"><div class=\"col-md-12 col-sm-12 col-xs-12 pt-cv-content-item pt-cv-1-col\" ><div class='pt-cv-ifield'><h4 class=\"pt-cv-title\"><a href=\"https:\/\/www.tvnovelas.com.br\/tvnews\/quanto-mais-vida-melhor-juizo-final-os-quatro-tem-encontro-particular-com-a-morte\/\" class=\"_self\" target=\"_self\" >&#8216;Quanto Mais Vida, Melhor!&#8217;: Ju\u00edzo final: os Quatro t\u00eam encontro particular com a Morte<\/a><\/h4><\/div><\/div>\n<div class=\"col-md-12 col-sm-12 col-xs-12 pt-cv-content-item pt-cv-1-col\" ><div class='pt-cv-ifield'><h4 class=\"pt-cv-title\"><a href=\"https:\/\/www.tvnovelas.com.br\/tvnews\/quanto-mais-vida-melhor-falidas-paula-e-carmem-trocam-juras-te-amo\/\" class=\"_self\" target=\"_self\" >\u2018Quanto Mais Vida, Melhor!\u2019: Falidas, Paula e Carmem trocam juras: \u201cTe amo!\u201d<\/a><\/h4><\/div><\/div>\n<div class=\"col-md-12 col-sm-12 col-xs-12 pt-cv-content-item pt-cv-1-col\" ><div class='pt-cv-ifield'><h4 class=\"pt-cv-title\"><a href=\"https:\/\/www.tvnovelas.com.br\/tvnews\/quanto-mais-vida-melhor-nenem-deixa-paula-usar-e-levar-vestido-de-rose\/\" class=\"_self\" target=\"_self\" >\u2018Quanto Mais Vida, Melhor!\u2019: Nen\u00e9m deixa Paula usar e levar vestido de Rose<\/a><\/h4><\/div><\/div>\n<div class=\"col-md-12 col-sm-12 col-xs-12 pt-cv-content-item pt-cv-1-col\" ><div class='pt-cv-ifield'><h4 class=\"pt-cv-title\"><a href=\"https:\/\/www.tvnovelas.com.br\/tvnews\/quanto-mais-vida-melhor-nasce-a-filha-de-guilherme-e-flavia\/\" class=\"_self\" target=\"_self\" >Quanto Mais Vida, Melhor!: Nasce a filha de Guilherme e Fl\u00e1via<\/a><\/h4><\/div><\/div><\/div><\/div><\/div><\/p>\n<p><strong style=\"font-size: 120%;\">Saiba mais das novelas:<\/strong><br \/>\n<div class=\"pt-cv-wrapper\"><div class=\"pt-cv-view pt-cv-grid pt-cv-colsys\" id=\"pt-cv-view-90991035b3\"><div data-id=\"pt-cv-page-1\" class=\"pt-cv-page\" data-cvc=\"1\"><div class=\"col-md-12 col-sm-12 col-xs-12 pt-cv-content-item pt-cv-1-col\" ><div class='pt-cv-ifield'><h4 class=\"pt-cv-title\"><a href=\"https:\/\/www.tvnovelas.com.br\/tvnews\/em-coracao-de-mae-nos-proximos-capitulos-04-a-08-5\/\" class=\"_self\" target=\"_self\" >Em Cora\u00e7\u00e3o de M\u00e3e nos pr\u00f3ximos cap\u00edtulos (04 a 08\/5)<\/a><\/h4><\/div><\/div>\n<div class=\"col-md-12 col-sm-12 col-xs-12 pt-cv-content-item pt-cv-1-col\" ><div class='pt-cv-ifield'><h4 class=\"pt-cv-title\"><a href=\"https:\/\/www.tvnovelas.com.br\/tvnews\/coracao-de-mae-hasan-e-filiz-em-piquenique-romantico\/\" class=\"_self\" target=\"_self\" >Cora\u00e7\u00e3o de M\u00e3e: Hasan e Filiz em piquenique rom\u00e2ntico<\/a><\/h4><\/div><\/div>\n<div class=\"col-md-12 col-sm-12 col-xs-12 pt-cv-content-item pt-cv-1-col\" ><div class='pt-cv-ifield'><h4 class=\"pt-cv-title\"><a href=\"https:\/\/www.tvnovelas.com.br\/tvnews\/guerra-das-rosas-cihan-vibra-com-desistencia-de-gulru-de-casar-com-mert\/\" class=\"_self\" target=\"_self\" >Guerra das Rosas: Cihan vibra com desist\u00eancia de Gulru de casar com Mert<\/a><\/h4><\/div><\/div>\n<div class=\"col-md-12 col-sm-12 col-xs-12 pt-cv-content-item pt-cv-1-col\" ><div class='pt-cv-ifield'><h4 class=\"pt-cv-title\"><a href=\"https:\/\/www.tvnovelas.com.br\/tvnews\/coracao-de-mae-irmak-denuncia-adnan\/\" class=\"_self\" target=\"_self\" >Cora\u00e7\u00e3o de M\u00e3e: Irmak denuncia Adnan<\/a><\/h4><\/div><\/div>\n<div class=\"col-md-12 col-sm-12 col-xs-12 pt-cv-content-item pt-cv-1-col\" ><div class='pt-cv-ifield'><h4 class=\"pt-cv-title\"><a href=\"https:\/\/www.tvnovelas.com.br\/tvnews\/a-nobreza-do-amor-mirinho-e-obrigado-a-resgatar-tonho\/\" class=\"_self\" target=\"_self\" >A Nobreza do Amor: Mirinho \u00e9 obrigado a resgatar Tonho<\/a><\/h4><\/div><\/div>\n<div class=\"col-md-12 col-sm-12 col-xs-12 pt-cv-content-item pt-cv-1-col\" ><div class='pt-cv-ifield'><h4 class=\"pt-cv-title\"><a href=\"https:\/\/www.tvnovelas.com.br\/tvnews\/tres-gracas-paulinho-e-afastado-da-policia-por-causa-de-gerluce\/\" class=\"_self\" target=\"_self\" >Tr\u00eas Gra\u00e7as: Paulinho \u00e9 afastado da pol\u00edcia por causa de Gerluce<\/a><\/h4><\/div><\/div>\n<div class=\"col-md-12 col-sm-12 col-xs-12 pt-cv-content-item pt-cv-1-col\" ><div class='pt-cv-ifield'><h4 class=\"pt-cv-title\"><a href=\"https:\/\/www.tvnovelas.com.br\/tvnews\/coracao-de-mae-irmak-inicia-jogo-arriscado-contra-adnan\/\" class=\"_self\" target=\"_self\" >Cora\u00e7\u00e3o de M\u00e3e: Irmak inicia jogo arriscado contra Adnan<\/a><\/h4><\/div><\/div>\n<div class=\"col-md-12 col-sm-12 col-xs-12 pt-cv-content-item pt-cv-1-col\" ><div class='pt-cv-ifield'><h4 class=\"pt-cv-title\"><a href=\"https:\/\/www.tvnovelas.com.br\/tvnews\/guerra-das-rosas-omer-chama-gulru-vestida-de-noiva-para-fugir\/\" class=\"_self\" target=\"_self\" >Guerra das Rosas: Omer chama Gulru vestida de noiva para fugir<\/a><\/h4><\/div><\/div>\n<div class=\"col-md-12 col-sm-12 col-xs-12 pt-cv-content-item pt-cv-1-col\" ><div class='pt-cv-ifield'><h4 class=\"pt-cv-title\"><a href=\"https:\/\/www.tvnovelas.com.br\/tvnews\/coracao-de-mae-reha-sai-para-jantar-com-selvi\/\" class=\"_self\" target=\"_self\" >Cora\u00e7\u00e3o de M\u00e3e: Reha sai para jantar com Selvi<\/a><\/h4><\/div><\/div>\n<div class=\"col-md-12 col-sm-12 col-xs-12 pt-cv-content-item pt-cv-1-col\" ><div class='pt-cv-ifield'><h4 class=\"pt-cv-title\"><a href=\"https:\/\/www.tvnovelas.com.br\/tvnews\/coracao-acelerado-zila-se-preocupa-com-sua-situacao-apos-separacao\/\" class=\"_self\" target=\"_self\" >Cora\u00e7\u00e3o Acelerado: Zil\u00e1 se preocupa com sua situa\u00e7\u00e3o ap\u00f3s separa\u00e7\u00e3o<\/a><\/h4><\/div><\/div><\/div><\/div><\/div><br \/>\n<a href=\"https:\/\/www.tvnovelas.com.br\/novelas\/\"><strong>Confira os resumos da semana de todas novelas<\/strong><\/a><br \/>\n<a href=\"http:\/\/tvnovelas.com.br\/filmes\" target=\"_blank\" rel=\"noopener\">Veja tamb\u00e9m: Todas as telas: filmes e s\u00e9ries nos streamings<\/a><\/p>\n","protected":false},"excerpt":{"rendered":"<p>Em  Quanto Mais Vida, Melhor!, a Morte (A Maia) voltou a aparecer para os protagonistas. Mas ainda n\u00e3o ser\u00e1 para destrocar os corpos deles. No entanto&#8230;<\/p>\n","protected":false},"author":1,"featured_media":26677,"comment_status":"closed","ping_status":"closed","sticky":false,"template":"","format":"standard","meta":{"_uf_show_specific_survey":0,"_uf_disable_surveys":false,"_jetpack_memberships_contains_paid_content":false,"footnotes":"","_wp_rev_ctl_limit":""},"categories":[291],"tags":[5,64,292],"class_list":["post-26676","post","type-post","status-publish","format-standard","has-post-thumbnail","hentry","category-quanto-mais-vida-melhor","tag-globo","tag-novelas","tag-quanto-mais-vida","wpcat-291-id"],"aioseo_notices":[],"jetpack_featured_media_url":"https:\/\/i0.wp.com\/www.tvnovelas.com.br\/tvnews\/wp-content\/uploads\/2022\/04\/31762.jpg?fit=600%2C360&ssl=1","jetpack_shortlink":"https:\/\/wp.me\/pdP2BO-6Wg","jetpack_sharing_enabled":true,"_links":{"self":[{"href":"https:\/\/www.tvnovelas.com.br\/tvnews\/wp-json\/wp\/v2\/posts\/26676","targetHints":{"allow":["GET"]}}],"collection":[{"href":"https:\/\/www.tvnovelas.com.br\/tvnews\/wp-json\/wp\/v2\/posts"}],"about":[{"href":"https:\/\/www.tvnovelas.com.br\/tvnews\/wp-json\/wp\/v2\/types\/post"}],"author":[{"embeddable":true,"href":"https:\/\/www.tvnovelas.com.br\/tvnews\/wp-json\/wp\/v2\/users\/1"}],"replies":[{"embeddable":true,"href":"https:\/\/www.tvnovelas.com.br\/tvnews\/wp-json\/wp\/v2\/comments?post=26676"}],"version-history":[{"count":0,"href":"https:\/\/www.tvnovelas.com.br\/tvnews\/wp-json\/wp\/v2\/posts\/26676\/revisions"}],"wp:featuredmedia":[{"embeddable":true,"href":"https:\/\/www.tvnovelas.com.br\/tvnews\/wp-json\/wp\/v2\/media\/26677"}],"wp:attachment":[{"href":"https:\/\/www.tvnovelas.com.br\/tvnews\/wp-json\/wp\/v2\/media?parent=26676"}],"wp:term":[{"taxonomy":"category","embeddable":true,"href":"https:\/\/www.tvnovelas.com.br\/tvnews\/wp-json\/wp\/v2\/categories?post=26676"},{"taxonomy":"post_tag","embeddable":true,"href":"https:\/\/www.tvnovelas.com.br\/tvnews\/wp-json\/wp\/v2\/tags?post=26676"}],"curies":[{"name":"wp","href":"https:\/\/api.w.org\/{rel}","templated":true}]}}