{"id":26739,"date":"2022-04-12T15:35:12","date_gmt":"2022-04-12T18:35:12","guid":{"rendered":"https:\/\/www.tvnovelas.com.br\/tvnews\/?p=26739"},"modified":"2022-04-12T15:35:12","modified_gmt":"2022-04-12T18:35:12","slug":"cara-e-coragem-a-proxima-novela-das-7","status":"publish","type":"post","link":"https:\/\/www.tvnovelas.com.br\/tvnews\/cara-e-coragem-a-proxima-novela-das-7\/","title":{"rendered":"&#8216;Cara e Coragem&#8217;: a pr\u00f3xima novela das 7"},"content":{"rendered":"<p>Not\u00edcias de Cara e Coragem:<br \/>\n<img data-recalc-dims=\"1\" decoding=\"async\" class=\"alignnone wp-image-26740 size-full\" title=\"(Foto: Globo\/Jo\u00e3o Miguel Jr)\" src=\"https:\/\/i0.wp.com\/www.tvnovelas.com.br\/tvnews\/wp-content\/uploads\/2022\/04\/31780.jpg?resize=600%2C360&#038;ssl=1\" alt=\"Foto de Marcelo Serrado, Ta\u00eds Ara\u00fajo e Paolla Oliveira, em Cara e Coragem\" width=\"600\" height=\"360\" \/><br \/>\nA trama de \u201cCara e Coragem\u201d, pr\u00f3xima novela das 7 da Globo,promete hist\u00f3rias recheadas de aventura, coragem e emo\u00e7\u00e3o vividas por Pat (Paolla Oliveira) e Moa (Marcelo Serrado), dois dubl\u00eas de profiss\u00e3o, e pela empres\u00e1ria Clarice Gusm\u00e3o (Ta\u00eds Ara\u00fajo).<\/p>\n<p>Pat (Paolla Oliveira) e Moa (Marcelo Serrado) ser\u00e3o dubl\u00eas profissionais e experimentar\u00e3o cenas com doses altas de adrenalina e atra\u00e7\u00e3o. A dupla ser\u00e1 parceira em saltos, rapel, pulos, voos e alta velocidade, mas ir\u00e1 al\u00e9m disso. Uma grande paix\u00e3o os unir\u00e1 mesmo que, no in\u00edcio, eles n\u00e3o admitam.<\/p>\n<p>\u201cO universo da novela \u00e9 dos dubl\u00eas, mas a tem\u00e1tica \u00e9 da coragem em todos os campos das nossas vidas. Desde a micro coragem, como romper uma rela\u00e7\u00e3o na sua vida particular, a coragem para mudar de emprego; at\u00e9 a macro coragem que \u00e9 fazer do risco a sua profiss\u00e3o, no caso dos dubl\u00eas\u201d, define a autora Claudia Souto.<\/p>\n<p><strong>O mundo de Clarice<\/strong><br \/>\nDiretora da Sider\u00fargica Gusm\u00e3o (SG), Clarice Gusm\u00e3o (Ta\u00eds Ara\u00fajo) \u00e9 uma entusiasta dos avan\u00e7os cient\u00edficos, o que faz dela a maior incentivadora do departamento da empresa dedicado \u00e0 pesquisa, comandado por Jonathan Azevedo (Guilherme Weber), que desenvolveu uma f\u00f3rmula secreta \u00e0 base de magn\u00e9sio.<\/p>\n<p>No entanto, Clarice tamb\u00e9m guarda segredos. Ela mant\u00e9m um romance secreto com \u00cdtalo (Paulo Lessa), seu ex-seguran\u00e7a e grande amor de sua vida, que hoje trabalha como instrutor de parkour. Sem coragem para revelar ao mundo o que sente, entre outros segredos, a empres\u00e1ria descobrir\u00e1 uma s\u00f3sia durante a trama.<\/p>\n<p>Apesar da semelhan\u00e7a f\u00edsica com Clarice, a massoterapeuta Anita (Ta\u00eds Ara\u00fajo) \u00e9 bem diferente no seu jeito de ser: popular e despachado. E sua apari\u00e7\u00e3o pode ser a chave para decifrar os mist\u00e9rios que aparecer\u00e3o ao longo de \u201cCara e Coragem\u201d.<\/p>\n<p>\u2018Cara e Coragem\u2019, uma com\u00e9dia rom\u00e2ntica de a\u00e7\u00e3o embalada por aventura e mist\u00e9rios, \u00e9 criada e escrita por Claudia Souto com dire\u00e7\u00e3o art\u00edstica de Natalia Grimberg. A obra \u00e9 escrita com Isadora Wilkinson, Julia Laks e Z\u00e9 Dassilva. A dire\u00e7\u00e3o geral \u00e9 de Adriano Mello com dire\u00e7\u00e3o de Oscar Francisco, Cadu Fran\u00e7a, Mayara Aguiar e Matheus Malafaia. A produ\u00e7\u00e3o \u00e9 de M\u00f4nica Fernandes e a dire\u00e7\u00e3o de g\u00eanero \u00e9 de Jos\u00e9 Luiz Villamarim. A pr\u00f3xima novela das sete da TV Globo tem previs\u00e3o de estreia em maio.<\/p>\n","protected":false},"excerpt":{"rendered":"<p>Em Cara e Coragem<\/p>\n","protected":false},"author":1,"featured_media":26740,"comment_status":"closed","ping_status":"closed","sticky":false,"template":"","format":"standard","meta":{"_uf_show_specific_survey":0,"_uf_disable_surveys":false,"_jetpack_memberships_contains_paid_content":false,"footnotes":"","_wp_rev_ctl_limit":""},"categories":[314],"tags":[315,5,64],"class_list":["post-26739","post","type-post","status-publish","format-standard","has-post-thumbnail","hentry","category-cara-e-coragem","tag-cara-e-coragem","tag-globo","tag-novelas","wpcat-314-id"],"aioseo_notices":[],"jetpack_featured_media_url":"https:\/\/i0.wp.com\/www.tvnovelas.com.br\/tvnews\/wp-content\/uploads\/2022\/04\/31780.jpg?fit=600%2C360&ssl=1","jetpack_shortlink":"https:\/\/wp.me\/pdP2BO-6Xh","jetpack_sharing_enabled":true,"_links":{"self":[{"href":"https:\/\/www.tvnovelas.com.br\/tvnews\/wp-json\/wp\/v2\/posts\/26739","targetHints":{"allow":["GET"]}}],"collection":[{"href":"https:\/\/www.tvnovelas.com.br\/tvnews\/wp-json\/wp\/v2\/posts"}],"about":[{"href":"https:\/\/www.tvnovelas.com.br\/tvnews\/wp-json\/wp\/v2\/types\/post"}],"author":[{"embeddable":true,"href":"https:\/\/www.tvnovelas.com.br\/tvnews\/wp-json\/wp\/v2\/users\/1"}],"replies":[{"embeddable":true,"href":"https:\/\/www.tvnovelas.com.br\/tvnews\/wp-json\/wp\/v2\/comments?post=26739"}],"version-history":[{"count":0,"href":"https:\/\/www.tvnovelas.com.br\/tvnews\/wp-json\/wp\/v2\/posts\/26739\/revisions"}],"wp:featuredmedia":[{"embeddable":true,"href":"https:\/\/www.tvnovelas.com.br\/tvnews\/wp-json\/wp\/v2\/media\/26740"}],"wp:attachment":[{"href":"https:\/\/www.tvnovelas.com.br\/tvnews\/wp-json\/wp\/v2\/media?parent=26739"}],"wp:term":[{"taxonomy":"category","embeddable":true,"href":"https:\/\/www.tvnovelas.com.br\/tvnews\/wp-json\/wp\/v2\/categories?post=26739"},{"taxonomy":"post_tag","embeddable":true,"href":"https:\/\/www.tvnovelas.com.br\/tvnews\/wp-json\/wp\/v2\/tags?post=26739"}],"curies":[{"name":"wp","href":"https:\/\/api.w.org\/{rel}","templated":true}]}}