{"id":26751,"date":"2022-04-13T09:14:11","date_gmt":"2022-04-13T12:14:11","guid":{"rendered":"https:\/\/www.tvnovelas.com.br\/tvnews\/?p=26751"},"modified":"2022-04-13T09:14:11","modified_gmt":"2022-04-13T12:14:11","slug":"alem-da-ilusao-matias-proibe-violeta-de-trabalhar-com-eugenio","status":"publish","type":"post","link":"https:\/\/www.tvnovelas.com.br\/tvnews\/alem-da-ilusao-matias-proibe-violeta-de-trabalhar-com-eugenio\/","title":{"rendered":"&#8216;Al\u00e9m da Ilus\u00e3o&#8217;: Matias pro\u00edbe Violeta de trabalhar com Eug\u00eanio"},"content":{"rendered":"<p><em>Not\u00edcias de Al\u00e9m da Ilus\u00e3o:<\/em><br \/>\n<img data-recalc-dims=\"1\" decoding=\"async\" class=\"alignnone wp-image-26752 size-full\" title=\"(Foto: TV Globo\/'Al\u00e9m da Ilus\u00e3o')\" src=\"https:\/\/i0.wp.com\/www.tvnovelas.com.br\/tvnews\/wp-content\/uploads\/2022\/04\/31784.jpg?resize=600%2C360&#038;ssl=1\" alt=\"Foto de cena, em Al\u00e9m da Ilus\u00e3o\" width=\"600\" height=\"360\" \/><br \/>\nDepois do surto que teve no concurso de moda da tecelagem, Matias (Antonio Calloni) vai arrumar um novo barraco com Eug\u00eanio (Marcello Novaes) por ci\u00fames de Violeta (Mallu Galli) . \u00c9 que \u00darsula (B\u00e1rbara Paz) vai instigar o ex-juiz a afastar a esposa do trabalho e, consequentemente, do s\u00f3cio, insinuando que ele vai perder a mulher para o rival. Perturbado, Matias vai armar um plano que acabar\u00e1 com Eug\u00eanio levando um soco na cara!<\/p>\n<p>Toda essa intriga faz parte de um plano de \u00darsula para afastar Eug\u00eanio de Violeta, j\u00e1 que ela viu os dois se beijando na fazenda. A m\u00e3e de Joaquim (Danilo Mesquita) aproveitou um momento a s\u00f3s com Matias para sugerir que ele n\u00e3o permita que a esposa trabalhe, uma possibilidade que existia na \u00e9poca e que era validada por lei &#8211; vale lembrar que a hist\u00f3ria se passa em 1944<\/p>\n<p>Depois disso, Matias vai aparecer na f\u00e1brica j\u00e1 botando banca com a esposa, que estar\u00e1 com Eug\u00eanio discutindo a rela\u00e7\u00e3o dos dois:<\/p>\n<p>&#8220;O que est\u00e1 fazendo com esse ladr\u00e3o de esposas?&#8221;, questionar\u00e1 Matias.<\/p>\n<p>&#8220;Matias, eu estou trabalhando. Est\u00e1 cansado de saber disso!&#8221;, dir\u00e1 Violeta.<\/p>\n<p>&#8220;Pois eu n\u00e3o quero mais esse urubu empombado esperando a chance de te seduzir! De hoje em diante, voc\u00ea est\u00e1 proibida de trabalhar!&#8221;, dir\u00e1 Matias.<\/p>\n<p>Violeta ficar\u00e1 furiosa e dir\u00e1 que ele n\u00e3o pode fazer isso. Mas o ex-juiz j\u00e1 ter\u00e1 uma resposta na ponta da l\u00edngua:<\/p>\n<p>&#8220;\u00c9 meu direito de marido! A lei est\u00e1 do meu lado. O nosso C\u00f3digo Civil diz que uma esposa s\u00f3 pode trabalhar fora com autoriza\u00e7\u00e3o expressa do marido. E eu nunca autorizei voc\u00ea trabalhar fora porcaria nenhuma! Ent\u00e3o, trata de vir pra casa, que eu j\u00e1 chamei o delegado!&#8221;<\/p>\n<p>O delegado Salvador (Jorge Lucas) vai at\u00e9 a f\u00e1brica e exigir\u00e1 que Violeta mostre o tal documento com a autoriza\u00e7\u00e3o de Matias para que ela trabalhe. S\u00f3 que este documento n\u00e3o existe! O delegado vai mandar desligar as m\u00e1quinas da tecelagem e proibir o funcionamento da f\u00e1brica, quando Iara (Luciana de Rezende) contar o que est\u00e1 acontecendo para Davi\/Rafael (Rafael Vitti), que ficar\u00e1 apreensivo ao saber que a pol\u00edcia est\u00e1 l\u00e1!<\/p>\n<p>O foco do rapaz, ent\u00e3o, ser\u00e1 pensar em algo para ajudar Violeta e, ao mesmo tempo, se livrar dos policiais que acompanham Salvador. E o que salvar\u00e1 os dois ser\u00e1 a m\u00e1gica: Davi conseguir\u00e1 transformar um documento qualquer assinado por Matias na autoriza\u00e7\u00e3o que a m\u00e3e de Isadora (Larissa Manoela) tanto precisa. E Iara vai at\u00e9 eles contar a novidade, sem saber como isso foi feito:<\/p>\n<p>&#8220;Podem ligar as m\u00e1quinas! O doutor Rafael achou nos arquivos! Tem autoriza\u00e7\u00e3o do doutor Matias para a dona Violeta trabalhar, sim!&#8221;, dir\u00e1 ela.<\/p>\n<p>Matias vai pegar o papel, muito nervoso:<\/p>\n<p>&#8220;Me d\u00e1 isso aqui! Mas eu n\u00e3o me lembro de ter assinado essa bodega!&#8221;, dir\u00e1 o ex-juiz.<\/p>\n<p>&#8220;Eu tamb\u00e9m n\u00e3o me lembrava, mas se est\u00e1 aqui \u00e9 porque assinou! Meu advogado deve ter cuidado disso quando abrimos a f\u00e1brica. J\u00e1 se v\u00e3o dez anos&#8230; Veja, delegado, firma reconhecida em cart\u00f3rio. Tudo como manda o figurino&#8221;, mostrar\u00e1 Eug\u00eanio.<\/p>\n<p>Matias, no entanto, vai rasgar o documento na frente de todos e encarar Eug\u00eanio;<\/p>\n<p>&#8220;Violeta \u00e9 minha mulher, fa\u00e7o o que quiser! Ela n\u00e3o trabalha mais aqui!&#8221;<\/p>\n<p>Depois disso, Matias puxar\u00e1 a esposa pelos bra\u00e7os com for\u00e7a, despertando a raiva de Eug\u00eanio:<\/p>\n<p>&#8220;Larga ela, Matias! N\u00e3o v\u00ea que est\u00e1 machucando? Direito de marido tem limite!&#8221;<\/p>\n<p>&#8220;Pois o meu n\u00e3o tem! Seu salafr\u00e1rio!&#8221;, dir\u00e1 Matias.<\/p>\n<p>E, ent\u00e3o, Matias dar\u00e1 um soco em Eug\u00eanio, surpreendendo todo mundo!<br \/>\nAs cenas v\u00e3o ao ar no cap\u00edtulo de Al\u00e9m da Ilus\u00e3o desta quarta, 13 de abril<br \/>\n<a href=\"https:\/\/www.tvnovelas.com.br\/novelas\/resumos-de-alem-da-ilusao\/\">Confira os resumos da semana de &#8216;Al\u00e9m da Ilus\u00e3o&#8217;<\/a><br \/>\n<div class=\"pt-cv-wrapper\"><div class=\"pt-cv-view pt-cv-grid pt-cv-colsys\" id=\"pt-cv-view-9bdedf6aiq\"><div data-id=\"pt-cv-page-1\" class=\"pt-cv-page\" data-cvc=\"1\"><div class=\"col-md-12 col-sm-12 col-xs-12 pt-cv-content-item pt-cv-1-col\" ><div class='pt-cv-ifield'><h4 class=\"pt-cv-title\"><a href=\"https:\/\/www.tvnovelas.com.br\/tvnews\/cara-e-coragem-andrea-arma-encontro-entre-romulo-e-pat\/\" class=\"_self\" target=\"_self\" >Cara e Coragem: Andr\u00e9a arma encontro entre R\u00f4mulo e Pat<\/a><\/h4><\/div><\/div>\n<div class=\"col-md-12 col-sm-12 col-xs-12 pt-cv-content-item pt-cv-1-col\" ><div class='pt-cv-ifield'><h4 class=\"pt-cv-title\"><a href=\"https:\/\/www.tvnovelas.com.br\/tvnews\/alem-da-ilusao-joaquim-entrega-ursula-para-a-policia\/\" class=\"_self\" target=\"_self\" >\u2018Al\u00e9m da Ilus\u00e3o\u2019: Joaquim entrega \u00darsula para a Pol\u00edcia<\/a><\/h4><\/div><\/div>\n<div class=\"col-md-12 col-sm-12 col-xs-12 pt-cv-content-item pt-cv-1-col\" ><div class='pt-cv-ifield'><h4 class=\"pt-cv-title\"><a href=\"https:\/\/www.tvnovelas.com.br\/tvnews\/alem-da-ilusao-davi-e-considerado-inocente-da-morte-de-elisa\/\" class=\"_self\" target=\"_self\" >Al\u00e9m da Ilus\u00e3o: Davi \u00e9 considerado inocente da morte de Elisa<\/a><\/h4><\/div><\/div>\n<div class=\"col-md-12 col-sm-12 col-xs-12 pt-cv-content-item pt-cv-1-col\" ><div class='pt-cv-ifield'><h4 class=\"pt-cv-title\"><a href=\"https:\/\/www.tvnovelas.com.br\/tvnews\/alem-da-ilusao-perito-mostra-arma-que-matou-elisa-e-inocenta-davi\/\" class=\"_self\" target=\"_self\" >\u2018Al\u00e9m da Ilus\u00e3o\u2019: perito mostra arma que matou Elisa e inocenta Davi<\/a><\/h4><\/div><\/div><\/div><\/div><\/div><\/p>\n<p><strong style=\"font-size: 120%;\">Saiba mais das novelas:<\/strong><br \/>\n<div class=\"pt-cv-wrapper\"><div class=\"pt-cv-view pt-cv-grid pt-cv-colsys\" id=\"pt-cv-view-90991035b3\"><div data-id=\"pt-cv-page-1\" class=\"pt-cv-page\" data-cvc=\"1\"><div class=\"col-md-12 col-sm-12 col-xs-12 pt-cv-content-item pt-cv-1-col\" ><div class='pt-cv-ifield'><h4 class=\"pt-cv-title\"><a href=\"https:\/\/www.tvnovelas.com.br\/tvnews\/tres-gracas-arminda-surta-ao-confirmar-que-ferette-e-pai-de-raul\/\" class=\"_self\" target=\"_self\" >Tr\u00eas Gra\u00e7as:  Arminda surta ao confirmar que Ferette \u00e9 pai de Raul<\/a><\/h4><\/div><\/div>\n<div class=\"col-md-12 col-sm-12 col-xs-12 pt-cv-content-item pt-cv-1-col\" ><div class='pt-cv-ifield'><h4 class=\"pt-cv-title\"><a href=\"https:\/\/www.tvnovelas.com.br\/tvnews\/coracao-de-mae-atilla-confronta-hasan-e-exige-o-divorcio-de-lale\/\" class=\"_self\" target=\"_self\" >Cora\u00e7\u00e3o de M\u00e3e: Atilla confronta Hasan e exige o div\u00f3rcio de Lale<\/a><\/h4><\/div><\/div>\n<div class=\"col-md-12 col-sm-12 col-xs-12 pt-cv-content-item pt-cv-1-col\" ><div class='pt-cv-ifield'><h4 class=\"pt-cv-title\"><a href=\"https:\/\/www.tvnovelas.com.br\/tvnews\/guerra-das-rosas-gulfem-coloca-gulru-contra-a-parede\/\" class=\"_self\" target=\"_self\" >Guerra das Rosas: Gulfem coloca Gulru contra a parede<\/a><\/h4><\/div><\/div>\n<div class=\"col-md-12 col-sm-12 col-xs-12 pt-cv-content-item pt-cv-1-col\" ><div class='pt-cv-ifield'><h4 class=\"pt-cv-title\"><a href=\"https:\/\/www.tvnovelas.com.br\/tvnews\/coracao-de-mae-atilla-diz-a-lale-que-quer-o-divorcio\/\" class=\"_self\" target=\"_self\" >Cora\u00e7\u00e3o de M\u00e3e: Atilla diz a Lale que quer o div\u00f3rcio<\/a><\/h4><\/div><\/div>\n<div class=\"col-md-12 col-sm-12 col-xs-12 pt-cv-content-item pt-cv-1-col\" ><div class='pt-cv-ifield'><h4 class=\"pt-cv-title\"><a href=\"https:\/\/www.tvnovelas.com.br\/tvnews\/a-nobreza-do-amor-mirinho-garante-noivado-com-virginia-para-atrair-sogro-a-negocio\/\" class=\"_self\" target=\"_self\" >A Nobreza do Amor: Mirinho garante noivado com Virg\u00ednia para atrair sogro a neg\u00f3cio<\/a><\/h4><\/div><\/div>\n<div class=\"col-md-12 col-sm-12 col-xs-12 pt-cv-content-item pt-cv-1-col\" ><div class='pt-cv-ifield'><h4 class=\"pt-cv-title\"><a href=\"https:\/\/www.tvnovelas.com.br\/tvnews\/tres-gracas-joaquim-propoe-fuga-a-arminda-com-o-dinheiro-das-tres-gracas\/\" class=\"_self\" target=\"_self\" >Tr\u00eas Gra\u00e7as:  Joaquim prop\u00f5e fuga a Arminda com o dinheiro das Tr\u00eas Gra\u00e7as<\/a><\/h4><\/div><\/div>\n<div class=\"col-md-12 col-sm-12 col-xs-12 pt-cv-content-item pt-cv-1-col\" ><div class='pt-cv-ifield'><h4 class=\"pt-cv-title\"><a href=\"https:\/\/www.tvnovelas.com.br\/tvnews\/coracao-de-mae-atilla-decide-abrir-o-jogo-com-karsu\/\" class=\"_self\" target=\"_self\" >Cora\u00e7\u00e3o de M\u00e3e: Atilla decide abrir o jogo com Karsu<\/a><\/h4><\/div><\/div>\n<div class=\"col-md-12 col-sm-12 col-xs-12 pt-cv-content-item pt-cv-1-col\" ><div class='pt-cv-ifield'><h4 class=\"pt-cv-title\"><a href=\"https:\/\/www.tvnovelas.com.br\/tvnews\/coracao-de-mae-adnan-e-preso-apos-denuncia-de-irmak\/\" class=\"_self\" target=\"_self\" >Em Cora\u00e7\u00e3o de M\u00e3e: Adnan \u00e9 preso ap\u00f3s denuncia de Irmak<\/a><\/h4><\/div><\/div>\n<div class=\"col-md-12 col-sm-12 col-xs-12 pt-cv-content-item pt-cv-1-col\" ><div class='pt-cv-ifield'><h4 class=\"pt-cv-title\"><a href=\"https:\/\/www.tvnovelas.com.br\/tvnews\/coracao-de-mae-atilla-forca-karsu-a-ouvir-suas-explicacoes\/\" class=\"_self\" target=\"_self\" >Cora\u00e7\u00e3o de M\u00e3e: Atilla for\u00e7a Karsu a ouvir suas explica\u00e7\u00f5es<\/a><\/h4><\/div><\/div>\n<div class=\"col-md-12 col-sm-12 col-xs-12 pt-cv-content-item pt-cv-1-col\" ><div class='pt-cv-ifield'><h4 class=\"pt-cv-title\"><a href=\"https:\/\/www.tvnovelas.com.br\/tvnews\/coracao-acelerado-mulher-choca-janete-ao-se-apresentar-como-amante-do-palhares\/\" class=\"_self\" target=\"_self\" >Cora\u00e7\u00e3o Acelerado: Mulher choca Janete ao se apresentar como amante do Palhares<\/a><\/h4><\/div><\/div><\/div><\/div><\/div><br \/>\n<a href=\"https:\/\/www.tvnovelas.com.br\/novelas\/\"><strong>Confira os resumos da semana de todas novelas<\/strong><\/a><br \/>\n<a href=\"http:\/\/tvnovelas.com.br\/filmes\" target=\"_blank\" rel=\"noopener\">Veja tamb\u00e9m: Todas as telas: filmes e s\u00e9ries nos streamings<\/a><\/p>\n","protected":false},"excerpt":{"rendered":"<p>Em Al\u00e9m da Ilus\u00e3o, depois do surto que teve no concurso de moda da tecelagem, Matias (Antonio Calloni) vai arrumar um novo barraco com Eug\u00eanio..<\/p>\n","protected":false},"author":1,"featured_media":26752,"comment_status":"closed","ping_status":"closed","sticky":false,"template":"","format":"standard","meta":{"_uf_show_specific_survey":0,"_uf_disable_surveys":false,"_jetpack_memberships_contains_paid_content":false,"footnotes":"","_wp_rev_ctl_limit":""},"categories":[306],"tags":[307,5,64],"class_list":["post-26751","post","type-post","status-publish","format-standard","has-post-thumbnail","hentry","category-alem-da-ilusao","tag-alem-da-ilusao","tag-globo","tag-novelas","wpcat-306-id"],"aioseo_notices":[],"jetpack_featured_media_url":"https:\/\/i0.wp.com\/www.tvnovelas.com.br\/tvnews\/wp-content\/uploads\/2022\/04\/31784.jpg?fit=600%2C360&ssl=1","jetpack_shortlink":"https:\/\/wp.me\/pdP2BO-6Xt","jetpack_sharing_enabled":true,"_links":{"self":[{"href":"https:\/\/www.tvnovelas.com.br\/tvnews\/wp-json\/wp\/v2\/posts\/26751","targetHints":{"allow":["GET"]}}],"collection":[{"href":"https:\/\/www.tvnovelas.com.br\/tvnews\/wp-json\/wp\/v2\/posts"}],"about":[{"href":"https:\/\/www.tvnovelas.com.br\/tvnews\/wp-json\/wp\/v2\/types\/post"}],"author":[{"embeddable":true,"href":"https:\/\/www.tvnovelas.com.br\/tvnews\/wp-json\/wp\/v2\/users\/1"}],"replies":[{"embeddable":true,"href":"https:\/\/www.tvnovelas.com.br\/tvnews\/wp-json\/wp\/v2\/comments?post=26751"}],"version-history":[{"count":0,"href":"https:\/\/www.tvnovelas.com.br\/tvnews\/wp-json\/wp\/v2\/posts\/26751\/revisions"}],"wp:featuredmedia":[{"embeddable":true,"href":"https:\/\/www.tvnovelas.com.br\/tvnews\/wp-json\/wp\/v2\/media\/26752"}],"wp:attachment":[{"href":"https:\/\/www.tvnovelas.com.br\/tvnews\/wp-json\/wp\/v2\/media?parent=26751"}],"wp:term":[{"taxonomy":"category","embeddable":true,"href":"https:\/\/www.tvnovelas.com.br\/tvnews\/wp-json\/wp\/v2\/categories?post=26751"},{"taxonomy":"post_tag","embeddable":true,"href":"https:\/\/www.tvnovelas.com.br\/tvnews\/wp-json\/wp\/v2\/tags?post=26751"}],"curies":[{"name":"wp","href":"https:\/\/api.w.org\/{rel}","templated":true}]}}