{"id":27197,"date":"2022-04-25T09:40:29","date_gmt":"2022-04-25T12:40:29","guid":{"rendered":"https:\/\/www.tvnovelas.com.br\/tvnews\/?p=27197"},"modified":"2022-04-25T09:40:29","modified_gmt":"2022-04-25T12:40:29","slug":"quanto-mais-vida-melhor-nenem-tenta-impedir-viagem-de-rose","status":"publish","type":"post","link":"https:\/\/www.tvnovelas.com.br\/tvnews\/quanto-mais-vida-melhor-nenem-tenta-impedir-viagem-de-rose\/","title":{"rendered":"\u2018Quanto Mais Vida, Melhor!\u2019: Nen\u00e9m tenta impedir viagem de Rose"},"content":{"rendered":"<p><em>Not\u00edcias de Quanto Mais Vida, Melhor!:<\/em><br \/>\n<img data-recalc-dims=\"1\" decoding=\"async\" class=\"alignnone wp-image-27198 size-full\" title=\"(Foto: TV Globo\/Quanto Mais Vida, Melhor!)\" src=\"https:\/\/i0.wp.com\/www.tvnovelas.com.br\/tvnews\/wp-content\/uploads\/2022\/04\/32007.jpg?resize=600%2C360&#038;ssl=1\" alt=\"Foto da cena no avi\u00e3o, em Quanto Mais Vida, Melhor!\" width=\"600\" height=\"360\" \/><br \/>\nNen\u00e9m (Vladimir Brichta) voltou a ser o craque da camisa 10. Mas agora ter\u00e1 que correr contra o tempo para ter sua vida de volta, ou seja, o contrato com o Flamengo e o amor de Rose (B\u00e1rbara Colen). E tentar recuperar a amada ser\u00e1 a primeira atitude que o jogador, de volta ao seu corpo.<\/p>\n<p>Ap\u00f3s receber uma liga\u00e7\u00e3o de Tigr\u00e3o (Matheus Abreu) dizendo que Rose est\u00e1 embarcando para Paris, Nen\u00e9m sair\u00e1 correndo a caminho do aeroporto para tentar impedir a amada de viajar.<\/p>\n<p>Mas, ao chegar, Nen\u00e9m saber\u00e1 que Rose j\u00e1 entrou no avi\u00e3o. No entanto, ser o craque da camisa 10 tem l\u00e1 suas vantagens, e um funcion\u00e1rio do aeroporto deixar\u00e1 o jogador entrar na \u00e1rea de embarque mesmo sem passagem.<\/p>\n<p>J\u00e1 dentro do avi\u00e3o, Rose se assustar\u00e1 com a presen\u00e7a do jogador:<\/p>\n<p>\u201cNen\u00e9m? O que voc\u00ea est\u00e1 fazendo aqui?\u201d<\/p>\n<p>\u201cN\u00e3o vou te perder de novo. Te amo, Rose.\u201d<br \/>\nAs cenas v\u00e3o ao ar no cap\u00edtulo de Quanto Mais Vida, Melhor! de desta segunda, 25 de abril<br \/>\n<a href=\"https:\/\/www.tvnovelas.com.br\/novelas\/resumos-de-quanto-mais-vida-melhor\/\">Confira os resumos da semana de Quanto Mais Vida, Melhor!<\/a><br \/>\n<div class=\"pt-cv-wrapper\"><div class=\"pt-cv-view pt-cv-grid pt-cv-colsys\" id=\"pt-cv-view-261aa9a9wz\"><div data-id=\"pt-cv-page-1\" class=\"pt-cv-page\" data-cvc=\"1\"><div class=\"col-md-12 col-sm-12 col-xs-12 pt-cv-content-item pt-cv-1-col\" ><div class='pt-cv-ifield'><h4 class=\"pt-cv-title\"><a href=\"https:\/\/www.tvnovelas.com.br\/tvnews\/quanto-mais-vida-melhor-juizo-final-os-quatro-tem-encontro-particular-com-a-morte\/\" class=\"_self\" target=\"_self\" >&#8216;Quanto Mais Vida, Melhor!&#8217;: Ju\u00edzo final: os Quatro t\u00eam encontro particular com a Morte<\/a><\/h4><\/div><\/div>\n<div class=\"col-md-12 col-sm-12 col-xs-12 pt-cv-content-item pt-cv-1-col\" ><div class='pt-cv-ifield'><h4 class=\"pt-cv-title\"><a href=\"https:\/\/www.tvnovelas.com.br\/tvnews\/quanto-mais-vida-melhor-falidas-paula-e-carmem-trocam-juras-te-amo\/\" class=\"_self\" target=\"_self\" >\u2018Quanto Mais Vida, Melhor!\u2019: Falidas, Paula e Carmem trocam juras: \u201cTe amo!\u201d<\/a><\/h4><\/div><\/div>\n<div class=\"col-md-12 col-sm-12 col-xs-12 pt-cv-content-item pt-cv-1-col\" ><div class='pt-cv-ifield'><h4 class=\"pt-cv-title\"><a href=\"https:\/\/www.tvnovelas.com.br\/tvnews\/quanto-mais-vida-melhor-nenem-deixa-paula-usar-e-levar-vestido-de-rose\/\" class=\"_self\" target=\"_self\" >\u2018Quanto Mais Vida, Melhor!\u2019: Nen\u00e9m deixa Paula usar e levar vestido de Rose<\/a><\/h4><\/div><\/div>\n<div class=\"col-md-12 col-sm-12 col-xs-12 pt-cv-content-item pt-cv-1-col\" ><div class='pt-cv-ifield'><h4 class=\"pt-cv-title\"><a href=\"https:\/\/www.tvnovelas.com.br\/tvnews\/quanto-mais-vida-melhor-nasce-a-filha-de-guilherme-e-flavia\/\" class=\"_self\" target=\"_self\" >Quanto Mais Vida, Melhor!: Nasce a filha de Guilherme e Fl\u00e1via<\/a><\/h4><\/div><\/div><\/div><\/div><\/div><\/p>\n<p><strong style=\"font-size: 120%;\">Saiba mais das novelas:<\/strong><br \/>\n<div class=\"pt-cv-wrapper\"><div class=\"pt-cv-view pt-cv-grid pt-cv-colsys\" id=\"pt-cv-view-90991035b3\"><div data-id=\"pt-cv-page-1\" class=\"pt-cv-page\" data-cvc=\"1\"><div class=\"col-md-12 col-sm-12 col-xs-12 pt-cv-content-item pt-cv-1-col\" ><div class='pt-cv-ifield'><h4 class=\"pt-cv-title\"><a href=\"https:\/\/www.tvnovelas.com.br\/tvnews\/em-coracao-de-mae-nos-proximos-capitulos-04-a-08-5\/\" class=\"_self\" target=\"_self\" >Em Cora\u00e7\u00e3o de M\u00e3e nos pr\u00f3ximos cap\u00edtulos (04 a 08\/5)<\/a><\/h4><\/div><\/div>\n<div class=\"col-md-12 col-sm-12 col-xs-12 pt-cv-content-item pt-cv-1-col\" ><div class='pt-cv-ifield'><h4 class=\"pt-cv-title\"><a href=\"https:\/\/www.tvnovelas.com.br\/tvnews\/coracao-de-mae-hasan-e-filiz-em-piquenique-romantico\/\" class=\"_self\" target=\"_self\" >Cora\u00e7\u00e3o de M\u00e3e: Hasan e Filiz em piquenique rom\u00e2ntico<\/a><\/h4><\/div><\/div>\n<div class=\"col-md-12 col-sm-12 col-xs-12 pt-cv-content-item pt-cv-1-col\" ><div class='pt-cv-ifield'><h4 class=\"pt-cv-title\"><a href=\"https:\/\/www.tvnovelas.com.br\/tvnews\/guerra-das-rosas-cihan-vibra-com-desistencia-de-gulru-de-casar-com-mert\/\" class=\"_self\" target=\"_self\" >Guerra das Rosas: Cihan vibra com desist\u00eancia de Gulru de casar com Mert<\/a><\/h4><\/div><\/div>\n<div class=\"col-md-12 col-sm-12 col-xs-12 pt-cv-content-item pt-cv-1-col\" ><div class='pt-cv-ifield'><h4 class=\"pt-cv-title\"><a href=\"https:\/\/www.tvnovelas.com.br\/tvnews\/coracao-de-mae-irmak-denuncia-adnan\/\" class=\"_self\" target=\"_self\" >Cora\u00e7\u00e3o de M\u00e3e: Irmak denuncia Adnan<\/a><\/h4><\/div><\/div>\n<div class=\"col-md-12 col-sm-12 col-xs-12 pt-cv-content-item pt-cv-1-col\" ><div class='pt-cv-ifield'><h4 class=\"pt-cv-title\"><a href=\"https:\/\/www.tvnovelas.com.br\/tvnews\/a-nobreza-do-amor-mirinho-e-obrigado-a-resgatar-tonho\/\" class=\"_self\" target=\"_self\" >A Nobreza do Amor: Mirinho \u00e9 obrigado a resgatar Tonho<\/a><\/h4><\/div><\/div>\n<div class=\"col-md-12 col-sm-12 col-xs-12 pt-cv-content-item pt-cv-1-col\" ><div class='pt-cv-ifield'><h4 class=\"pt-cv-title\"><a href=\"https:\/\/www.tvnovelas.com.br\/tvnews\/tres-gracas-paulinho-e-afastado-da-policia-por-causa-de-gerluce\/\" class=\"_self\" target=\"_self\" >Tr\u00eas Gra\u00e7as: Paulinho \u00e9 afastado da pol\u00edcia por causa de Gerluce<\/a><\/h4><\/div><\/div>\n<div class=\"col-md-12 col-sm-12 col-xs-12 pt-cv-content-item pt-cv-1-col\" ><div class='pt-cv-ifield'><h4 class=\"pt-cv-title\"><a href=\"https:\/\/www.tvnovelas.com.br\/tvnews\/coracao-de-mae-irmak-inicia-jogo-arriscado-contra-adnan\/\" class=\"_self\" target=\"_self\" >Cora\u00e7\u00e3o de M\u00e3e: Irmak inicia jogo arriscado contra Adnan<\/a><\/h4><\/div><\/div>\n<div class=\"col-md-12 col-sm-12 col-xs-12 pt-cv-content-item pt-cv-1-col\" ><div class='pt-cv-ifield'><h4 class=\"pt-cv-title\"><a href=\"https:\/\/www.tvnovelas.com.br\/tvnews\/guerra-das-rosas-omer-chama-gulru-vestida-de-noiva-para-fugir\/\" class=\"_self\" target=\"_self\" >Guerra das Rosas: Omer chama Gulru vestida de noiva para fugir<\/a><\/h4><\/div><\/div>\n<div class=\"col-md-12 col-sm-12 col-xs-12 pt-cv-content-item pt-cv-1-col\" ><div class='pt-cv-ifield'><h4 class=\"pt-cv-title\"><a href=\"https:\/\/www.tvnovelas.com.br\/tvnews\/coracao-de-mae-reha-sai-para-jantar-com-selvi\/\" class=\"_self\" target=\"_self\" >Cora\u00e7\u00e3o de M\u00e3e: Reha sai para jantar com Selvi<\/a><\/h4><\/div><\/div>\n<div class=\"col-md-12 col-sm-12 col-xs-12 pt-cv-content-item pt-cv-1-col\" ><div class='pt-cv-ifield'><h4 class=\"pt-cv-title\"><a href=\"https:\/\/www.tvnovelas.com.br\/tvnews\/coracao-acelerado-zila-se-preocupa-com-sua-situacao-apos-separacao\/\" class=\"_self\" target=\"_self\" >Cora\u00e7\u00e3o Acelerado: Zil\u00e1 se preocupa com sua situa\u00e7\u00e3o ap\u00f3s separa\u00e7\u00e3o<\/a><\/h4><\/div><\/div><\/div><\/div><\/div><br \/>\n<a href=\"https:\/\/www.tvnovelas.com.br\/novelas\/\"><strong>Confira os resumos da semana de todas novelas<\/strong><\/a><br \/>\n<a href=\"http:\/\/tvnovelas.com.br\/filmes\" target=\"_blank\" rel=\"noopener\">Veja tamb\u00e9m: Todas as telas: filmes e s\u00e9ries nos streamings<\/a><\/p>\n<h3>Confira tamb\u00e9m<\/h3>\n<p><a href=\"https:\/\/www.tvnovelas.com.br\/filmes\/\" target=\"_blank\" rel=\"noopener noreferrer\"><strong>Programa\u00e7\u00e3o de filmes na TV aberta<\/strong><\/a><br \/>\n<a href=\"https:\/\/tvnovelas.com.br\/filmes\/filmes-e-series-ineditos-em-estreia-na-semana-na-netflix\/\" target=\"_blank\" rel=\"noopener noreferrer\"><strong>Estreias da semana na Netflix<\/strong><\/a><br \/>\n<a href=\"https:\/\/caetenews.com.br\/semana\/filmes-da-globo-na-sessao-da-tarde-desta-semana\/\" target=\"_blank\" rel=\"noopener\"><strong>Confira os filmes da semana na Sess\u00e3o da Tarde<\/strong><\/a><br \/>\n<a href=\"https:\/\/tvnovelas.com.br\/filmes\/o-que-ha-de-novo-no-globoplay\/\" target=\"_blank\" rel=\"noopener noreferrer\"><strong>Estreias e novidades no Globoplay<\/strong><\/a><br \/>\n<a href=\"\/\/tvnovelas.com.br\/filmes\/filmes-em-estreia-nos-cinemas\/\" target=\"_blank\" rel=\"noopener noreferrer\"><strong>Estreias e novidades no Cinema<\/strong><\/a><br \/>\n<a href=\"https:\/\/www.tvnovelas.com.br\/novelas\/\" target=\"_blank\" rel=\"noopener noreferrer\"><strong>Resumos de novelas<\/strong><\/a><\/p>\n","protected":false},"excerpt":{"rendered":"<p>Em Quanto Mais Vida, Melhor!Nen\u00e9m (Vladimir Brichta) voltou a ser o craque da camisa 10. Mas agora ter\u00e1 que correr contra o tempo para ter sua vida de&#8230;<\/p>\n","protected":false},"author":1,"featured_media":27198,"comment_status":"closed","ping_status":"closed","sticky":false,"template":"","format":"standard","meta":{"_uf_show_specific_survey":0,"_uf_disable_surveys":false,"_jetpack_memberships_contains_paid_content":false,"footnotes":"","_wp_rev_ctl_limit":""},"categories":[291],"tags":[5,64,292],"class_list":["post-27197","post","type-post","status-publish","format-standard","has-post-thumbnail","hentry","category-quanto-mais-vida-melhor","tag-globo","tag-novelas","tag-quanto-mais-vida","wpcat-291-id"],"aioseo_notices":[],"jetpack_featured_media_url":"https:\/\/i0.wp.com\/www.tvnovelas.com.br\/tvnews\/wp-content\/uploads\/2022\/04\/32007.jpg?fit=600%2C360&ssl=1","jetpack_shortlink":"https:\/\/wp.me\/pdP2BO-74F","jetpack_sharing_enabled":true,"_links":{"self":[{"href":"https:\/\/www.tvnovelas.com.br\/tvnews\/wp-json\/wp\/v2\/posts\/27197","targetHints":{"allow":["GET"]}}],"collection":[{"href":"https:\/\/www.tvnovelas.com.br\/tvnews\/wp-json\/wp\/v2\/posts"}],"about":[{"href":"https:\/\/www.tvnovelas.com.br\/tvnews\/wp-json\/wp\/v2\/types\/post"}],"author":[{"embeddable":true,"href":"https:\/\/www.tvnovelas.com.br\/tvnews\/wp-json\/wp\/v2\/users\/1"}],"replies":[{"embeddable":true,"href":"https:\/\/www.tvnovelas.com.br\/tvnews\/wp-json\/wp\/v2\/comments?post=27197"}],"version-history":[{"count":0,"href":"https:\/\/www.tvnovelas.com.br\/tvnews\/wp-json\/wp\/v2\/posts\/27197\/revisions"}],"wp:featuredmedia":[{"embeddable":true,"href":"https:\/\/www.tvnovelas.com.br\/tvnews\/wp-json\/wp\/v2\/media\/27198"}],"wp:attachment":[{"href":"https:\/\/www.tvnovelas.com.br\/tvnews\/wp-json\/wp\/v2\/media?parent=27197"}],"wp:term":[{"taxonomy":"category","embeddable":true,"href":"https:\/\/www.tvnovelas.com.br\/tvnews\/wp-json\/wp\/v2\/categories?post=27197"},{"taxonomy":"post_tag","embeddable":true,"href":"https:\/\/www.tvnovelas.com.br\/tvnews\/wp-json\/wp\/v2\/tags?post=27197"}],"curies":[{"name":"wp","href":"https:\/\/api.w.org\/{rel}","templated":true}]}}