{"id":27435,"date":"2022-05-01T09:33:42","date_gmt":"2022-05-01T12:33:42","guid":{"rendered":"https:\/\/www.tvnovelas.com.br\/tvnews\/?p=27435"},"modified":"2022-05-01T09:34:35","modified_gmt":"2022-05-01T12:34:35","slug":"pantanal-nayara-flagra-beijo-de-irma-e-gustavo","status":"publish","type":"post","link":"https:\/\/www.tvnovelas.com.br\/tvnews\/pantanal-nayara-flagra-beijo-de-irma-e-gustavo\/","title":{"rendered":"\u2018Pantanal\u2019: Nayara flagra beijo de Irma e Gustavo"},"content":{"rendered":"<p><em>Not\u00edcias de Pantanal:<\/em><br \/>\n<img data-recalc-dims=\"1\" decoding=\"async\" class=\"alignnone wp-image-27436 size-full\" title=\"(Foto: TV Globo\/Pantanal)\" src=\"https:\/\/i0.wp.com\/www.tvnovelas.com.br\/tvnews\/wp-content\/uploads\/2022\/05\/32080.jpg?resize=600%2C360&#038;ssl=1\" alt=\"Foto de Irma, em Pantanal\" width=\"600\" height=\"360\" \/><br \/>\nPreocupados com o \u201cv\u00edcio\u201d de Madeleine (Karine Teles) em redes sociais, Gustavo (Caco Ciocler) e Irma (Camila Morgado) conversam sobre a influencer.<\/p>\n<p>Observando a m\u00e3e de Jove (Jesu\u00edta Barbosa) imersa no pr\u00f3prio celular, Gustavo comenta:<\/p>\n<p>\u201cTem vezes que ela nem come. Afunda a cara nesse celular e, quando levanta, passou o dia\u201d, afirma Gustavo.<\/p>\n<p>\u201cIsso est\u00e1 virando uma obsess\u00e3o\u201d, constata Irma.<\/p>\n<p>\u201cA verdade \u00e9 que as redes sociais s\u00e3o o cigarro do nosso tempo. Um v\u00edcio. E n\u00f3s s\u00f3 iremos entender todos seus efeitos nocivos daqui h\u00e1 muitos e muitos anos\u201d.<\/p>\n<p>\u201cEu temo pela minha irm\u00e3 e por todos aqueles que ela tem arrastado junto dela\u201d, comenta Irma.<\/p>\n<p>\u201cEu tentei ajudar, porque me sentia culpado com todo o lance do Jove\u201d, explica o mestre em an\u00e1lise comportamental.<\/p>\n<p>Irma diz, ent\u00e3o, que Gustavo n\u00e3o teve culpa alguma e que s\u00f3 pensou no bem de Madeleine e Jove quando foi busc\u00e1-los no pantanal.<\/p>\n<p>\u201cMas eu me sinto respons\u00e1vel, sabe?! Se eu n\u00e3o tivesse ido at\u00e9 aquela fazenda, os cinco minutos dela teriam passado, ela teria ficado l\u00e1, com o marido dela, e vida que segue\u201d, diz ele com sentimento de culpa.<\/p>\n<p>\u201cMas voc\u00ea foi, a trouxe de volta, ela fez tudo o que fez e, agora, voc\u00eas t\u00e3o juntos de novo\u201d, fala Irma.<\/p>\n<p>\u201cMas eu cansei&#8230; De verdade. Passei a vida rastejando pela aten\u00e7\u00e3o da sua irm\u00e3, quando a \u00fanica pessoa que tinha olhos pra mim estava bem do meu lado\u201d, revela Gustavo.<\/p>\n<p>Nesse momento, os dois v\u00e3o se aproximando e os l\u00e1bios se tocam de leve, mas Irma se afasta rapidamente.<\/p>\n<p>Eles n\u00e3o percebem, mas Nayara (Victoria Rossetti) flagrou o beijo e saiu.<\/p>\n<p>\u201cMe desculpe, Gustavo\u201d, pede Irma.<\/p>\n<p>\u201cVoc\u00ea n\u00e3o precisa se desculpar. Eu que me deixei levar. Pela nossa conversa, n\u00e3o sei&#8230; Aquilo me fez enxergar o \u00f3bvio. Eu e voc\u00ea, Irma\u201d.<\/p>\n<p>As palavras que ela sempre quis escutar, finalmente, foram ditas por Gustavo mas ela reage de outra forma e deixa Gustavo at\u00f4nito:<\/p>\n<p>\u201cEu s\u00f3 percebi agora que voc\u00ea n\u00e3o vai preencher o vazio da minha vida. Me desculpe se eu te trouxe \u00e0s conclus\u00f5es erradas. Me desculpe mesmo. Eu vou embora\u201d.<\/p>\n<p>E, antes que Irma entre no elevador, Nayara a puxa pela m\u00e3o. \u201cEu vi voc\u00ea e o Gus\u201d, revela.<\/p>\n<p>Incomodada com a intromiss\u00e3o da garota em sua vida, Irma dir\u00e1: \u201ceu n\u00e3o sei o que voc\u00ea viu, ou acha que tenha visto, mas isso n\u00e3o diz respeito a voc\u00ea\u201d.<\/p>\n<p>\u201cMas diz respeito a minha sogra!\u201d, ainda tenta argumentar Nayara, mesmo sabendo que mente para si mesma.<\/p>\n<p>Irma n\u00e3o perdoa: \u201ceu tenho pena de voc\u00ea, porque voc\u00ea acredita tanto nessa fantasia que n\u00e3o se deu conta do quanto est\u00e1 sendo usada pela minha irm\u00e3.<\/p>\n<p>E finaliza: \u201ceu espero que voc\u00ea desperte dessa ilus\u00e3o a tempo de ir viver a sua vida, Nayara. Ou voc\u00ea vai acabar arrependida, tendo que correr atr\u00e1s do tempo perdido&#8230; Como eu\u201d.<br \/>\n<a href=\"https:\/\/www.tvnovelas.com.br\/novelas\/resumos-de-alem-da-ilusao\/\">Confira os resumos da semana de &#8216;Al\u00e9m da Ilus\u00e3o&#8217;<\/a><br \/>\n<div class=\"pt-cv-wrapper\"><div class=\"pt-cv-view pt-cv-grid pt-cv-colsys\" id=\"pt-cv-view-9bdedf6aiq\"><div data-id=\"pt-cv-page-1\" class=\"pt-cv-page\" data-cvc=\"1\"><div class=\"col-md-12 col-sm-12 col-xs-12 pt-cv-content-item pt-cv-1-col\" ><div class='pt-cv-ifield'><h4 class=\"pt-cv-title\"><a href=\"https:\/\/www.tvnovelas.com.br\/tvnews\/cara-e-coragem-andrea-arma-encontro-entre-romulo-e-pat\/\" class=\"_self\" target=\"_self\" >Cara e Coragem: Andr\u00e9a arma encontro entre R\u00f4mulo e Pat<\/a><\/h4><\/div><\/div>\n<div class=\"col-md-12 col-sm-12 col-xs-12 pt-cv-content-item pt-cv-1-col\" ><div class='pt-cv-ifield'><h4 class=\"pt-cv-title\"><a href=\"https:\/\/www.tvnovelas.com.br\/tvnews\/alem-da-ilusao-joaquim-entrega-ursula-para-a-policia\/\" class=\"_self\" target=\"_self\" >\u2018Al\u00e9m da Ilus\u00e3o\u2019: Joaquim entrega \u00darsula para a Pol\u00edcia<\/a><\/h4><\/div><\/div>\n<div class=\"col-md-12 col-sm-12 col-xs-12 pt-cv-content-item pt-cv-1-col\" ><div class='pt-cv-ifield'><h4 class=\"pt-cv-title\"><a href=\"https:\/\/www.tvnovelas.com.br\/tvnews\/alem-da-ilusao-davi-e-considerado-inocente-da-morte-de-elisa\/\" class=\"_self\" target=\"_self\" >Al\u00e9m da Ilus\u00e3o: Davi \u00e9 considerado inocente da morte de Elisa<\/a><\/h4><\/div><\/div>\n<div class=\"col-md-12 col-sm-12 col-xs-12 pt-cv-content-item pt-cv-1-col\" ><div class='pt-cv-ifield'><h4 class=\"pt-cv-title\"><a href=\"https:\/\/www.tvnovelas.com.br\/tvnews\/alem-da-ilusao-perito-mostra-arma-que-matou-elisa-e-inocenta-davi\/\" class=\"_self\" target=\"_self\" >\u2018Al\u00e9m da Ilus\u00e3o\u2019: perito mostra arma que matou Elisa e inocenta Davi<\/a><\/h4><\/div><\/div><\/div><\/div><\/div><\/p>\n<p><strong style=\"font-size: 120%;\">Saiba mais das novelas:<\/strong><br \/>\n<div class=\"pt-cv-wrapper\"><div class=\"pt-cv-view pt-cv-grid pt-cv-colsys\" id=\"pt-cv-view-90991035b3\"><div data-id=\"pt-cv-page-1\" class=\"pt-cv-page\" data-cvc=\"1\"><div class=\"col-md-12 col-sm-12 col-xs-12 pt-cv-content-item pt-cv-1-col\" ><div class='pt-cv-ifield'><h4 class=\"pt-cv-title\"><a href=\"https:\/\/www.tvnovelas.com.br\/tvnews\/coracao-de-mae-atilla-confronta-hasan-e-exige-o-divorcio-de-lale\/\" class=\"_self\" target=\"_self\" >Cora\u00e7\u00e3o de M\u00e3e: Atilla confronta Hasan e exige o div\u00f3rcio de Lale<\/a><\/h4><\/div><\/div>\n<div class=\"col-md-12 col-sm-12 col-xs-12 pt-cv-content-item pt-cv-1-col\" ><div class='pt-cv-ifield'><h4 class=\"pt-cv-title\"><a href=\"https:\/\/www.tvnovelas.com.br\/tvnews\/guerra-das-rosas-gulfem-coloca-gulru-contra-a-parede\/\" class=\"_self\" target=\"_self\" >Guerra das Rosas: Gulfem coloca Gulru contra a parede<\/a><\/h4><\/div><\/div>\n<div class=\"col-md-12 col-sm-12 col-xs-12 pt-cv-content-item pt-cv-1-col\" ><div class='pt-cv-ifield'><h4 class=\"pt-cv-title\"><a href=\"https:\/\/www.tvnovelas.com.br\/tvnews\/coracao-de-mae-atilla-diz-a-lale-que-quer-o-divorcio\/\" class=\"_self\" target=\"_self\" >Cora\u00e7\u00e3o de M\u00e3e: Atilla diz a Lale que quer o div\u00f3rcio<\/a><\/h4><\/div><\/div>\n<div class=\"col-md-12 col-sm-12 col-xs-12 pt-cv-content-item pt-cv-1-col\" ><div class='pt-cv-ifield'><h4 class=\"pt-cv-title\"><a href=\"https:\/\/www.tvnovelas.com.br\/tvnews\/a-nobreza-do-amor-mirinho-garante-noivado-com-virginia-para-atrair-sogro-a-negocio\/\" class=\"_self\" target=\"_self\" >A Nobreza do Amor: Mirinho garante noivado com Virg\u00ednia para atrair sogro a neg\u00f3cio<\/a><\/h4><\/div><\/div>\n<div class=\"col-md-12 col-sm-12 col-xs-12 pt-cv-content-item pt-cv-1-col\" ><div class='pt-cv-ifield'><h4 class=\"pt-cv-title\"><a href=\"https:\/\/www.tvnovelas.com.br\/tvnews\/tres-gracas-joaquim-propoe-fuga-a-arminda-com-o-dinheiro-das-tres-gracas\/\" class=\"_self\" target=\"_self\" >Tr\u00eas Gra\u00e7as:  Joaquim prop\u00f5e fuga a Arminda com o dinheiro das Tr\u00eas Gra\u00e7as<\/a><\/h4><\/div><\/div>\n<div class=\"col-md-12 col-sm-12 col-xs-12 pt-cv-content-item pt-cv-1-col\" ><div class='pt-cv-ifield'><h4 class=\"pt-cv-title\"><a href=\"https:\/\/www.tvnovelas.com.br\/tvnews\/coracao-de-mae-atilla-decide-abrir-o-jogo-com-karsu\/\" class=\"_self\" target=\"_self\" >Cora\u00e7\u00e3o de M\u00e3e: Atilla decide abrir o jogo com Karsu<\/a><\/h4><\/div><\/div>\n<div class=\"col-md-12 col-sm-12 col-xs-12 pt-cv-content-item pt-cv-1-col\" ><div class='pt-cv-ifield'><h4 class=\"pt-cv-title\"><a href=\"https:\/\/www.tvnovelas.com.br\/tvnews\/coracao-de-mae-adnan-e-preso-apos-denuncia-de-irmak\/\" class=\"_self\" target=\"_self\" >Em Cora\u00e7\u00e3o de M\u00e3e: Adnan \u00e9 preso ap\u00f3s denuncia de Irmak<\/a><\/h4><\/div><\/div>\n<div class=\"col-md-12 col-sm-12 col-xs-12 pt-cv-content-item pt-cv-1-col\" ><div class='pt-cv-ifield'><h4 class=\"pt-cv-title\"><a href=\"https:\/\/www.tvnovelas.com.br\/tvnews\/coracao-de-mae-atilla-forca-karsu-a-ouvir-suas-explicacoes\/\" class=\"_self\" target=\"_self\" >Cora\u00e7\u00e3o de M\u00e3e: Atilla for\u00e7a Karsu a ouvir suas explica\u00e7\u00f5es<\/a><\/h4><\/div><\/div>\n<div class=\"col-md-12 col-sm-12 col-xs-12 pt-cv-content-item pt-cv-1-col\" ><div class='pt-cv-ifield'><h4 class=\"pt-cv-title\"><a href=\"https:\/\/www.tvnovelas.com.br\/tvnews\/coracao-acelerado-mulher-choca-janete-ao-se-apresentar-como-amante-do-palhares\/\" class=\"_self\" target=\"_self\" >Cora\u00e7\u00e3o Acelerado: Mulher choca Janete ao se apresentar como amante do Palhares<\/a><\/h4><\/div><\/div>\n<div class=\"col-md-12 col-sm-12 col-xs-12 pt-cv-content-item pt-cv-1-col\" ><div class='pt-cv-ifield'><h4 class=\"pt-cv-title\"><a href=\"https:\/\/www.tvnovelas.com.br\/tvnews\/a-nobreza-do-amor-jendal-dobra-a-recompensa-por-alika\/\" class=\"_self\" target=\"_self\" >A Nobreza do Amor: Jendal dobra a recompensa por Alika<\/a><\/h4><\/div><\/div><\/div><\/div><\/div><br \/>\n<a href=\"https:\/\/www.tvnovelas.com.br\/novelas\/\"><strong>Confira os resumos da semana de todas novelas<\/strong><\/a><br \/>\n<a href=\"http:\/\/tvnovelas.com.br\/filmes\" target=\"_blank\" rel=\"noopener\">Veja tamb\u00e9m: Todas as telas: filmes e s\u00e9ries nos streamings<\/a><\/p>\n","protected":false},"excerpt":{"rendered":"<p>Em Pantanal, Preocupados com o \u201cv\u00edcio\u201d de Madeleine (Karine Teles) em redes sociais, Gustavo (Caco Ciocler) e Irma (Camila Morgado) conversam sobre&#8230;<\/p>\n","protected":false},"author":1,"featured_media":27436,"comment_status":"closed","ping_status":"closed","sticky":false,"template":"","format":"standard","meta":{"_uf_show_specific_survey":0,"_uf_disable_surveys":false,"_jetpack_memberships_contains_paid_content":false,"footnotes":"","_wp_rev_ctl_limit":""},"categories":[280],"tags":[5,64,281],"class_list":["post-27435","post","type-post","status-publish","format-standard","has-post-thumbnail","hentry","category-pantanal","tag-globo","tag-novelas","tag-pantanal","wpcat-280-id"],"aioseo_notices":[],"jetpack_featured_media_url":"https:\/\/i0.wp.com\/www.tvnovelas.com.br\/tvnews\/wp-content\/uploads\/2022\/05\/32080.jpg?fit=600%2C360&ssl=1","jetpack_shortlink":"https:\/\/wp.me\/pdP2BO-78v","jetpack_sharing_enabled":true,"_links":{"self":[{"href":"https:\/\/www.tvnovelas.com.br\/tvnews\/wp-json\/wp\/v2\/posts\/27435","targetHints":{"allow":["GET"]}}],"collection":[{"href":"https:\/\/www.tvnovelas.com.br\/tvnews\/wp-json\/wp\/v2\/posts"}],"about":[{"href":"https:\/\/www.tvnovelas.com.br\/tvnews\/wp-json\/wp\/v2\/types\/post"}],"author":[{"embeddable":true,"href":"https:\/\/www.tvnovelas.com.br\/tvnews\/wp-json\/wp\/v2\/users\/1"}],"replies":[{"embeddable":true,"href":"https:\/\/www.tvnovelas.com.br\/tvnews\/wp-json\/wp\/v2\/comments?post=27435"}],"version-history":[{"count":0,"href":"https:\/\/www.tvnovelas.com.br\/tvnews\/wp-json\/wp\/v2\/posts\/27435\/revisions"}],"wp:featuredmedia":[{"embeddable":true,"href":"https:\/\/www.tvnovelas.com.br\/tvnews\/wp-json\/wp\/v2\/media\/27436"}],"wp:attachment":[{"href":"https:\/\/www.tvnovelas.com.br\/tvnews\/wp-json\/wp\/v2\/media?parent=27435"}],"wp:term":[{"taxonomy":"category","embeddable":true,"href":"https:\/\/www.tvnovelas.com.br\/tvnews\/wp-json\/wp\/v2\/categories?post=27435"},{"taxonomy":"post_tag","embeddable":true,"href":"https:\/\/www.tvnovelas.com.br\/tvnews\/wp-json\/wp\/v2\/tags?post=27435"}],"curies":[{"name":"wp","href":"https:\/\/api.w.org\/{rel}","templated":true}]}}