{"id":28233,"date":"2022-05-24T09:03:17","date_gmt":"2022-05-24T12:03:17","guid":{"rendered":"https:\/\/www.tvnovelas.com.br\/tvnews\/?p=28233"},"modified":"2022-05-24T09:03:17","modified_gmt":"2022-05-24T12:03:17","slug":"alem-da-ilusao-tenorio-larga-a-batina-para-ficar-com-olivia","status":"publish","type":"post","link":"https:\/\/www.tvnovelas.com.br\/tvnews\/alem-da-ilusao-tenorio-larga-a-batina-para-ficar-com-olivia\/","title":{"rendered":"\u2018Al\u00e9m da Ilus\u00e3o\u2019 : Ten\u00f3rio larga a batina para ficar com Ol\u00edvia"},"content":{"rendered":"<p><em>Not\u00edcias de Al\u00e9m da Ilus\u00e3o:<\/em><br \/>\n<img data-recalc-dims=\"1\" decoding=\"async\" class=\"alignnone wp-image-28234 size-full\" title=\"(Foto: TV Globo\/Al\u00e9m da Ilus\u00e3o)\" src=\"https:\/\/i0.wp.com\/www.tvnovelas.com.br\/tvnews\/wp-content\/uploads\/2022\/05\/32696.jpg?resize=600%2C360&#038;ssl=1\" alt=\"Foto de Ten\u00f3rio, em Al\u00e9m da Ilus\u00e3o\" width=\"600\" height=\"360\" \/><br \/>\nPadre Ten\u00f3rio (Jayme Matarazzo) largar\u00e1 a batina para ficar com Ol\u00edvia (Debora Oz\u00f3rio).. O reencontro do casal, acontecer\u00e1 com direito a fortes emo\u00e7\u00f5es e beijo.<\/p>\n<p>Padre Ten\u00f3rio decidiu ir para o semin\u00e1rio depois de perceber que seus sentimentos por Ol\u00edvia s\u00f3 aumentavam, principalmente depois que a jovem cuidou dele quando encarava as febres causadas pela mal\u00e1ria. Ele at\u00e9 deu um beijo na amiga em um momento de del\u00edrio, deixando, portanto, Ol\u00edvia arrasada com sua partida&#8230;<\/p>\n<p>No semin\u00e1rio, padre Ten\u00f3rio confessou o amor que sente por Ol\u00edvia para o padre Aguinaldo (Jaime Leibovitch). E uma conversa que acontecer\u00e1 entre eles ser\u00e1 decisiva para Ten\u00f3rio tomar a sua decis\u00e3o: seguir o sacerd\u00f3cio ou se casar com Ol\u00edvia.<\/p>\n<p>Ten\u00f3rio come\u00e7ar\u00e1 desabafando:<\/p>\n<p>\u201cQuando finalmente atravessei aquela porta, tinha no cora\u00e7\u00e3o o firme prop\u00f3sito de descobrir qual \u00e9 a vontade de Deus e qual a melhor forma de servi-Lo. Agora que eu estava encontrando o caminho&#8230;\u201d<br \/>\n\u201cH\u00e1 v\u00e1rias maneiras de servir a Deus, meu filho. Pode fazer isso mesmo casado. O que n\u00e3o pode \u00e9 viver nesse mart\u00edrio! Lembra-se do que diz S\u00e3o Jo\u00e3o em sua Ep\u00edstola? \u2018Amemo-nos uns aos outros porque o amor \u00e9 de Deus\u201d, dir\u00e1 o padre Aguinaldo.<\/p>\n<p>Depois de ouvir as palavras do amigo, Ten\u00f3rio continuar\u00e1 receoso&#8230;<\/p>\n<p>\u201cMas eu tenho tantas d\u00favidas, padre Aguinaldo&#8230; Os des\u00edgnios de Deus me parecem cada vez mais misteriosos&#8230; Esta seria, realmente, uma sa\u00edda?\u201d<\/p>\n<p>\u201cSe voc\u00ea ama profundamente uma mo\u00e7a, a ponto de formar uma fam\u00edlia com ela, voc\u00ea tamb\u00e9m est\u00e1 amando a Deus. Voc\u00ea sempre O amar\u00e1 acima de todas as coisas&#8230;\u201d<\/p>\n<p>E padre Aguinaldo finalizar\u00e1 dizendo que um sentimento n\u00e3o impede o outro e que o amor pode sair ainda mais fortalecido&#8230;<\/p>\n<p>\u201cMesmo casado, Ten\u00f3rio, voc\u00ea tamb\u00e9m pode estar a servi\u00e7o de Deus&#8230;\u201d, dir\u00e1 Aguinaldo.<\/p>\n<p>Ten\u00f3rio tomar\u00e1 sua decis\u00e3o. J\u00e1 na vila, ele aparecer\u00e1 vestindo roupas normais, estar\u00e1 sem a batina. E a primeira a v\u00ea-lo ser\u00e1 Ol\u00edvia, que vai correr na dire\u00e7\u00e3o do amado, sem acreditar no que est\u00e1 acontecendo!<\/p>\n<p>Os dois, ent\u00e3o, v\u00e3o se beijar, apaixonados!<br \/>\nAs cenas v\u00e3o ao ar na sexta-feira, dia 27<br \/>\n<a href=\"https:\/\/www.tvnovelas.com.br\/novelas\/resumos-de-alem-da-ilusao\/\">Confira os resumos da semana de \u2018Al\u00e9m da Ilus\u00e3o'<\/a><br \/>\n<div class=\"pt-cv-wrapper\"><div class=\"pt-cv-view pt-cv-grid pt-cv-colsys\" id=\"pt-cv-view-9bdedf6aiq\"><div data-id=\"pt-cv-page-1\" class=\"pt-cv-page\" data-cvc=\"1\"><div class=\"col-md-12 col-sm-12 col-xs-12 pt-cv-content-item pt-cv-1-col\" ><div class='pt-cv-ifield'><h4 class=\"pt-cv-title\"><a href=\"https:\/\/www.tvnovelas.com.br\/tvnews\/cara-e-coragem-andrea-arma-encontro-entre-romulo-e-pat\/\" class=\"_self\" target=\"_self\" >Cara e Coragem: Andr\u00e9a arma encontro entre R\u00f4mulo e Pat<\/a><\/h4><\/div><\/div>\n<div class=\"col-md-12 col-sm-12 col-xs-12 pt-cv-content-item pt-cv-1-col\" ><div class='pt-cv-ifield'><h4 class=\"pt-cv-title\"><a href=\"https:\/\/www.tvnovelas.com.br\/tvnews\/alem-da-ilusao-joaquim-entrega-ursula-para-a-policia\/\" class=\"_self\" target=\"_self\" >\u2018Al\u00e9m da Ilus\u00e3o\u2019: Joaquim entrega \u00darsula para a Pol\u00edcia<\/a><\/h4><\/div><\/div>\n<div class=\"col-md-12 col-sm-12 col-xs-12 pt-cv-content-item pt-cv-1-col\" ><div class='pt-cv-ifield'><h4 class=\"pt-cv-title\"><a href=\"https:\/\/www.tvnovelas.com.br\/tvnews\/alem-da-ilusao-davi-e-considerado-inocente-da-morte-de-elisa\/\" class=\"_self\" target=\"_self\" >Al\u00e9m da Ilus\u00e3o: Davi \u00e9 considerado inocente da morte de Elisa<\/a><\/h4><\/div><\/div>\n<div class=\"col-md-12 col-sm-12 col-xs-12 pt-cv-content-item pt-cv-1-col\" ><div class='pt-cv-ifield'><h4 class=\"pt-cv-title\"><a href=\"https:\/\/www.tvnovelas.com.br\/tvnews\/alem-da-ilusao-perito-mostra-arma-que-matou-elisa-e-inocenta-davi\/\" class=\"_self\" target=\"_self\" >\u2018Al\u00e9m da Ilus\u00e3o\u2019: perito mostra arma que matou Elisa e inocenta Davi<\/a><\/h4><\/div><\/div><\/div><\/div><\/div><br \/>\n<strong>\u00daltimas das novelas:<\/strong><br \/>\n<div class=\"pt-cv-wrapper\"><div class=\"pt-cv-view pt-cv-grid pt-cv-colsys\" id=\"pt-cv-view-90991035b3\"><div data-id=\"pt-cv-page-1\" class=\"pt-cv-page\" data-cvc=\"1\"><div class=\"col-md-12 col-sm-12 col-xs-12 pt-cv-content-item pt-cv-1-col\" ><div class='pt-cv-ifield'><h4 class=\"pt-cv-title\"><a href=\"https:\/\/www.tvnovelas.com.br\/tvnews\/guerra-das-rosas-gulfem-coloca-gulru-contra-a-parede\/\" class=\"_self\" target=\"_self\" >Guerra das Rosas: Gulfem coloca Gulru contra a parede<\/a><\/h4><\/div><\/div>\n<div class=\"col-md-12 col-sm-12 col-xs-12 pt-cv-content-item pt-cv-1-col\" ><div class='pt-cv-ifield'><h4 class=\"pt-cv-title\"><a href=\"https:\/\/www.tvnovelas.com.br\/tvnews\/coracao-de-mae-atilla-diz-a-lale-que-quer-o-divorcio\/\" class=\"_self\" target=\"_self\" >Cora\u00e7\u00e3o de M\u00e3e: Atilla diz a Lale que quer o div\u00f3rcio<\/a><\/h4><\/div><\/div>\n<div class=\"col-md-12 col-sm-12 col-xs-12 pt-cv-content-item pt-cv-1-col\" ><div class='pt-cv-ifield'><h4 class=\"pt-cv-title\"><a href=\"https:\/\/www.tvnovelas.com.br\/tvnews\/a-nobreza-do-amor-mirinho-garante-noivado-com-virginia-para-atrair-sogro-a-negocio\/\" class=\"_self\" target=\"_self\" >A Nobreza do Amor: Mirinho garante noivado com Virg\u00ednia para atrair sogro a neg\u00f3cio<\/a><\/h4><\/div><\/div>\n<div class=\"col-md-12 col-sm-12 col-xs-12 pt-cv-content-item pt-cv-1-col\" ><div class='pt-cv-ifield'><h4 class=\"pt-cv-title\"><a href=\"https:\/\/www.tvnovelas.com.br\/tvnews\/tres-gracas-joaquim-propoe-fuga-a-arminda-com-o-dinheiro-das-tres-gracas\/\" class=\"_self\" target=\"_self\" >Tr\u00eas Gra\u00e7as:  Joaquim prop\u00f5e fuga a Arminda com o dinheiro das Tr\u00eas Gra\u00e7as<\/a><\/h4><\/div><\/div>\n<div class=\"col-md-12 col-sm-12 col-xs-12 pt-cv-content-item pt-cv-1-col\" ><div class='pt-cv-ifield'><h4 class=\"pt-cv-title\"><a href=\"https:\/\/www.tvnovelas.com.br\/tvnews\/coracao-de-mae-atilla-decide-abrir-o-jogo-com-karsu\/\" class=\"_self\" target=\"_self\" >Cora\u00e7\u00e3o de M\u00e3e: Atilla decide abrir o jogo com Karsu<\/a><\/h4><\/div><\/div>\n<div class=\"col-md-12 col-sm-12 col-xs-12 pt-cv-content-item pt-cv-1-col\" ><div class='pt-cv-ifield'><h4 class=\"pt-cv-title\"><a href=\"https:\/\/www.tvnovelas.com.br\/tvnews\/coracao-de-mae-adnan-e-preso-apos-denuncia-de-irmak\/\" class=\"_self\" target=\"_self\" >Em Cora\u00e7\u00e3o de M\u00e3e: Adnan \u00e9 preso ap\u00f3s denuncia de Irmak<\/a><\/h4><\/div><\/div>\n<div class=\"col-md-12 col-sm-12 col-xs-12 pt-cv-content-item pt-cv-1-col\" ><div class='pt-cv-ifield'><h4 class=\"pt-cv-title\"><a href=\"https:\/\/www.tvnovelas.com.br\/tvnews\/coracao-de-mae-atilla-forca-karsu-a-ouvir-suas-explicacoes\/\" class=\"_self\" target=\"_self\" >Cora\u00e7\u00e3o de M\u00e3e: Atilla for\u00e7a Karsu a ouvir suas explica\u00e7\u00f5es<\/a><\/h4><\/div><\/div>\n<div class=\"col-md-12 col-sm-12 col-xs-12 pt-cv-content-item pt-cv-1-col\" ><div class='pt-cv-ifield'><h4 class=\"pt-cv-title\"><a href=\"https:\/\/www.tvnovelas.com.br\/tvnews\/coracao-acelerado-mulher-choca-janete-ao-se-apresentar-como-amante-do-palhares\/\" class=\"_self\" target=\"_self\" >Cora\u00e7\u00e3o Acelerado: Mulher choca Janete ao se apresentar como amante do Palhares<\/a><\/h4><\/div><\/div>\n<div class=\"col-md-12 col-sm-12 col-xs-12 pt-cv-content-item pt-cv-1-col\" ><div class='pt-cv-ifield'><h4 class=\"pt-cv-title\"><a href=\"https:\/\/www.tvnovelas.com.br\/tvnews\/a-nobreza-do-amor-jendal-dobra-a-recompensa-por-alika\/\" class=\"_self\" target=\"_self\" >A Nobreza do Amor: Jendal dobra a recompensa por Alika<\/a><\/h4><\/div><\/div>\n<div class=\"col-md-12 col-sm-12 col-xs-12 pt-cv-content-item pt-cv-1-col\" ><div class='pt-cv-ifield'><h4 class=\"pt-cv-title\"><a href=\"https:\/\/www.tvnovelas.com.br\/tvnews\/tres-gracas-bagda-e-preso-por-juquinha\/\" class=\"_self\" target=\"_self\" >Tr\u00eas Gra\u00e7as:  Bagd\u00e1 \u00e9 preso por Juquinha<\/a><\/h4><\/div><\/div><\/div><\/div><\/div><br \/>\n<a href=\"https:\/\/www.tvnovelas.com.br\/novelas\/\u201d\"><strong>Confira os resumos da semana de todas novelas<\/strong><\/a><br \/>\n<a href=\"\/\/tvnovelas.com.br\/filmes\u201d\" target=\"\u201d_blank\u201d\" rel=\"\u201dnoopener\u201d noopener\">Veja tamb\u00e9m: Todas as telas: filmes e s\u00e9ries nos streamings<\/a><\/p>\n<h3>Confira tamb\u00e9m<\/h3>\n<p><a href=\"\/\/www.tvnovelas.com.br\/filmes\/\u201d\" target=\"\u201d_blank\u201d\" rel=\"\u201dnoopener noopener\"><strong>Programa\u00e7\u00e3o de filmes na TV aberta<\/strong><\/a><br \/>\n<a href=\"\/\/tvnovelas.com.br\/filmes\/filmes-e-series-ineditos-em-estreia-na-semana-na-netflix\/\u201d\" target=\"\u201d_blank\u201d\" rel=\"\u201dnoopener noopener\"><strong>Estreias da semana na Netflix<\/strong><\/a><br \/>\n<a href=\"https:\/\/www.tvnovelas.com.br\/tvshow\/filmes-da-globo-na-sessao-da-tarde\/\u201d\" target=\"\u201d_blank\u201d\" rel=\"\u201dnoopener\u201d noopener\"><strong>Confira os filmes da semana na Sess\u00e3o da Tarde<\/strong><\/a><br \/>\n<a href=\"\/\/tvnovelas.com.br\/filmes\/o-que-ha-de-novo-no-globoplay\/\u201d\" target=\"\u201d_blank\u201d\" rel=\"\u201dnoopener noopener\"><strong>Estreias e novidades no Globoplay<\/strong><\/a><br \/>\n<a href=\"\/\/tvnovelas.com.br\/filmes\/filmes-em-estreia-nos-cinemas\/\u201d\" target=\"\u201d_blank\u201d\" rel=\"\u201dnoopener noopener\"><strong>Estreias e novidades no Cinema<\/strong><\/a><br \/>\n<a href=\"\/\/www.tvnovelas.com.br\/novelas\/\u201d\" target=\"\u201d_blank\u201d\" rel=\"\u201dnoopener noopener\"><strong>Resumos de novelas<\/strong><\/a><\/p>\n","protected":false},"excerpt":{"rendered":"<p>Em Al\u00e9m da Ilus\u00e3o, Padre Ten\u00f3rio (Jayme Matarazzo) largar\u00e1 a batina para ficar com Ol\u00edvia (Debora Oz\u00f3rio).. O reencontro do casal&#8230;<\/p>\n","protected":false},"author":1,"featured_media":28234,"comment_status":"closed","ping_status":"closed","sticky":false,"template":"","format":"standard","meta":{"_uf_show_specific_survey":0,"_uf_disable_surveys":false,"_jetpack_memberships_contains_paid_content":false,"footnotes":"","_wp_rev_ctl_limit":""},"categories":[306],"tags":[307,5,64],"class_list":["post-28233","post","type-post","status-publish","format-standard","has-post-thumbnail","hentry","category-alem-da-ilusao","tag-alem-da-ilusao","tag-globo","tag-novelas","wpcat-306-id"],"aioseo_notices":[],"jetpack_featured_media_url":"https:\/\/i0.wp.com\/www.tvnovelas.com.br\/tvnews\/wp-content\/uploads\/2022\/05\/32696.jpg?fit=600%2C360&ssl=1","jetpack_shortlink":"https:\/\/wp.me\/pdP2BO-7ln","jetpack_sharing_enabled":true,"_links":{"self":[{"href":"https:\/\/www.tvnovelas.com.br\/tvnews\/wp-json\/wp\/v2\/posts\/28233","targetHints":{"allow":["GET"]}}],"collection":[{"href":"https:\/\/www.tvnovelas.com.br\/tvnews\/wp-json\/wp\/v2\/posts"}],"about":[{"href":"https:\/\/www.tvnovelas.com.br\/tvnews\/wp-json\/wp\/v2\/types\/post"}],"author":[{"embeddable":true,"href":"https:\/\/www.tvnovelas.com.br\/tvnews\/wp-json\/wp\/v2\/users\/1"}],"replies":[{"embeddable":true,"href":"https:\/\/www.tvnovelas.com.br\/tvnews\/wp-json\/wp\/v2\/comments?post=28233"}],"version-history":[{"count":0,"href":"https:\/\/www.tvnovelas.com.br\/tvnews\/wp-json\/wp\/v2\/posts\/28233\/revisions"}],"wp:featuredmedia":[{"embeddable":true,"href":"https:\/\/www.tvnovelas.com.br\/tvnews\/wp-json\/wp\/v2\/media\/28234"}],"wp:attachment":[{"href":"https:\/\/www.tvnovelas.com.br\/tvnews\/wp-json\/wp\/v2\/media?parent=28233"}],"wp:term":[{"taxonomy":"category","embeddable":true,"href":"https:\/\/www.tvnovelas.com.br\/tvnews\/wp-json\/wp\/v2\/categories?post=28233"},{"taxonomy":"post_tag","embeddable":true,"href":"https:\/\/www.tvnovelas.com.br\/tvnews\/wp-json\/wp\/v2\/tags?post=28233"}],"curies":[{"name":"wp","href":"https:\/\/api.w.org\/{rel}","templated":true}]}}