{"id":28485,"date":"2022-06-01T09:10:38","date_gmt":"2022-06-01T12:10:38","guid":{"rendered":"https:\/\/www.tvnovelas.com.br\/tvnews\/?p=28485"},"modified":"2022-06-01T09:10:38","modified_gmt":"2022-06-01T12:10:38","slug":"alem-da-ilusao-ursula-vai-flagrar-beijo-de-eugenio-e-violeta","status":"publish","type":"post","link":"https:\/\/www.tvnovelas.com.br\/tvnews\/alem-da-ilusao-ursula-vai-flagrar-beijo-de-eugenio-e-violeta\/","title":{"rendered":"&#8216;Al\u00e9m da Ilus\u00e3o&#8217;: \u00darsula vai flagrar beijo de Eug\u00eanio e Violeta"},"content":{"rendered":"<p><em>Not\u00edcias de Al\u00e9m da Ilus\u00e3o:<\/em><br \/>\n<img data-recalc-dims=\"1\" decoding=\"async\" class=\"alignnone wp-image-28486 size-full\" title=\"(Foto: TV Globo\/Al\u00e9m da Ilus\u00e3o)\" src=\"https:\/\/i0.wp.com\/www.tvnovelas.com.br\/tvnews\/wp-content\/uploads\/2022\/06\/32763.jpg?resize=600%2C360&#038;ssl=1\" alt=\"Foto de \u00darssula, em Al\u00e9m da Ilus\u00e3o\" width=\"600\" height=\"360\" \/><br \/>\nEug\u00eanio (Marcello Novaes) est\u00e1 namorando \u00darsula (B\u00e1rbara Paz), mas isso n\u00e3o foi o suficiente para faz\u00ea-lo esquecer Violeta (Malu Galli). Por isso, o empres\u00e1rio ter\u00e1 uma reca\u00edda: vai beijar a m\u00e3e de Isadora (Larissa Manoela) quando estiver a s\u00f3s com ela na tecelagem! E \u00darsula vai ver tudinho, escondida, engolindo o choro!<\/p>\n<p>Eug\u00eanio estar\u00e1 na sala de Violeta se lamentando sobre as \u00faltimas decis\u00f5es que tomou na f\u00e1brica, que est\u00e1 perigando falir. J\u00e1 a empres\u00e1ria estar\u00e1 tensa e furiosa ao mesmo tempo, temendo que os funcion\u00e1rios entrem em greve por falta de pagamento.<\/p>\n<p>&#8220;Se tivesse me ouvido e desistido dessa expans\u00e3o fora de hora, n\u00e3o estar\u00edamos a um passo da fal\u00eancia!&#8221;, dir\u00e1 Violeta.<\/p>\n<p>&#8220;Voc\u00ea tem raz\u00e3o. Eu devia ter te ouvido. Mas fiquei t\u00e3o animado com a ideia de progresso, que n\u00e3o planejei como devia e meti os p\u00e9s pelas m\u00e3os, cheguei a hipotecar minha casa! Agora vamos ficar na rua da amargura!&#8221;, responder\u00e1 ele.<\/p>\n<p>Violeta, ent\u00e3o, ter\u00e1 uma ideia depois de ouvir os lamentos de Eug\u00eanio:<\/p>\n<p>&#8220;Acabou de achar a sa\u00edda! Vou suspender os pagamentos da hipoteca do engenho, at\u00e9 entrar o dinheiro dos americanos! \u00c9 o \u00fanico jeito de salvar a tecelagem da fal\u00eancia!&#8221;<\/p>\n<p>&#8220;Tem certeza? Vai colocar sua fazenda em risco&#8221;, dir\u00e1 ele.<\/p>\n<p>&#8220;Essa f\u00e1brica tamb\u00e9m \u00e9 minha, n\u00e3o \u00e9? Voc\u00ea arriscou sua casa, eu arrisco meu engenho&#8221;, responder\u00e1 Violeta.<\/p>\n<p>Eug\u00eanio ficar\u00e1 emocionado com a atitude de Violeta e acabar\u00e1 se declarando:<\/p>\n<p>&#8220;Ah, Violeta, \u00e9 nessas horas que eu me dou conta do por que te amo tanto!&#8221;<\/p>\n<p>Eug\u00eanio, ent\u00e3o, vai tascar um beij\u00e3o em Violeta, mas ela o afastar\u00e1:<\/p>\n<p>&#8220;N\u00e3o, Eug\u00eanio. N\u00f3s n\u00e3o podemos&#8230;&#8221;<\/p>\n<p>&#8220;Podemos, sim. S\u00f3 por hoje&#8221;, dir\u00e1 ele.<\/p>\n<p>Violeta n\u00e3o vai resistir a mais um beijo&#8230; S\u00f3 que de longe, \u00darsula vai ver a movimenta\u00e7\u00e3o na sala da rival e constatar a trai\u00e7\u00e3o! Ela vai ver tudo quietinha, segurando as l\u00e1grimas&#8230;<br \/>\nAs cenas v\u00e3o ao ar no cap\u00edtulo desta quarta, 1 de junho<br \/>\n<a href=\"https:\/\/www.tvnovelas.com.br\/novelas\/resumos-de-alem-da-ilusao\/\">Confira os resumos da semana de &#8216;Al\u00e9m da Ilus\u00e3o&#8217;<\/a><br \/>\n<div class=\"pt-cv-wrapper\"><div class=\"pt-cv-view pt-cv-grid pt-cv-colsys\" id=\"pt-cv-view-9bdedf6aiq\"><div data-id=\"pt-cv-page-1\" class=\"pt-cv-page\" data-cvc=\"1\"><div class=\"col-md-12 col-sm-12 col-xs-12 pt-cv-content-item pt-cv-1-col\" ><div class='pt-cv-ifield'><h4 class=\"pt-cv-title\"><a href=\"https:\/\/www.tvnovelas.com.br\/tvnews\/cara-e-coragem-andrea-arma-encontro-entre-romulo-e-pat\/\" class=\"_self\" target=\"_self\" >Cara e Coragem: Andr\u00e9a arma encontro entre R\u00f4mulo e Pat<\/a><\/h4><\/div><\/div>\n<div class=\"col-md-12 col-sm-12 col-xs-12 pt-cv-content-item pt-cv-1-col\" ><div class='pt-cv-ifield'><h4 class=\"pt-cv-title\"><a href=\"https:\/\/www.tvnovelas.com.br\/tvnews\/alem-da-ilusao-joaquim-entrega-ursula-para-a-policia\/\" class=\"_self\" target=\"_self\" >\u2018Al\u00e9m da Ilus\u00e3o\u2019: Joaquim entrega \u00darsula para a Pol\u00edcia<\/a><\/h4><\/div><\/div>\n<div class=\"col-md-12 col-sm-12 col-xs-12 pt-cv-content-item pt-cv-1-col\" ><div class='pt-cv-ifield'><h4 class=\"pt-cv-title\"><a href=\"https:\/\/www.tvnovelas.com.br\/tvnews\/alem-da-ilusao-davi-e-considerado-inocente-da-morte-de-elisa\/\" class=\"_self\" target=\"_self\" >Al\u00e9m da Ilus\u00e3o: Davi \u00e9 considerado inocente da morte de Elisa<\/a><\/h4><\/div><\/div>\n<div class=\"col-md-12 col-sm-12 col-xs-12 pt-cv-content-item pt-cv-1-col\" ><div class='pt-cv-ifield'><h4 class=\"pt-cv-title\"><a href=\"https:\/\/www.tvnovelas.com.br\/tvnews\/alem-da-ilusao-perito-mostra-arma-que-matou-elisa-e-inocenta-davi\/\" class=\"_self\" target=\"_self\" >\u2018Al\u00e9m da Ilus\u00e3o\u2019: perito mostra arma que matou Elisa e inocenta Davi<\/a><\/h4><\/div><\/div><\/div><\/div><\/div><\/p>\n<p><strong style=\"font-size: 120%;\">Saiba mais das novelas:<\/strong><br \/>\n<div class=\"pt-cv-wrapper\"><div class=\"pt-cv-view pt-cv-grid pt-cv-colsys\" id=\"pt-cv-view-90991035b3\"><div data-id=\"pt-cv-page-1\" class=\"pt-cv-page\" data-cvc=\"1\"><div class=\"col-md-12 col-sm-12 col-xs-12 pt-cv-content-item pt-cv-1-col\" ><div class='pt-cv-ifield'><h4 class=\"pt-cv-title\"><a href=\"https:\/\/www.tvnovelas.com.br\/tvnews\/coracao-de-mae-atilla-decide-abrir-o-jogo-com-karsu\/\" class=\"_self\" target=\"_self\" >Cora\u00e7\u00e3o de M\u00e3e: Atilla decide abrir o jogo com Karsu<\/a><\/h4><\/div><\/div>\n<div class=\"col-md-12 col-sm-12 col-xs-12 pt-cv-content-item pt-cv-1-col\" ><div class='pt-cv-ifield'><h4 class=\"pt-cv-title\"><a href=\"https:\/\/www.tvnovelas.com.br\/tvnews\/coracao-de-mae-adnan-e-preso-apos-denuncia-de-irmak\/\" class=\"_self\" target=\"_self\" >Em Cora\u00e7\u00e3o de M\u00e3e: Adnan \u00e9 preso ap\u00f3s denuncia de Irmak<\/a><\/h4><\/div><\/div>\n<div class=\"col-md-12 col-sm-12 col-xs-12 pt-cv-content-item pt-cv-1-col\" ><div class='pt-cv-ifield'><h4 class=\"pt-cv-title\"><a href=\"https:\/\/www.tvnovelas.com.br\/tvnews\/coracao-de-mae-atilla-forca-karsu-a-ouvir-suas-explicacoes\/\" class=\"_self\" target=\"_self\" >Cora\u00e7\u00e3o de M\u00e3e: Atilla for\u00e7a Karsu a ouvir suas explica\u00e7\u00f5es<\/a><\/h4><\/div><\/div>\n<div class=\"col-md-12 col-sm-12 col-xs-12 pt-cv-content-item pt-cv-1-col\" ><div class='pt-cv-ifield'><h4 class=\"pt-cv-title\"><a href=\"https:\/\/www.tvnovelas.com.br\/tvnews\/coracao-acelerado-mulher-choca-janete-ao-se-apresentar-como-amante-do-palhares\/\" class=\"_self\" target=\"_self\" >Cora\u00e7\u00e3o Acelerado: Mulher choca Janete ao se apresentar como amante do Palhares<\/a><\/h4><\/div><\/div>\n<div class=\"col-md-12 col-sm-12 col-xs-12 pt-cv-content-item pt-cv-1-col\" ><div class='pt-cv-ifield'><h4 class=\"pt-cv-title\"><a href=\"https:\/\/www.tvnovelas.com.br\/tvnews\/a-nobreza-do-amor-jendal-dobra-a-recompensa-por-alika\/\" class=\"_self\" target=\"_self\" >A Nobreza do Amor: Jendal dobra a recompensa por Alika<\/a><\/h4><\/div><\/div>\n<div class=\"col-md-12 col-sm-12 col-xs-12 pt-cv-content-item pt-cv-1-col\" ><div class='pt-cv-ifield'><h4 class=\"pt-cv-title\"><a href=\"https:\/\/www.tvnovelas.com.br\/tvnews\/tres-gracas-bagda-e-preso-por-juquinha\/\" class=\"_self\" target=\"_self\" >Tr\u00eas Gra\u00e7as:  Bagd\u00e1 \u00e9 preso por Juquinha<\/a><\/h4><\/div><\/div>\n<div class=\"col-md-12 col-sm-12 col-xs-12 pt-cv-content-item pt-cv-1-col\" ><div class='pt-cv-ifield'><h4 class=\"pt-cv-title\"><a href=\"https:\/\/www.tvnovelas.com.br\/tvnews\/os-resumos-de-tres-gracas-da-semana-27-4-a-02-de-maio\/\" class=\"_self\" target=\"_self\" >Os resumos de Tr\u00eas Gra\u00e7as da semana 27\/4 a 02 de maio<\/a><\/h4><\/div><\/div>\n<div class=\"col-md-12 col-sm-12 col-xs-12 pt-cv-content-item pt-cv-1-col\" ><div class='pt-cv-ifield'><h4 class=\"pt-cv-title\"><a href=\"https:\/\/www.tvnovelas.com.br\/tvnews\/o-que-se-passa-em-a-nobreza-do-amor-na-semana-27-4-a-02-5\/\" class=\"_self\" target=\"_self\" >O que se passa em A Nobreza do Amor na semana 27\/4 a 02\/5<\/a><\/h4><\/div><\/div>\n<div class=\"col-md-12 col-sm-12 col-xs-12 pt-cv-content-item pt-cv-1-col\" ><div class='pt-cv-ifield'><h4 class=\"pt-cv-title\"><a href=\"https:\/\/www.tvnovelas.com.br\/tvnews\/a-nobreza-do-amor-virginia-e-humilhada-apos-perder-concurso-de-miss\/\" class=\"_self\" target=\"_self\" >A Nobreza do Amor: Virg\u00ednia \u00e9 humilhada ap\u00f3s perder concurso de miss<\/a><\/h4><\/div><\/div>\n<div class=\"col-md-12 col-sm-12 col-xs-12 pt-cv-content-item pt-cv-1-col\" ><div class='pt-cv-ifield'><h4 class=\"pt-cv-title\"><a href=\"https:\/\/www.tvnovelas.com.br\/tvnews\/em-coracao-de-mae-nos-capitulos-da-semana-27-4-a-1o-05\/\" class=\"_self\" target=\"_self\" >Em Cora\u00e7\u00e3o de M\u00e3e nos cap\u00edtulos da semana (27\/4 a 1\u00ba\/05)<\/a><\/h4><\/div><\/div><\/div><\/div><\/div><br \/>\n<a href=\"https:\/\/www.tvnovelas.com.br\/novelas\/\"><strong>Confira os resumos da semana de todas novelas<\/strong><\/a><br \/>\n<a href=\"http:\/\/tvnovelas.com.br\/filmes\" target=\"_blank\" rel=\"noopener\">Veja tamb\u00e9m: Todas as telas: filmes e s\u00e9ries nos streamings<\/a><\/p>\n<h3>Confira tamb\u00e9m<\/h3>\n<p><a href=\"https:\/\/www.tvnovelas.com.br\/filmes\/\" target=\"_blank\" rel=\"noopener noreferrer\"><strong>Programa\u00e7\u00e3o de filmes na TV aberta<\/strong><\/a><br \/>\n<a href=\"https:\/\/tvnovelas.com.br\/filmes\/filmes-e-series-ineditos-em-estreia-na-semana-na-netflix\/\" target=\"_blank\" rel=\"noopener noreferrer\"><strong>Estreias da semana na Netflix<\/strong><\/a><br \/>\n<a href=\"https:\/\/caetenews.com.br\/semana\/filmes-da-globo-na-sessao-da-tarde-desta-semana\/\" target=\"_blank\" rel=\"noopener\"><strong>Confira os filmes da semana na Sess\u00e3o da Tarde<\/strong><\/a><br \/>\n<a href=\"https:\/\/tvnovelas.com.br\/filmes\/o-que-ha-de-novo-no-globoplay\/\" target=\"_blank\" rel=\"noopener noreferrer\"><strong>Estreias e novidades no Globoplay<\/strong><\/a><br \/>\n<a href=\"\/\/tvnovelas.com.br\/filmes\/filmes-em-estreia-nos-cinemas\/\" target=\"_blank\" rel=\"noopener noreferrer\"><strong>Estreias e novidades no Cinema<\/strong><\/a><br \/>\n<a href=\"https:\/\/www.tvnovelas.com.br\/novelas\/\" target=\"_blank\" rel=\"noopener noreferrer\"><strong>Resumos de novelas<\/strong><\/a><\/p>\n","protected":false},"excerpt":{"rendered":"<p>Em Al\u00e9m da Ilus\u00e3o, Eug\u00eanio (Marcello Novaes) est\u00e1 namorando \u00darsula (B\u00e1rbara Paz), mas isso n\u00e3o foi o suficiente para faz\u00ea-lo esquecer Violeta&#8230;<\/p>\n","protected":false},"author":1,"featured_media":28486,"comment_status":"closed","ping_status":"closed","sticky":false,"template":"","format":"standard","meta":{"_uf_show_specific_survey":0,"_uf_disable_surveys":false,"_jetpack_memberships_contains_paid_content":false,"footnotes":"","_wp_rev_ctl_limit":""},"categories":[306],"tags":[307,5,64],"class_list":["post-28485","post","type-post","status-publish","format-standard","has-post-thumbnail","hentry","category-alem-da-ilusao","tag-alem-da-ilusao","tag-globo","tag-novelas","wpcat-306-id"],"aioseo_notices":[],"jetpack_featured_media_url":"https:\/\/i0.wp.com\/www.tvnovelas.com.br\/tvnews\/wp-content\/uploads\/2022\/06\/32763.jpg?fit=600%2C360&ssl=1","jetpack_shortlink":"https:\/\/wp.me\/pdP2BO-7pr","jetpack_sharing_enabled":true,"_links":{"self":[{"href":"https:\/\/www.tvnovelas.com.br\/tvnews\/wp-json\/wp\/v2\/posts\/28485","targetHints":{"allow":["GET"]}}],"collection":[{"href":"https:\/\/www.tvnovelas.com.br\/tvnews\/wp-json\/wp\/v2\/posts"}],"about":[{"href":"https:\/\/www.tvnovelas.com.br\/tvnews\/wp-json\/wp\/v2\/types\/post"}],"author":[{"embeddable":true,"href":"https:\/\/www.tvnovelas.com.br\/tvnews\/wp-json\/wp\/v2\/users\/1"}],"replies":[{"embeddable":true,"href":"https:\/\/www.tvnovelas.com.br\/tvnews\/wp-json\/wp\/v2\/comments?post=28485"}],"version-history":[{"count":0,"href":"https:\/\/www.tvnovelas.com.br\/tvnews\/wp-json\/wp\/v2\/posts\/28485\/revisions"}],"wp:featuredmedia":[{"embeddable":true,"href":"https:\/\/www.tvnovelas.com.br\/tvnews\/wp-json\/wp\/v2\/media\/28486"}],"wp:attachment":[{"href":"https:\/\/www.tvnovelas.com.br\/tvnews\/wp-json\/wp\/v2\/media?parent=28485"}],"wp:term":[{"taxonomy":"category","embeddable":true,"href":"https:\/\/www.tvnovelas.com.br\/tvnews\/wp-json\/wp\/v2\/categories?post=28485"},{"taxonomy":"post_tag","embeddable":true,"href":"https:\/\/www.tvnovelas.com.br\/tvnews\/wp-json\/wp\/v2\/tags?post=28485"}],"curies":[{"name":"wp","href":"https:\/\/api.w.org\/{rel}","templated":true}]}}