{"id":28640,"date":"2022-06-06T14:23:57","date_gmt":"2022-06-06T17:23:57","guid":{"rendered":"https:\/\/www.tvnovelas.com.br\/tvnews\/?p=28640"},"modified":"2022-06-06T14:25:04","modified_gmt":"2022-06-06T17:25:04","slug":"malhacao-1996-estreia-no-globoplay-nesta-segunda-dia-6","status":"publish","type":"post","link":"https:\/\/www.tvnovelas.com.br\/tvnews\/malhacao-1996-estreia-no-globoplay-nesta-segunda-dia-6\/","title":{"rendered":"&#8216;Malha\u00e7\u00e3o 1996&#8217; estreia no Globoplay nesta segunda, dia 6"},"content":{"rendered":"<p><em>Not\u00edcias de Globoplay:<\/em><br \/>\n<img data-recalc-dims=\"1\" decoding=\"async\" class=\"alignnone wp-image-28641 size-full\" title=\"(Foto: Acervo Mem\u00f3ria Globo\/Malha\u00e7\u00e3o)\" src=\"https:\/\/i0.wp.com\/www.tvnovelas.com.br\/tvnews\/wp-content\/uploads\/2022\/06\/32813.jpg?resize=600%2C360&#038;ssl=1\" alt=\"Foto de Malha\u00e7\u00e3o 1996, que chega ao Globoplay\" width=\"600\" height=\"360\" \/><br \/>\n&#8220;Malha\u00e7\u00e3o 1996&#8221; estreia nesta segunda-feira,dia 6, no cat\u00e1logo do Globoplay. Escrita por Emanuel Jacobina, Andr\u00e9a Maltarolli, Patr\u00edcia Moretzsohn, Gl\u00f3ria Barreto e Felipe Miguez, e com dire\u00e7\u00e3o geral de Carlos Magalh\u00e3es e Flavio Colatrello, a segunda temporada da novela teen chega ao streaming como parte do projeto de resgate dos cl\u00e1ssicos da dramaturgia, que completou dois anos em maio deste ano.<\/p>\n<p>A trama traz de volta o romance vivido por Luiza (Fernanda Rodrigues) e Dado (Cl\u00e1udio Heinrich), que causou suspiros em toda uma gera\u00e7\u00e3o. Mas a chegada de Alex (Camila Pitanga), que demonstra interesse pelo instrutor de jud\u00f4, pode colocar tudo a perder. Nessa fase, Paula Prata (Silvia Pfeifer) vende a academia para Ferraz (Adriano Reys), um empres\u00e1rio rico e misterioso. Ele morre em seguida, e os neg\u00f3cios ficam nas m\u00e3os de sua filha, a elegante Joana (Samantha Monteiro), e de sua ex-mulher, Zizi (Elizangela), uma ex-manicure despachada, que \u00e9 desafeto da enteada. O conflito de temperamentos das duas acaba se refletindo na administra\u00e7\u00e3o da academia.<\/p>\n<p>Hugo (Marcos Frota), ex-coordenador do Rancho da Maromba e um dos respons\u00e1veis pelo salvamento dos alunos perdidos na temporada anterior, volta ao seriado, como coordenador da academia. Quem tamb\u00e9m volta \u00e0 cena \u00e9 um dos vil\u00f5es do primeiro ano, o bad boy Raul (Nico Puig). A princ\u00edpio, ele se diz regenerado, mas aos poucos fica claro que continua a ser mal-intencionado, e uma fonte de problemas para todos. O elenco de &#8216;Malha\u00e7\u00e3o 1996&#8217; conta ainda com Luigi Baricelli, Suzana Werner, Andr\u00e9 Marques e Danton Mello, entre outros nomes. <\/p>\n<h3>Saiba mais<\/h3>\n<p><a href=\"https:\/\/www.tvnovelas.com.br\/filmes\/\" target=\"_blank\" rel=\"noopener noreferrer\"><strong>Programa\u00e7\u00e3o de filmes na TV aberta<\/strong><\/a><br \/>\n<a href=\"https:\/\/tvnovelas.com.br\/filmes\/filmes-e-series-ineditos-em-estreia-na-semana-na-netflix\/\" target=\"_blank\" rel=\"noopener noreferrer\"><strong>Estreias da semana na Netflix<\/strong><\/a><br \/>\n<a href=\"https:\/\/tvnovelas.com.br\/filmes\/o-que-ha-de-novo-no-globoplay\/\" target=\"_blank\" rel=\"noopener noreferrer\"><strong>Estreias e novidades no Globoplay<\/strong><\/a><br \/>\n<a href=\"\/\/tvnovelas.com.br\/filmes\/filmes-em-estreia-nos-cinemas\/\" target=\"_blank\" rel=\"noopener noreferrer\"><strong>Estreias e novidades no Cinema<\/strong><\/a><br \/>\n<a href=\"https:\/\/www.tvnovelas.com.br\/novelas\/\" target=\"_blank\" rel=\"noopener noreferrer\"><strong>Resumos de novelas<\/strong><\/a><br \/>\n<a href=\"https:\/\/caetenews.com.br\/semana\/filmes-da-globo-na-sessao-da-tarde-desta-semana\/\" rel=\"noopener\" target=\"_blank\"><strong>Confira os filmes da semana na Sess\u00e3o da Tarde<\/strong><\/a> <\/p>\n<p><a href=\"https:\/\/tvnovelas.com.br\/filmes\/filmes-e-series-ineditos-em-estreia-na-semana-na-netflix\/\" target=\"_blank\" rel=\"noopener noreferrer\"><strong>Estreias da semana na Netflix<\/strong><\/a><br \/>\n<a href=\"https:\/\/tvnovelas.com.br\/filmes\/o-que-ha-de-novo-no-globoplay\/\" target=\"_blank\" rel=\"noopener noreferrer\"><strong>Estreias e novidades no Globoplay<\/strong><\/a><br \/>\n<a href=\"\/\/tvnovelas.com.br\/filmes\/filmes-em-estreia-nos-cinemas\/\" target=\"_blank\" rel=\"noopener noreferrer\"><strong>Estreias e novidades no Cinema<\/strong><\/a><\/p>\n","protected":false},"excerpt":{"rendered":"<p>&#8220;Malha\u00e7\u00e3o 1996&#8221; estreia nesta segunda-feira,dia 6, no cat\u00e1logo do Globoplay. Escrita por Emanuel Jacobina, Andr\u00e9a Maltarolli, Patr\u00edcia Moretzsohn, Gl\u00f3ria&#8230;<\/p>\n","protected":false},"author":1,"featured_media":28641,"comment_status":"closed","ping_status":"closed","sticky":false,"template":"","format":"standard","meta":{"_uf_show_specific_survey":0,"_uf_disable_surveys":false,"_jetpack_memberships_contains_paid_content":false,"footnotes":"","_wp_rev_ctl_limit":""},"categories":[286],"tags":[249,11,64],"class_list":["post-28640","post","type-post","status-publish","format-standard","has-post-thumbnail","hentry","category-globoplay","tag-globoplay","tag-malhacao","tag-novelas","wpcat-286-id"],"aioseo_notices":[],"jetpack_featured_media_url":"https:\/\/i0.wp.com\/www.tvnovelas.com.br\/tvnews\/wp-content\/uploads\/2022\/06\/32813.jpg?fit=600%2C360&ssl=1","jetpack_shortlink":"https:\/\/wp.me\/pdP2BO-7rW","jetpack_sharing_enabled":true,"_links":{"self":[{"href":"https:\/\/www.tvnovelas.com.br\/tvnews\/wp-json\/wp\/v2\/posts\/28640","targetHints":{"allow":["GET"]}}],"collection":[{"href":"https:\/\/www.tvnovelas.com.br\/tvnews\/wp-json\/wp\/v2\/posts"}],"about":[{"href":"https:\/\/www.tvnovelas.com.br\/tvnews\/wp-json\/wp\/v2\/types\/post"}],"author":[{"embeddable":true,"href":"https:\/\/www.tvnovelas.com.br\/tvnews\/wp-json\/wp\/v2\/users\/1"}],"replies":[{"embeddable":true,"href":"https:\/\/www.tvnovelas.com.br\/tvnews\/wp-json\/wp\/v2\/comments?post=28640"}],"version-history":[{"count":0,"href":"https:\/\/www.tvnovelas.com.br\/tvnews\/wp-json\/wp\/v2\/posts\/28640\/revisions"}],"wp:featuredmedia":[{"embeddable":true,"href":"https:\/\/www.tvnovelas.com.br\/tvnews\/wp-json\/wp\/v2\/media\/28641"}],"wp:attachment":[{"href":"https:\/\/www.tvnovelas.com.br\/tvnews\/wp-json\/wp\/v2\/media?parent=28640"}],"wp:term":[{"taxonomy":"category","embeddable":true,"href":"https:\/\/www.tvnovelas.com.br\/tvnews\/wp-json\/wp\/v2\/categories?post=28640"},{"taxonomy":"post_tag","embeddable":true,"href":"https:\/\/www.tvnovelas.com.br\/tvnews\/wp-json\/wp\/v2\/tags?post=28640"}],"curies":[{"name":"wp","href":"https:\/\/api.w.org\/{rel}","templated":true}]}}