{"id":29589,"date":"2022-07-07T11:52:25","date_gmt":"2022-07-07T14:52:25","guid":{"rendered":"https:\/\/www.tvnovelas.com.br\/tvnews\/?p=29589"},"modified":"2022-07-07T11:52:25","modified_gmt":"2022-07-07T14:52:25","slug":"filhas-de-eva-o-divorcio-aos-70-anos","status":"publish","type":"post","link":"https:\/\/www.tvnovelas.com.br\/tvnews\/filhas-de-eva-o-divorcio-aos-70-anos\/","title":{"rendered":"\u2018Filhas de Eva\u2019: O div\u00f3rcio aos 70 anos"},"content":{"rendered":"<p><em>Not\u00edcias da Globo: Filhas de Eva:<\/em><br \/>\n<img data-recalc-dims=\"1\" decoding=\"async\" class=\"alignnone wp-image-29591 size-full\" title=\"(Foto: Globo\/Estevam Avellar)\" src=\"https:\/\/i0.wp.com\/www.tvnovelas.com.br\/tvnews\/wp-content\/uploads\/2022\/07\/33109.jpg?resize=600%2C360&#038;ssl=1\" alt=\"Foto de Stella (Renata Sorrah), L\u00edvia (Giovanna Antonelli) e Cl\u00e9o (Vanessa Gi\u00e1como) em 'Filhas de Eva'\" width=\"600\" height=\"360\" \/><br \/>\nCom estreia marcada para a pr\u00f3xima ter\u00e7a-feira, dia 12 de julho, na TV Globo, \u2018Filhas de Eva\u2019 come\u00e7a com uma decis\u00e3o surpreendente da personagem Stella, vivida por Renata Sorrah. Durante sua festa de Bodas de Ouro, enquanto assiste aos belos trechos de sua pr\u00f3pria vida no tel\u00e3o, ela tenta entender como aquela jovem cheia de sonhos se tornou a mulher que \u00e9 hoje, aos 70 anos. O questionamento lhe traz a certeza de que deseja se divorciar. E o pedido de separa\u00e7\u00e3o \u00e9 feito para o marido Ademar (Cac\u00e1 Amaral) em alto e bom som, no meio da festa, para o espanto geral.<\/p>\n<p>Sua a\u00e7\u00e3o reverbera em todos que est\u00e3o \u00e0 sua volta. Da filha L\u00edvia (Giovanna Antonelli), que ver\u00e1 sua ilus\u00e3o de uma vida que julgava perfeita desmoronar, passando pela neta Dora (Debora Oz\u00f3rio), uma adolescente feminista, \u00e0 fracassada Cl\u00e9o (Vanessa Gi\u00e1como), algu\u00e9m que est\u00e1 sempre no lugar errado na hora errada &#8211; mas ter\u00e1 a chance de come\u00e7ar tamb\u00e9m a\u00ed sua jornada de transforma\u00e7\u00f5es.<\/p>\n<p><img data-recalc-dims=\"1\" decoding=\"async\" class=\"alignnone wp-image-29590 size-full\" title=\"(Foto: Globo\/Paulo Belote)\" src=\"https:\/\/i0.wp.com\/www.tvnovelas.com.br\/tvnews\/wp-content\/uploads\/2022\/07\/33108.jpg?resize=600%2C360&#038;ssl=1\" alt=\"Foto de Stella (Renata Sorrah), em \u2018Filhas de Eva\u2019\" width=\"600\" height=\"360\" \/><br \/>\nNa tentativa de convencer a mulher a voltar para casa, Ademar corta totalmente os recursos financeiros de Stella, que sem op\u00e7\u00e3o decide morar na antiga casa de sua fam\u00edlia, um im\u00f3vel caindo aos peda\u00e7os, praticamente abandonado, no bairro onde cresceu. O local est\u00e1 coberto de poeira e precisa de in\u00fameros reparos, mas ela descobre que ali \u00e9 o melhor lugar para se reconectar consigo e com sua pr\u00f3pria ess\u00eancia. Mal sabe ela que aquela casa, onde est\u00e3o tantas lembran\u00e7as e hist\u00f3rias de sua juventude, esconde muito mais do que imagina.<\/p>\n<p>Advogado rico e bem-sucedido, Ademar jamais imaginou que seria dispensado pela mulher ap\u00f3s 50 anos de uma vida a dois. Amante do poder e orgulhoso do patrim\u00f4nio que construiu, ele consolidou sua carreira trabalhando com clientes de \u00e9tica duvidosa, mas perante a sociedade, sempre passou a imagem de chefe de fam\u00edlia, provedor de conforto e estabilidade.<\/p>\n<p>Ao ouvir o pedido de separa\u00e7\u00e3o, Ademar se v\u00ea amea\u00e7ado. Quando Stella se muda para a antiga casa de sua m\u00e3e, ele reage de forma exagerada. E n\u00e3o ser\u00e1 apenas pelo casamento desfeito \u2013 o ex-marido esconde um segredo, que ela s\u00f3 descobrir\u00e1 depois. Ademar, seu assistente Luiz Fernando (Aldo Perrota), e um de seus clientes, o deputado Sampaio (St\u00eanio Garcia) estar\u00e3o sempre de olho em Stella.<\/p>\n<p>Filhas de Eva \u00e9 uma s\u00e9rie criada por Adriana Falc\u00e3o, J\u00f4 Abdu, Martha Mendon\u00e7a e Nelito Fernandes, com dire\u00e7\u00e3o art\u00edstica de Leo Nogueira.<br \/>\n<strong style=\"font-size: 120%;\">Saiba mais das novelas:<\/strong><br \/>\n<div class=\"pt-cv-wrapper\"><div class=\"pt-cv-view pt-cv-grid pt-cv-colsys\" id=\"pt-cv-view-90991035b3\"><div data-id=\"pt-cv-page-1\" class=\"pt-cv-page\" data-cvc=\"1\"><div class=\"col-md-12 col-sm-12 col-xs-12 pt-cv-content-item pt-cv-1-col\" ><div class='pt-cv-ifield'><h4 class=\"pt-cv-title\"><a href=\"https:\/\/www.tvnovelas.com.br\/tvnews\/em-coracao-de-mae-nos-proximos-capitulos-04-a-08-5\/\" class=\"_self\" target=\"_self\" >Em Cora\u00e7\u00e3o de M\u00e3e nos pr\u00f3ximos cap\u00edtulos (04 a 08\/5)<\/a><\/h4><\/div><\/div>\n<div class=\"col-md-12 col-sm-12 col-xs-12 pt-cv-content-item pt-cv-1-col\" ><div class='pt-cv-ifield'><h4 class=\"pt-cv-title\"><a href=\"https:\/\/www.tvnovelas.com.br\/tvnews\/coracao-de-mae-hasan-e-filiz-em-piquenique-romantico\/\" class=\"_self\" target=\"_self\" >Cora\u00e7\u00e3o de M\u00e3e: Hasan e Filiz em piquenique rom\u00e2ntico<\/a><\/h4><\/div><\/div>\n<div class=\"col-md-12 col-sm-12 col-xs-12 pt-cv-content-item pt-cv-1-col\" ><div class='pt-cv-ifield'><h4 class=\"pt-cv-title\"><a href=\"https:\/\/www.tvnovelas.com.br\/tvnews\/guerra-das-rosas-cihan-vibra-com-desistencia-de-gulru-de-casar-com-mert\/\" class=\"_self\" target=\"_self\" >Guerra das Rosas: Cihan vibra com desist\u00eancia de Gulru de casar com Mert<\/a><\/h4><\/div><\/div>\n<div class=\"col-md-12 col-sm-12 col-xs-12 pt-cv-content-item pt-cv-1-col\" ><div class='pt-cv-ifield'><h4 class=\"pt-cv-title\"><a href=\"https:\/\/www.tvnovelas.com.br\/tvnews\/coracao-de-mae-irmak-denuncia-adnan\/\" class=\"_self\" target=\"_self\" >Cora\u00e7\u00e3o de M\u00e3e: Irmak denuncia Adnan<\/a><\/h4><\/div><\/div>\n<div class=\"col-md-12 col-sm-12 col-xs-12 pt-cv-content-item pt-cv-1-col\" ><div class='pt-cv-ifield'><h4 class=\"pt-cv-title\"><a href=\"https:\/\/www.tvnovelas.com.br\/tvnews\/a-nobreza-do-amor-mirinho-e-obrigado-a-resgatar-tonho\/\" class=\"_self\" target=\"_self\" >A Nobreza do Amor: Mirinho \u00e9 obrigado a resgatar Tonho<\/a><\/h4><\/div><\/div>\n<div class=\"col-md-12 col-sm-12 col-xs-12 pt-cv-content-item pt-cv-1-col\" ><div class='pt-cv-ifield'><h4 class=\"pt-cv-title\"><a href=\"https:\/\/www.tvnovelas.com.br\/tvnews\/tres-gracas-paulinho-e-afastado-da-policia-por-causa-de-gerluce\/\" class=\"_self\" target=\"_self\" >Tr\u00eas Gra\u00e7as: Paulinho \u00e9 afastado da pol\u00edcia por causa de Gerluce<\/a><\/h4><\/div><\/div>\n<div class=\"col-md-12 col-sm-12 col-xs-12 pt-cv-content-item pt-cv-1-col\" ><div class='pt-cv-ifield'><h4 class=\"pt-cv-title\"><a href=\"https:\/\/www.tvnovelas.com.br\/tvnews\/coracao-de-mae-irmak-inicia-jogo-arriscado-contra-adnan\/\" class=\"_self\" target=\"_self\" >Cora\u00e7\u00e3o de M\u00e3e: Irmak inicia jogo arriscado contra Adnan<\/a><\/h4><\/div><\/div>\n<div class=\"col-md-12 col-sm-12 col-xs-12 pt-cv-content-item pt-cv-1-col\" ><div class='pt-cv-ifield'><h4 class=\"pt-cv-title\"><a href=\"https:\/\/www.tvnovelas.com.br\/tvnews\/guerra-das-rosas-omer-chama-gulru-vestida-de-noiva-para-fugir\/\" class=\"_self\" target=\"_self\" >Guerra das Rosas: Omer chama Gulru vestida de noiva para fugir<\/a><\/h4><\/div><\/div>\n<div class=\"col-md-12 col-sm-12 col-xs-12 pt-cv-content-item pt-cv-1-col\" ><div class='pt-cv-ifield'><h4 class=\"pt-cv-title\"><a href=\"https:\/\/www.tvnovelas.com.br\/tvnews\/coracao-de-mae-reha-sai-para-jantar-com-selvi\/\" class=\"_self\" target=\"_self\" >Cora\u00e7\u00e3o de M\u00e3e: Reha sai para jantar com Selvi<\/a><\/h4><\/div><\/div>\n<div class=\"col-md-12 col-sm-12 col-xs-12 pt-cv-content-item pt-cv-1-col\" ><div class='pt-cv-ifield'><h4 class=\"pt-cv-title\"><a href=\"https:\/\/www.tvnovelas.com.br\/tvnews\/coracao-acelerado-zila-se-preocupa-com-sua-situacao-apos-separacao\/\" class=\"_self\" target=\"_self\" >Cora\u00e7\u00e3o Acelerado: Zil\u00e1 se preocupa com sua situa\u00e7\u00e3o ap\u00f3s separa\u00e7\u00e3o<\/a><\/h4><\/div><\/div><\/div><\/div><\/div><br \/>\n<a href=\"https:\/\/www.tvnovelas.com.br\/novelas\/\"><strong>Confira os resumos da semana de todas novelas<\/strong><\/a><br \/>\n<a href=\"http:\/\/tvnovelas.com.br\/filmes\" target=\"_blank\" rel=\"noopener\">Veja tamb\u00e9m: Todas as telas: filmes e s\u00e9ries nos streamings<\/a><\/p>\n<h3>Confira tamb\u00e9m<\/h3>\n<p><a href=\"https:\/\/www.tvnovelas.com.br\/filmes\/\" target=\"_blank\" rel=\"noopener noreferrer\"><strong>Programa\u00e7\u00e3o de filmes na TV aberta<\/strong><\/a><br \/>\n<a href=\"https:\/\/tvnovelas.com.br\/filmes\/filmes-e-series-ineditos-em-estreia-na-semana-na-netflix\/\" target=\"_blank\" rel=\"noopener noreferrer\"><strong>Estreias da semana na Netflix<\/strong><\/a><br \/>\n<a href=\"https:\/\/caetenews.com.br\/semana\/filmes-da-globo-na-sessao-da-tarde-desta-semana\/\" target=\"_blank\" rel=\"noopener\"><strong>Confira os filmes da semana na Sess\u00e3o da Tarde<\/strong><\/a><br \/>\n<a href=\"\/\/tvnovelas.com.br\/filmes\/filmes-em-estreia-nos-cinemas\/\" target=\"_blank\" rel=\"noopener noreferrer\"><strong>Estreias e novidades no Cinema<\/strong><\/a><br \/>\n<a href=\"https:\/\/www.tvnovelas.com.br\/novelas\/\" target=\"_blank\" rel=\"noopener noreferrer\"><strong>Resumos de novelas<\/strong><\/a><\/p>\n","protected":false},"excerpt":{"rendered":"<p>Com estreia marcada para a pr\u00f3xima ter\u00e7a-feira, dia 12 de julho, na TV Globo, \u2018Filhas de Eva\u2019 come\u00e7a com uma decis\u00e3o surpreendente da Com estreia marcada&#8230;<\/p>\n","protected":false},"author":1,"featured_media":29591,"comment_status":"closed","ping_status":"closed","sticky":false,"template":"","format":"standard","meta":{"_uf_show_specific_survey":0,"_uf_disable_surveys":false,"_jetpack_memberships_contains_paid_content":false,"footnotes":"","_wp_rev_ctl_limit":""},"categories":[236],"tags":[327,5],"class_list":["post-29589","post","type-post","status-publish","format-standard","has-post-thumbnail","hentry","category-globo","tag-filhas-de-eva","tag-globo","wpcat-236-id"],"aioseo_notices":[],"jetpack_featured_media_url":"https:\/\/i0.wp.com\/www.tvnovelas.com.br\/tvnews\/wp-content\/uploads\/2022\/07\/33109.jpg?fit=600%2C360&ssl=1","jetpack_shortlink":"https:\/\/wp.me\/pdP2BO-7Hf","jetpack_sharing_enabled":true,"_links":{"self":[{"href":"https:\/\/www.tvnovelas.com.br\/tvnews\/wp-json\/wp\/v2\/posts\/29589","targetHints":{"allow":["GET"]}}],"collection":[{"href":"https:\/\/www.tvnovelas.com.br\/tvnews\/wp-json\/wp\/v2\/posts"}],"about":[{"href":"https:\/\/www.tvnovelas.com.br\/tvnews\/wp-json\/wp\/v2\/types\/post"}],"author":[{"embeddable":true,"href":"https:\/\/www.tvnovelas.com.br\/tvnews\/wp-json\/wp\/v2\/users\/1"}],"replies":[{"embeddable":true,"href":"https:\/\/www.tvnovelas.com.br\/tvnews\/wp-json\/wp\/v2\/comments?post=29589"}],"version-history":[{"count":0,"href":"https:\/\/www.tvnovelas.com.br\/tvnews\/wp-json\/wp\/v2\/posts\/29589\/revisions"}],"wp:featuredmedia":[{"embeddable":true,"href":"https:\/\/www.tvnovelas.com.br\/tvnews\/wp-json\/wp\/v2\/media\/29591"}],"wp:attachment":[{"href":"https:\/\/www.tvnovelas.com.br\/tvnews\/wp-json\/wp\/v2\/media?parent=29589"}],"wp:term":[{"taxonomy":"category","embeddable":true,"href":"https:\/\/www.tvnovelas.com.br\/tvnews\/wp-json\/wp\/v2\/categories?post=29589"},{"taxonomy":"post_tag","embeddable":true,"href":"https:\/\/www.tvnovelas.com.br\/tvnews\/wp-json\/wp\/v2\/tags?post=29589"}],"curies":[{"name":"wp","href":"https:\/\/api.w.org\/{rel}","templated":true}]}}