{"id":29812,"date":"2022-07-14T11:27:05","date_gmt":"2022-07-14T14:27:05","guid":{"rendered":"https:\/\/www.tvnovelas.com.br\/tvnews\/?p=29812"},"modified":"2022-07-14T11:27:05","modified_gmt":"2022-07-14T14:27:05","slug":"cara-e-coragem-moa-e-rebeca-discutem-durante-audiencia","status":"publish","type":"post","link":"https:\/\/www.tvnovelas.com.br\/tvnews\/cara-e-coragem-moa-e-rebeca-discutem-durante-audiencia\/","title":{"rendered":"Cara e Coragem: Moa e Rebeca discutem durante audi\u00eancia"},"content":{"rendered":"<p>Not\u00edcias de Cara e Coragem:<br \/>\n<img data-recalc-dims=\"1\" decoding=\"async\" class=\"alignnone wp-image-29813 size-full\" title=\"(Foto:: Globo\/F\u00e1bio Rocha)\" src=\"https:\/\/i0.wp.com\/www.tvnovelas.com.br\/tvnews\/wp-content\/uploads\/2022\/07\/33179.jpg?resize=600%2C360&#038;ssl=1\" alt=\"Foto de cena em Cara e Coragem\" width=\"600\" height=\"360\" \/><br \/>\nO clima fica tenso durante a primeira audi\u00eancia pela guarda de Chiquinho (Guilherme Tavares). Com troca de farpas e \u00e2nimos exaltados, Moa (Marcelo Serrado) e Rebeca (Mariana Santos) discutem na frente do juiz e n\u00e3o conseguem disfar\u00e7ar a rela\u00e7\u00e3o dif\u00edcil.<\/p>\n<p>Para tentar atacar o ex, Rebeca anuncia ao juiz que Moa e Andr\u00e9a Pratini (Maria Eduarda de Carvalho) est\u00e3o tendo um caso. A not\u00edcia, por\u00e9m, n\u00e3o surte qualquer efeito a favor dela, mas deixa Moa indignado. Acompanhado por sua advogada (Miwa Yanagizawa), o dubl\u00ea ainda tenta se controlar e n\u00e3o ceder \u00e0s provoca\u00e7\u00f5es da mulher de Danilo (Ricardo Pereira).<\/p>\n<p>Depois das explana\u00e7\u00f5es, o juiz anuncia a decis\u00e3o: a guarda provis\u00f3ria de Chiquinho ser\u00e1 compartilhada, com Rebeca tendo direito a ficar com o filho nos fins de semana. O resultado pega tanto Moa quanto Rebeca de surpresa. O dubl\u00ea acreditava que teria chances de permanecer como est\u00e1 e Rebeca j\u00e1 planejava a conviv\u00eancia di\u00e1ria com a crian\u00e7a. Uma nova audi\u00eancia ser\u00e1 marcada posteriormente. Moa deixa o local arrasado e Rebeca mostra que n\u00e3o vai desistir.<br \/>\nAs cenas v\u00e3o ao ar a partir desta quinta, 14 de julho<br \/>\n<a href=\"https:\/\/www.tvnovelas.com.br\/novelas\/resumos-de-cara-e-coragem\/\">Confira os resumos da semana de Cara e Coragem<\/a><br \/>\n<div class=\"pt-cv-wrapper\"><div class=\"pt-cv-view pt-cv-grid pt-cv-colsys\" id=\"pt-cv-view-02684292u5\"><div data-id=\"pt-cv-page-1\" class=\"pt-cv-page\" data-cvc=\"1\"><div class=\"col-md-12 col-sm-12 col-xs-12 pt-cv-content-item pt-cv-1-col\" ><div class='pt-cv-ifield'><h4 class=\"pt-cv-title\"><a href=\"https:\/\/www.tvnovelas.com.br\/tvnews\/cara-e-coragem-clarice-e-italo-se-casam\/\" class=\"_blank\" target=\"_blank\" >Cara e Coragem: Clarice e \u00cdtalo se casam<\/a><\/h4><\/div><\/div>\n<div class=\"col-md-12 col-sm-12 col-xs-12 pt-cv-content-item pt-cv-1-col\" ><div class='pt-cv-ifield'><h4 class=\"pt-cv-title\"><a href=\"https:\/\/www.tvnovelas.com.br\/tvnews\/cara-e-coragem-danilo-e-regina-pegam-30-anos-de-prisao\/\" class=\"_blank\" target=\"_blank\" >Cara e Coragem: Danilo e Regina pegam 30 anos de pris\u00e3o<\/a><\/h4><\/div><\/div>\n<div class=\"col-md-12 col-sm-12 col-xs-12 pt-cv-content-item pt-cv-1-col\" ><div class='pt-cv-ifield'><h4 class=\"pt-cv-title\"><a href=\"https:\/\/www.tvnovelas.com.br\/tvnews\/cara-e-coragem-danilo-sequestra-sosso-e-chiquinho\/\" class=\"_blank\" target=\"_blank\" >Cara e Coragem: Danilo sequestra Soss\u00f4 e Chiquinho<\/a><\/h4><\/div><\/div>\n<div class=\"col-md-12 col-sm-12 col-xs-12 pt-cv-content-item pt-cv-1-col\" ><div class='pt-cv-ifield'><h4 class=\"pt-cv-title\"><a href=\"https:\/\/www.tvnovelas.com.br\/tvnews\/cara-e-coragem-regina-mata-um-na-casa-dos-gusmao\/\" class=\"_blank\" target=\"_blank\" >Cara e Coragem: Regina mata um na casa dos Gusm\u00e3o<\/a><\/h4><\/div><\/div><\/div><\/div><\/div><\/p>\n<p><strong style=\"font-size: 120%;\">Saiba mais das novelas:<\/strong><br \/>\n<div class=\"pt-cv-wrapper\"><div class=\"pt-cv-view pt-cv-grid pt-cv-colsys\" id=\"pt-cv-view-90991035b3\"><div data-id=\"pt-cv-page-1\" class=\"pt-cv-page\" data-cvc=\"1\"><div class=\"col-md-12 col-sm-12 col-xs-12 pt-cv-content-item pt-cv-1-col\" ><div class='pt-cv-ifield'><h4 class=\"pt-cv-title\"><a href=\"https:\/\/www.tvnovelas.com.br\/tvnews\/em-coracao-de-mae-nos-proximos-capitulos-04-a-08-5\/\" class=\"_self\" target=\"_self\" >Em Cora\u00e7\u00e3o de M\u00e3e nos pr\u00f3ximos cap\u00edtulos (04 a 08\/5)<\/a><\/h4><\/div><\/div>\n<div class=\"col-md-12 col-sm-12 col-xs-12 pt-cv-content-item pt-cv-1-col\" ><div class='pt-cv-ifield'><h4 class=\"pt-cv-title\"><a href=\"https:\/\/www.tvnovelas.com.br\/tvnews\/coracao-de-mae-hasan-e-filiz-em-piquenique-romantico\/\" class=\"_self\" target=\"_self\" >Cora\u00e7\u00e3o de M\u00e3e: Hasan e Filiz em piquenique rom\u00e2ntico<\/a><\/h4><\/div><\/div>\n<div class=\"col-md-12 col-sm-12 col-xs-12 pt-cv-content-item pt-cv-1-col\" ><div class='pt-cv-ifield'><h4 class=\"pt-cv-title\"><a href=\"https:\/\/www.tvnovelas.com.br\/tvnews\/guerra-das-rosas-cihan-vibra-com-desistencia-de-gulru-de-casar-com-mert\/\" class=\"_self\" target=\"_self\" >Guerra das Rosas: Cihan vibra com desist\u00eancia de Gulru de casar com Mert<\/a><\/h4><\/div><\/div>\n<div class=\"col-md-12 col-sm-12 col-xs-12 pt-cv-content-item pt-cv-1-col\" ><div class='pt-cv-ifield'><h4 class=\"pt-cv-title\"><a href=\"https:\/\/www.tvnovelas.com.br\/tvnews\/coracao-de-mae-irmak-denuncia-adnan\/\" class=\"_self\" target=\"_self\" >Cora\u00e7\u00e3o de M\u00e3e: Irmak denuncia Adnan<\/a><\/h4><\/div><\/div>\n<div class=\"col-md-12 col-sm-12 col-xs-12 pt-cv-content-item pt-cv-1-col\" ><div class='pt-cv-ifield'><h4 class=\"pt-cv-title\"><a href=\"https:\/\/www.tvnovelas.com.br\/tvnews\/a-nobreza-do-amor-mirinho-e-obrigado-a-resgatar-tonho\/\" class=\"_self\" target=\"_self\" >A Nobreza do Amor: Mirinho \u00e9 obrigado a resgatar Tonho<\/a><\/h4><\/div><\/div>\n<div class=\"col-md-12 col-sm-12 col-xs-12 pt-cv-content-item pt-cv-1-col\" ><div class='pt-cv-ifield'><h4 class=\"pt-cv-title\"><a href=\"https:\/\/www.tvnovelas.com.br\/tvnews\/tres-gracas-paulinho-e-afastado-da-policia-por-causa-de-gerluce\/\" class=\"_self\" target=\"_self\" >Tr\u00eas Gra\u00e7as: Paulinho \u00e9 afastado da pol\u00edcia por causa de Gerluce<\/a><\/h4><\/div><\/div>\n<div class=\"col-md-12 col-sm-12 col-xs-12 pt-cv-content-item pt-cv-1-col\" ><div class='pt-cv-ifield'><h4 class=\"pt-cv-title\"><a href=\"https:\/\/www.tvnovelas.com.br\/tvnews\/coracao-de-mae-irmak-inicia-jogo-arriscado-contra-adnan\/\" class=\"_self\" target=\"_self\" >Cora\u00e7\u00e3o de M\u00e3e: Irmak inicia jogo arriscado contra Adnan<\/a><\/h4><\/div><\/div>\n<div class=\"col-md-12 col-sm-12 col-xs-12 pt-cv-content-item pt-cv-1-col\" ><div class='pt-cv-ifield'><h4 class=\"pt-cv-title\"><a href=\"https:\/\/www.tvnovelas.com.br\/tvnews\/guerra-das-rosas-omer-chama-gulru-vestida-de-noiva-para-fugir\/\" class=\"_self\" target=\"_self\" >Guerra das Rosas: Omer chama Gulru vestida de noiva para fugir<\/a><\/h4><\/div><\/div>\n<div class=\"col-md-12 col-sm-12 col-xs-12 pt-cv-content-item pt-cv-1-col\" ><div class='pt-cv-ifield'><h4 class=\"pt-cv-title\"><a href=\"https:\/\/www.tvnovelas.com.br\/tvnews\/coracao-de-mae-reha-sai-para-jantar-com-selvi\/\" class=\"_self\" target=\"_self\" >Cora\u00e7\u00e3o de M\u00e3e: Reha sai para jantar com Selvi<\/a><\/h4><\/div><\/div>\n<div class=\"col-md-12 col-sm-12 col-xs-12 pt-cv-content-item pt-cv-1-col\" ><div class='pt-cv-ifield'><h4 class=\"pt-cv-title\"><a href=\"https:\/\/www.tvnovelas.com.br\/tvnews\/coracao-acelerado-zila-se-preocupa-com-sua-situacao-apos-separacao\/\" class=\"_self\" target=\"_self\" >Cora\u00e7\u00e3o Acelerado: Zil\u00e1 se preocupa com sua situa\u00e7\u00e3o ap\u00f3s separa\u00e7\u00e3o<\/a><\/h4><\/div><\/div><\/div><\/div><\/div><br \/>\n<a href=\"https:\/\/www.tvnovelas.com.br\/novelas\/\"><strong>Confira os resumos da semana de todas novelas<\/strong><\/a><br \/>\n<a href=\"http:\/\/tvnovelas.com.br\/filmes\" target=\"_blank\" rel=\"noopener\">Veja tamb\u00e9m: Todas as telas: filmes e s\u00e9ries nos streamings<\/a><\/p>\n<h3>Confira tamb\u00e9m<\/h3>\n<p><a href=\"https:\/\/www.tvnovelas.com.br\/filmes\/\" target=\"_blank\" rel=\"noopener noreferrer\"><strong>Programa\u00e7\u00e3o de filmes na TV aberta<\/strong><\/a><br \/>\n<a href=\"https:\/\/tvnovelas.com.br\/filmes\/filmes-e-series-ineditos-em-estreia-na-semana-na-netflix\/\" target=\"_blank\" rel=\"noopener noreferrer\"><strong>Estreias da semana na Netflix<\/strong><\/a><br \/>\n<a href=\"https:\/\/caetenews.com.br\/semana\/filmes-da-globo-na-sessao-da-tarde-desta-semana\/\" target=\"_blank\" rel=\"noopener\"><strong>Confira os filmes da semana na Sess\u00e3o da Tarde<\/strong><\/a><br \/>\n<a href=\"\/\/tvnovelas.com.br\/filmes\/filmes-em-estreia-nos-cinemas\/\" target=\"_blank\" rel=\"noopener noreferrer\"><strong>Estreias e novidades no Cinema<\/strong><\/a><br \/>\n<a href=\"https:\/\/www.tvnovelas.com.br\/novelas\/\" target=\"_blank\" rel=\"noopener noreferrer\"><strong>Resumos de novelas<\/strong><\/a><\/p>\n","protected":false},"excerpt":{"rendered":"<p>Em Cara e Coragem, o clima fica tenso durante a primeira audi\u00eancia pela guarda de Chiquinho (Guilherme Tavares). Com troca de farpas e \u00e2nimos exaltados&#8230;<\/p>\n","protected":false},"author":1,"featured_media":29813,"comment_status":"closed","ping_status":"closed","sticky":false,"template":"","format":"standard","meta":{"_uf_show_specific_survey":0,"_uf_disable_surveys":false,"_jetpack_memberships_contains_paid_content":false,"footnotes":"","_wp_rev_ctl_limit":""},"categories":[314],"tags":[315,5,64],"class_list":["post-29812","post","type-post","status-publish","format-standard","has-post-thumbnail","hentry","category-cara-e-coragem","tag-cara-e-coragem","tag-globo","tag-novelas","wpcat-314-id"],"aioseo_notices":[],"jetpack_featured_media_url":"https:\/\/i0.wp.com\/www.tvnovelas.com.br\/tvnews\/wp-content\/uploads\/2022\/07\/33179.jpg?fit=600%2C360&ssl=1","jetpack_shortlink":"https:\/\/wp.me\/pdP2BO-7KQ","jetpack_sharing_enabled":true,"_links":{"self":[{"href":"https:\/\/www.tvnovelas.com.br\/tvnews\/wp-json\/wp\/v2\/posts\/29812","targetHints":{"allow":["GET"]}}],"collection":[{"href":"https:\/\/www.tvnovelas.com.br\/tvnews\/wp-json\/wp\/v2\/posts"}],"about":[{"href":"https:\/\/www.tvnovelas.com.br\/tvnews\/wp-json\/wp\/v2\/types\/post"}],"author":[{"embeddable":true,"href":"https:\/\/www.tvnovelas.com.br\/tvnews\/wp-json\/wp\/v2\/users\/1"}],"replies":[{"embeddable":true,"href":"https:\/\/www.tvnovelas.com.br\/tvnews\/wp-json\/wp\/v2\/comments?post=29812"}],"version-history":[{"count":0,"href":"https:\/\/www.tvnovelas.com.br\/tvnews\/wp-json\/wp\/v2\/posts\/29812\/revisions"}],"wp:featuredmedia":[{"embeddable":true,"href":"https:\/\/www.tvnovelas.com.br\/tvnews\/wp-json\/wp\/v2\/media\/29813"}],"wp:attachment":[{"href":"https:\/\/www.tvnovelas.com.br\/tvnews\/wp-json\/wp\/v2\/media?parent=29812"}],"wp:term":[{"taxonomy":"category","embeddable":true,"href":"https:\/\/www.tvnovelas.com.br\/tvnews\/wp-json\/wp\/v2\/categories?post=29812"},{"taxonomy":"post_tag","embeddable":true,"href":"https:\/\/www.tvnovelas.com.br\/tvnews\/wp-json\/wp\/v2\/tags?post=29812"}],"curies":[{"name":"wp","href":"https:\/\/api.w.org\/{rel}","templated":true}]}}