{"id":30057,"date":"2022-07-21T11:09:52","date_gmt":"2022-07-21T14:09:52","guid":{"rendered":"https:\/\/www.tvnovelas.com.br\/tvnews\/?p=30057"},"modified":"2022-07-21T11:09:52","modified_gmt":"2022-07-21T14:09:52","slug":"filhas-de-eva-entra-nesta-quinta-o-ultimo-trabalho-de-milton-goncalves-para-a-tv","status":"publish","type":"post","link":"https:\/\/www.tvnovelas.com.br\/tvnews\/filhas-de-eva-entra-nesta-quinta-o-ultimo-trabalho-de-milton-goncalves-para-a-tv\/","title":{"rendered":"&#8216;Filhas de Eva&#8217;: Entra nesta quinta, o \u00faltimo trabalho de Milton Gon\u00e7alves para a TV"},"content":{"rendered":"<p><em>Not\u00edcias de Filhas de Eva:<\/em><br \/>\n<img data-recalc-dims=\"1\" decoding=\"async\" class=\"alignnone wp-image-30058 size-full\" title=\"(Foto: TV Globo\/Filhas de Eva)\" src=\"https:\/\/i0.wp.com\/www.tvnovelas.com.br\/tvnews\/wp-content\/uploads\/2022\/07\/33251.jpg?resize=600%2C360&#038;ssl=1\" alt=\"Foto de Milton Gon\u00e7alves em Filhas de Eva\" width=\"600\" height=\"360\" \/><br \/>\nA partir do pr\u00f3ximo epis\u00f3dio de \u2018Filhas de Eva\u2019, que vai ao ar nesta quinta-feira, dia 21, o p\u00fablico pode ver Milton Gon\u00e7alves atuando em seu \u00faltimo trabalho na televis\u00e3o. O ator fez uma participa\u00e7\u00e3o especial como o jornalista Gasparian, que contracena com o personagem interpretado por Marcos Veras, F\u00e1bio, no ambiente de uma reda\u00e7\u00e3o de jornal.<\/p>\n<p>No pr\u00f3ximo epis\u00f3dio de Filhas de Eva acontece a participa\u00e7\u00e3o do ator Milton Gon\u00e7alves, em seu \u00faltimo trabalho na televis\u00e3o. O ator fez uma participa\u00e7\u00e3o especial como o jornalista Gasparian, que contracena com o personagem interpretado por Marcos Veras, F\u00e1bio, no ambiente de uma reda\u00e7\u00e3o de jornal.<\/p>\n<p>Gasparian conhece Stella (Renata Sorrah) e Ademar (Cac\u00e1 Amaral) h\u00e1 muitos anos. Foi para sua coluna que a m\u00e3e de L\u00edvia (Giovanna Antonelli) passou uma nota suspeita com o objetivo de incriminar o ex-marido, em um momento de raiva, ap\u00f3s pedir o div\u00f3rcio. Arrependida depois de ter sido sondada por um jornalista em busca de mais informa\u00e7\u00f5es sobre os neg\u00f3cios de Ademar, Stella procura Gasparian no jornal para pedir que fa\u00e7a parar a investiga\u00e7\u00e3o. Com essa atitude, ela levanta ainda mais as suspeitas de F\u00e1bio (Marcos Veras), rep\u00f3rter respons\u00e1vel pela apura\u00e7\u00e3o, que vai descobrir o envolvimento do Ademar em corrup\u00e7\u00e3o, ao mesmo tempo em que come\u00e7a a se envolver com sua filha, L\u00edvia.<\/p>\n<p>Tamb\u00e9m no pr\u00f3ximo epis\u00f3dio da s\u00e9rie, a decis\u00e3o de Kleber (Dan Stulbach) de sair de casa traz fortes consequ\u00eancias para L\u00edvia e a filha do casal, Dora (Debora Oz\u00f3rio). Enquanto a psic\u00f3loga perde o controle e tem um ataque de f\u00faria, Dora se distancia do pai e pede consolo \u00e0 av\u00f3. Mas a atitude descontrolada de L\u00edvia, ao quebrar o carro do marido, viraliza na internet e traz a oportunidade da psic\u00f3loga se retratar escrevendo um artigo, a convite de F\u00e1bio.<\/p>\n<p>Por outro lado, na tentativa de se livrar das implica\u00e7\u00f5es decorrentes do momento de descontrole, L\u00edvia encontra Cl\u00e9o (Vanessa Gi\u00e1como), que acaba descobrindo que a amiga \u00e9 esposa de Kleber. Ela decide, ent\u00e3o, confrontar o namorado com uma liga\u00e7\u00e3o durante o programa de r\u00e1dio em que ele participa.<br \/>\n<strong style=\"font-size: 120%;\">Saiba mais das novelas:<\/strong><br \/>\n<div class=\"pt-cv-wrapper\"><div class=\"pt-cv-view pt-cv-grid pt-cv-colsys\" id=\"pt-cv-view-90991035b3\"><div data-id=\"pt-cv-page-1\" class=\"pt-cv-page\" data-cvc=\"1\"><div class=\"col-md-12 col-sm-12 col-xs-12 pt-cv-content-item pt-cv-1-col\" ><div class='pt-cv-ifield'><h4 class=\"pt-cv-title\"><a href=\"https:\/\/www.tvnovelas.com.br\/tvnews\/em-a-nobreza-do-amor-na-semana-04-a-09-de-maio\/\" class=\"_self\" target=\"_self\" >Em A Nobreza do Amor na semana 04 a 09 de maio<\/a><\/h4><\/div><\/div>\n<div class=\"col-md-12 col-sm-12 col-xs-12 pt-cv-content-item pt-cv-1-col\" ><div class='pt-cv-ifield'><h4 class=\"pt-cv-title\"><a href=\"https:\/\/www.tvnovelas.com.br\/tvnews\/o-que-acontece-em-tres-gracas-na-semana-04-a-09-de-maio\/\" class=\"_self\" target=\"_self\" >O que acontece em Tr\u00eas Gra\u00e7as na semana 04 a 09 de maio<\/a><\/h4><\/div><\/div>\n<div class=\"col-md-12 col-sm-12 col-xs-12 pt-cv-content-item pt-cv-1-col\" ><div class='pt-cv-ifield'><h4 class=\"pt-cv-title\"><a href=\"https:\/\/www.tvnovelas.com.br\/tvnews\/coracao-de-mae-reha-entra-em-panico-com-a-prisao-de-adnan\/\" class=\"_self\" target=\"_self\" >Cora\u00e7\u00e3o de M\u00e3e: Reha entra em p\u00e2nico com a pris\u00e3o de Adnan<\/a><\/h4><\/div><\/div>\n<div class=\"col-md-12 col-sm-12 col-xs-12 pt-cv-content-item pt-cv-1-col\" ><div class='pt-cv-ifield'><h4 class=\"pt-cv-title\"><a href=\"https:\/\/www.tvnovelas.com.br\/tvnews\/guerra-das-rosas-mert-sequestra-gulru\/\" class=\"_self\" target=\"_self\" >Guerra das Rosas: Mert sequestra Gulru<\/a><\/h4><\/div><\/div>\n<div class=\"col-md-12 col-sm-12 col-xs-12 pt-cv-content-item pt-cv-1-col\" ><div class='pt-cv-ifield'><h4 class=\"pt-cv-title\"><a href=\"https:\/\/www.tvnovelas.com.br\/tvnews\/a-nobreza-do-amor-resistencia-sequestra-noivo-de-kenia-e-o-despacha-de-batanga\/\" class=\"_self\" target=\"_self\" >A Nobreza do Amor: Resist\u00eancia sequestra noivo de K\u00eania e o despacha de Batanga<\/a><\/h4><\/div><\/div>\n<div class=\"col-md-12 col-sm-12 col-xs-12 pt-cv-content-item pt-cv-1-col\" ><div class='pt-cv-ifield'><h4 class=\"pt-cv-title\"><a href=\"https:\/\/www.tvnovelas.com.br\/tvnews\/tres-gracas-joelly-e-gerluce-descobrem-que-filha-de-lena-e-a-bebe-roubada\/\" class=\"_self\" target=\"_self\" >Tr\u00eas Gra\u00e7as: Jo\u00e9lly e Gerluce descobrem que filha de Lena \u00e9 a beb\u00ea roubada<\/a><\/h4><\/div><\/div>\n<div class=\"col-md-12 col-sm-12 col-xs-12 pt-cv-content-item pt-cv-1-col\" ><div class='pt-cv-ifield'><h4 class=\"pt-cv-title\"><a href=\"https:\/\/www.tvnovelas.com.br\/tvnews\/em-coracao-de-mae-nos-proximos-capitulos-04-a-08-5\/\" class=\"_self\" target=\"_self\" >Em Cora\u00e7\u00e3o de M\u00e3e nos pr\u00f3ximos cap\u00edtulos (04 a 08\/5)<\/a><\/h4><\/div><\/div>\n<div class=\"col-md-12 col-sm-12 col-xs-12 pt-cv-content-item pt-cv-1-col\" ><div class='pt-cv-ifield'><h4 class=\"pt-cv-title\"><a href=\"https:\/\/www.tvnovelas.com.br\/tvnews\/coracao-de-mae-hasan-e-filiz-em-piquenique-romantico\/\" class=\"_self\" target=\"_self\" >Cora\u00e7\u00e3o de M\u00e3e: Hasan e Filiz em piquenique rom\u00e2ntico<\/a><\/h4><\/div><\/div>\n<div class=\"col-md-12 col-sm-12 col-xs-12 pt-cv-content-item pt-cv-1-col\" ><div class='pt-cv-ifield'><h4 class=\"pt-cv-title\"><a href=\"https:\/\/www.tvnovelas.com.br\/tvnews\/guerra-das-rosas-cihan-vibra-com-desistencia-de-gulru-de-casar-com-mert\/\" class=\"_self\" target=\"_self\" >Guerra das Rosas: Cihan vibra com desist\u00eancia de Gulru de casar com Mert<\/a><\/h4><\/div><\/div>\n<div class=\"col-md-12 col-sm-12 col-xs-12 pt-cv-content-item pt-cv-1-col\" ><div class='pt-cv-ifield'><h4 class=\"pt-cv-title\"><a href=\"https:\/\/www.tvnovelas.com.br\/tvnews\/coracao-de-mae-irmak-denuncia-adnan\/\" class=\"_self\" target=\"_self\" >Cora\u00e7\u00e3o de M\u00e3e: Irmak denuncia Adnan<\/a><\/h4><\/div><\/div><\/div><\/div><\/div><br \/>\n<a href=\"https:\/\/www.tvnovelas.com.br\/novelas\/\"><strong>Confira os resumos da semana de todas novelas<\/strong><\/a><br \/>\n<a href=\"http:\/\/tvnovelas.com.br\/filmes\" target=\"_blank\" rel=\"noopener\">Veja tamb\u00e9m: Todas as telas: filmes e s\u00e9ries nos streamings<\/a><\/p>\n<h3>Confira tamb\u00e9m<\/h3>\n<p><a href=\"https:\/\/www.tvnovelas.com.br\/filmes\/\" target=\"_blank\" rel=\"noopener noreferrer\"><strong>Programa\u00e7\u00e3o de filmes na TV aberta<\/strong><\/a><br \/>\n<a href=\"https:\/\/tvnovelas.com.br\/filmes\/filmes-e-series-ineditos-em-estreia-na-semana-na-netflix\/\" target=\"_blank\" rel=\"noopener noreferrer\"><strong>Estreias da semana na Netflix<\/strong><\/a><br \/>\n<a href=\"https:\/\/caetenews.com.br\/semana\/filmes-da-globo-na-sessao-da-tarde-desta-semana\/\" target=\"_blank\" rel=\"noopener\"><strong>Confira os filmes da semana na Sess\u00e3o da Tarde<\/strong><\/a><br \/>\n<a href=\"\/\/tvnovelas.com.br\/filmes\/filmes-em-estreia-nos-cinemas\/\" target=\"_blank\" rel=\"noopener noreferrer\"><strong>Estreias e novidades no Cinema<\/strong><\/a><br \/>\n<a href=\"https:\/\/www.tvnovelas.com.br\/novelas\/\" target=\"_blank\" rel=\"noopener noreferrer\"><strong>Resumos de novelas<\/strong><\/a><\/p>\n","protected":false},"excerpt":{"rendered":"<p>A partir do pr\u00f3ximo epis\u00f3dio de \u2018Filhas de Eva\u2019, que vai ao ar nesta quinta-feira, dia 21, o p\u00fablico pode ver Milton Gon\u00e7alves atuando em seu \u00faltimo trabalho na televi<\/p>\n","protected":false},"author":1,"featured_media":30058,"comment_status":"closed","ping_status":"closed","sticky":false,"template":"","format":"standard","meta":{"_uf_show_specific_survey":0,"_uf_disable_surveys":false,"_jetpack_memberships_contains_paid_content":false,"footnotes":"","_wp_rev_ctl_limit":""},"categories":[328],"tags":[327,5,64],"class_list":["post-30057","post","type-post","status-publish","format-standard","has-post-thumbnail","hentry","category-filhas-de-eva","tag-filhas-de-eva","tag-globo","tag-novelas","wpcat-328-id"],"aioseo_notices":[],"jetpack_featured_media_url":"https:\/\/i0.wp.com\/www.tvnovelas.com.br\/tvnews\/wp-content\/uploads\/2022\/07\/33251.jpg?fit=600%2C360&ssl=1","jetpack_shortlink":"https:\/\/wp.me\/pdP2BO-7ON","jetpack_sharing_enabled":true,"_links":{"self":[{"href":"https:\/\/www.tvnovelas.com.br\/tvnews\/wp-json\/wp\/v2\/posts\/30057","targetHints":{"allow":["GET"]}}],"collection":[{"href":"https:\/\/www.tvnovelas.com.br\/tvnews\/wp-json\/wp\/v2\/posts"}],"about":[{"href":"https:\/\/www.tvnovelas.com.br\/tvnews\/wp-json\/wp\/v2\/types\/post"}],"author":[{"embeddable":true,"href":"https:\/\/www.tvnovelas.com.br\/tvnews\/wp-json\/wp\/v2\/users\/1"}],"replies":[{"embeddable":true,"href":"https:\/\/www.tvnovelas.com.br\/tvnews\/wp-json\/wp\/v2\/comments?post=30057"}],"version-history":[{"count":0,"href":"https:\/\/www.tvnovelas.com.br\/tvnews\/wp-json\/wp\/v2\/posts\/30057\/revisions"}],"wp:featuredmedia":[{"embeddable":true,"href":"https:\/\/www.tvnovelas.com.br\/tvnews\/wp-json\/wp\/v2\/media\/30058"}],"wp:attachment":[{"href":"https:\/\/www.tvnovelas.com.br\/tvnews\/wp-json\/wp\/v2\/media?parent=30057"}],"wp:term":[{"taxonomy":"category","embeddable":true,"href":"https:\/\/www.tvnovelas.com.br\/tvnews\/wp-json\/wp\/v2\/categories?post=30057"},{"taxonomy":"post_tag","embeddable":true,"href":"https:\/\/www.tvnovelas.com.br\/tvnews\/wp-json\/wp\/v2\/tags?post=30057"}],"curies":[{"name":"wp","href":"https:\/\/api.w.org\/{rel}","templated":true}]}}