{"id":30200,"date":"2022-07-25T19:00:13","date_gmt":"2022-07-25T22:00:13","guid":{"rendered":"https:\/\/www.tvnovelas.com.br\/tvnews\/?p=30200"},"modified":"2022-07-25T16:27:13","modified_gmt":"2022-07-25T19:27:13","slug":"a-favorita-donatela-vai-para-a-solitaria-e-diva-lidera-protesto-das-presas","status":"publish","type":"post","link":"https:\/\/www.tvnovelas.com.br\/tvnews\/a-favorita-donatela-vai-para-a-solitaria-e-diva-lidera-protesto-das-presas\/","title":{"rendered":"A Favorita: Donatela vai para a solit\u00e1ria e Diva lidera protesto das presas"},"content":{"rendered":"<p><em>Em A Favorita nesta ter\u00e7a, dia 26<\/em>:<br \/>\n<img data-recalc-dims=\"1\" decoding=\"async\" class=\"alignnone wp-image-30201 size-full\" title=\"(Foto:  Reprodu\u00e7\u00e3o\/TV Globo\/A Favorita)\" src=\"https:\/\/i0.wp.com\/www.tvnovelas.com.br\/tvnews\/wp-content\/uploads\/2022\/07\/33295.jpg?resize=600%2C360&#038;ssl=1\" alt=\"Foto de Donatela em A Favorita\" width=\"600\" height=\"360\" \/><br \/>\nLara beija Halley e diz que quer ser mais do que apenas amigos. Pedro fica chocado ao ver o estado de Donatela na cadeia. Donatela pede a Pedro que arrume uma forma de acusar Flora e livr\u00e1-la da cadeia. Diva avisa a Donatela que ela tem um plano. Dodi vai at\u00e9 o restaurante onde Flora est\u00e1 e Pedro flagra Dodi e Flora em um restaurante. Diva mostra a Donatela um t\u00fanel que as presas est\u00e3o cavando para fugir. Pedro fotografa Flora e Dodi e a filha o v\u00ea. Zez\u00e9 coloca Donatela na solit\u00e1ria e as outras presas, lideradas por Diva, decidem fazer um protesto. Roseli libera Donatela da solit\u00e1ria. Lara descobre que Halley foi contratado por Gon\u00e7alo. Halley fica sem saber como se explicar para Lara. Pedro vai ao encontro de Gon\u00e7alo em uma barbearia e Dodi observa tudo de longe.<br \/>\nAs cenas v\u00e3o ao ar nesta ter\u00e7a, 26 de julho<br \/>\n<strong style=\"font-size: 120%;\">Saiba mais das novelas:<\/strong><br \/>\n<div class=\"pt-cv-wrapper\"><div class=\"pt-cv-view pt-cv-grid pt-cv-colsys\" id=\"pt-cv-view-90991035b3\"><div data-id=\"pt-cv-page-1\" class=\"pt-cv-page\" data-cvc=\"1\"><div class=\"col-md-12 col-sm-12 col-xs-12 pt-cv-content-item pt-cv-1-col\" ><div class='pt-cv-ifield'><h4 class=\"pt-cv-title\"><a href=\"https:\/\/www.tvnovelas.com.br\/tvnews\/em-a-nobreza-do-amor-na-semana-04-a-09-de-maio\/\" class=\"_self\" target=\"_self\" >Em A Nobreza do Amor na semana 04 a 09 de maio<\/a><\/h4><\/div><\/div>\n<div class=\"col-md-12 col-sm-12 col-xs-12 pt-cv-content-item pt-cv-1-col\" ><div class='pt-cv-ifield'><h4 class=\"pt-cv-title\"><a href=\"https:\/\/www.tvnovelas.com.br\/tvnews\/o-que-acontece-em-tres-gracas-na-semana-04-a-09-de-maio\/\" class=\"_self\" target=\"_self\" >O que acontece em Tr\u00eas Gra\u00e7as na semana 04 a 09 de maio<\/a><\/h4><\/div><\/div>\n<div class=\"col-md-12 col-sm-12 col-xs-12 pt-cv-content-item pt-cv-1-col\" ><div class='pt-cv-ifield'><h4 class=\"pt-cv-title\"><a href=\"https:\/\/www.tvnovelas.com.br\/tvnews\/coracao-de-mae-reha-entra-em-panico-com-a-prisao-de-adnan\/\" class=\"_self\" target=\"_self\" >Cora\u00e7\u00e3o de M\u00e3e: Reha entra em p\u00e2nico com a pris\u00e3o de Adnan<\/a><\/h4><\/div><\/div>\n<div class=\"col-md-12 col-sm-12 col-xs-12 pt-cv-content-item pt-cv-1-col\" ><div class='pt-cv-ifield'><h4 class=\"pt-cv-title\"><a href=\"https:\/\/www.tvnovelas.com.br\/tvnews\/guerra-das-rosas-mert-sequestra-gulru\/\" class=\"_self\" target=\"_self\" >Guerra das Rosas: Mert sequestra Gulru<\/a><\/h4><\/div><\/div>\n<div class=\"col-md-12 col-sm-12 col-xs-12 pt-cv-content-item pt-cv-1-col\" ><div class='pt-cv-ifield'><h4 class=\"pt-cv-title\"><a href=\"https:\/\/www.tvnovelas.com.br\/tvnews\/a-nobreza-do-amor-resistencia-sequestra-noivo-de-kenia-e-o-despacha-de-batanga\/\" class=\"_self\" target=\"_self\" >A Nobreza do Amor: Resist\u00eancia sequestra noivo de K\u00eania e o despacha de Batanga<\/a><\/h4><\/div><\/div>\n<div class=\"col-md-12 col-sm-12 col-xs-12 pt-cv-content-item pt-cv-1-col\" ><div class='pt-cv-ifield'><h4 class=\"pt-cv-title\"><a href=\"https:\/\/www.tvnovelas.com.br\/tvnews\/tres-gracas-joelly-e-gerluce-descobrem-que-filha-de-lena-e-a-bebe-roubada\/\" class=\"_self\" target=\"_self\" >Tr\u00eas Gra\u00e7as: Jo\u00e9lly e Gerluce descobrem que filha de Lena \u00e9 a beb\u00ea roubada<\/a><\/h4><\/div><\/div>\n<div class=\"col-md-12 col-sm-12 col-xs-12 pt-cv-content-item pt-cv-1-col\" ><div class='pt-cv-ifield'><h4 class=\"pt-cv-title\"><a href=\"https:\/\/www.tvnovelas.com.br\/tvnews\/em-coracao-de-mae-nos-proximos-capitulos-04-a-08-5\/\" class=\"_self\" target=\"_self\" >Em Cora\u00e7\u00e3o de M\u00e3e nos pr\u00f3ximos cap\u00edtulos (04 a 08\/5)<\/a><\/h4><\/div><\/div>\n<div class=\"col-md-12 col-sm-12 col-xs-12 pt-cv-content-item pt-cv-1-col\" ><div class='pt-cv-ifield'><h4 class=\"pt-cv-title\"><a href=\"https:\/\/www.tvnovelas.com.br\/tvnews\/coracao-de-mae-hasan-e-filiz-em-piquenique-romantico\/\" class=\"_self\" target=\"_self\" >Cora\u00e7\u00e3o de M\u00e3e: Hasan e Filiz em piquenique rom\u00e2ntico<\/a><\/h4><\/div><\/div>\n<div class=\"col-md-12 col-sm-12 col-xs-12 pt-cv-content-item pt-cv-1-col\" ><div class='pt-cv-ifield'><h4 class=\"pt-cv-title\"><a href=\"https:\/\/www.tvnovelas.com.br\/tvnews\/guerra-das-rosas-cihan-vibra-com-desistencia-de-gulru-de-casar-com-mert\/\" class=\"_self\" target=\"_self\" >Guerra das Rosas: Cihan vibra com desist\u00eancia de Gulru de casar com Mert<\/a><\/h4><\/div><\/div>\n<div class=\"col-md-12 col-sm-12 col-xs-12 pt-cv-content-item pt-cv-1-col\" ><div class='pt-cv-ifield'><h4 class=\"pt-cv-title\"><a href=\"https:\/\/www.tvnovelas.com.br\/tvnews\/coracao-de-mae-irmak-denuncia-adnan\/\" class=\"_self\" target=\"_self\" >Cora\u00e7\u00e3o de M\u00e3e: Irmak denuncia Adnan<\/a><\/h4><\/div><\/div><\/div><\/div><\/div><br \/>\n<a href=\"https:\/\/www.tvnovelas.com.br\/novelas\/\"><strong>Confira os resumos da semana de todas novelas<\/strong><\/a><br \/>\n<a href=\"http:\/\/tvnovelas.com.br\/filmes\" target=\"_blank\" rel=\"noopener\">Veja tamb\u00e9m: Todas as telas: filmes e s\u00e9ries nos streamings<\/a><\/p>\n<h3>Confira tamb\u00e9m<\/h3>\n<p><a href=\"https:\/\/www.tvnovelas.com.br\/filmes\/\" target=\"_blank\" rel=\"noopener noreferrer\"><strong>Programa\u00e7\u00e3o de filmes na TV aberta<\/strong><\/a><br \/>\n<a href=\"https:\/\/tvnovelas.com.br\/filmes\/filmes-e-series-ineditos-em-estreia-na-semana-na-netflix\/\" target=\"_blank\" rel=\"noopener noreferrer\"><strong>Estreias da semana na Netflix<\/strong><\/a><br \/>\n<a href=\"https:\/\/caetenews.com.br\/semana\/filmes-da-globo-na-sessao-da-tarde-desta-semana\/\" target=\"_blank\" rel=\"noopener\"><strong>Confira os filmes da semana na Sess\u00e3o da Tarde<\/strong><\/a><br \/>\n<a href=\"\/\/tvnovelas.com.br\/filmes\/filmes-em-estreia-nos-cinemas\/\" target=\"_blank\" rel=\"noopener noreferrer\"><strong>Estreias e novidades no Cinema<\/strong><\/a><br \/>\n<a href=\"https:\/\/www.tvnovelas.com.br\/novelas\/\" target=\"_blank\" rel=\"noopener noreferrer\"><strong>Resumos de novelas<\/strong><\/a><\/p>\n","protected":false},"excerpt":{"rendered":"<p>Em A Favorita nesta ter\u00e7a, dia 26, Lara beija Halley e diz que quer ser mais do que apenas amigos. Pedro fica chocado ao ver o estado de Donatela&#8230;<\/p>\n","protected":false},"author":1,"featured_media":30201,"comment_status":"closed","ping_status":"closed","sticky":false,"template":"","format":"standard","meta":{"_uf_show_specific_survey":0,"_uf_disable_surveys":false,"_jetpack_memberships_contains_paid_content":false,"footnotes":"","_wp_rev_ctl_limit":""},"categories":[330],"tags":[318,5,64],"class_list":["post-30200","post","type-post","status-publish","format-standard","has-post-thumbnail","hentry","category-a-favorita","tag-a-favorita","tag-globo","tag-novelas","wpcat-330-id"],"aioseo_notices":[],"jetpack_featured_media_url":"https:\/\/i0.wp.com\/www.tvnovelas.com.br\/tvnews\/wp-content\/uploads\/2022\/07\/33295.jpg?fit=600%2C360&ssl=1","jetpack_shortlink":"https:\/\/wp.me\/pdP2BO-7R6","jetpack_sharing_enabled":true,"_links":{"self":[{"href":"https:\/\/www.tvnovelas.com.br\/tvnews\/wp-json\/wp\/v2\/posts\/30200","targetHints":{"allow":["GET"]}}],"collection":[{"href":"https:\/\/www.tvnovelas.com.br\/tvnews\/wp-json\/wp\/v2\/posts"}],"about":[{"href":"https:\/\/www.tvnovelas.com.br\/tvnews\/wp-json\/wp\/v2\/types\/post"}],"author":[{"embeddable":true,"href":"https:\/\/www.tvnovelas.com.br\/tvnews\/wp-json\/wp\/v2\/users\/1"}],"replies":[{"embeddable":true,"href":"https:\/\/www.tvnovelas.com.br\/tvnews\/wp-json\/wp\/v2\/comments?post=30200"}],"version-history":[{"count":0,"href":"https:\/\/www.tvnovelas.com.br\/tvnews\/wp-json\/wp\/v2\/posts\/30200\/revisions"}],"wp:featuredmedia":[{"embeddable":true,"href":"https:\/\/www.tvnovelas.com.br\/tvnews\/wp-json\/wp\/v2\/media\/30201"}],"wp:attachment":[{"href":"https:\/\/www.tvnovelas.com.br\/tvnews\/wp-json\/wp\/v2\/media?parent=30200"}],"wp:term":[{"taxonomy":"category","embeddable":true,"href":"https:\/\/www.tvnovelas.com.br\/tvnews\/wp-json\/wp\/v2\/categories?post=30200"},{"taxonomy":"post_tag","embeddable":true,"href":"https:\/\/www.tvnovelas.com.br\/tvnews\/wp-json\/wp\/v2\/tags?post=30200"}],"curies":[{"name":"wp","href":"https:\/\/api.w.org\/{rel}","templated":true}]}}