{"id":30298,"date":"2022-07-28T09:19:39","date_gmt":"2022-07-28T12:19:39","guid":{"rendered":"https:\/\/www.tvnovelas.com.br\/tvnews\/?p=30298"},"modified":"2022-07-28T09:19:39","modified_gmt":"2022-07-28T12:19:39","slug":"alem-da-ilusao-heloisa-implora-perdao-de-violeta-por-traicao","status":"publish","type":"post","link":"https:\/\/www.tvnovelas.com.br\/tvnews\/alem-da-ilusao-heloisa-implora-perdao-de-violeta-por-traicao\/","title":{"rendered":"\u2018Al\u00e9m da Ilus\u00e3o\u2019: Helo\u00edsa implora perd\u00e3o de Violeta por trai\u00e7\u00e3o"},"content":{"rendered":"<p><em>Not\u00edcias de Al\u00e9m da Ilus\u00e3o<\/em><br \/>\n<img data-recalc-dims=\"1\" decoding=\"async\" class=\"alignnone wp-image-30299 size-full\" title=\"(Foto: TV Globo\/Al\u00e9m da Ilus\u00e3o)\" src=\"https:\/\/i0.wp.com\/www.tvnovelas.com.br\/tvnews\/wp-content\/uploads\/2022\/07\/33324.jpg?resize=600%2C360&#038;ssl=1\" alt=\"Foto de Heloisa em Al\u00e9m da Ilus\u00e3o\" width=\"600\" height=\"360\" \/><br \/>\nPara salvar a vida de Ol\u00edvia (Debora Oz\u00f3rio), Helo\u00edsa (Paloma Duarte) teve que revelar a todos que a menina era sua filha com Matias (Antonio Calloni), marido de sua irm\u00e3. Agora, Helo\u00edsa ter\u00e1 um novo desafio: lidar com a decep\u00e7\u00e3o de Violeta (Malu Galli).<\/p>\n<p>\u201cComo \u00e9 que \u00e9? A Ol\u00edvia \u00e9 filha do Matias? Ent\u00e3o nunca foi um del\u00edrio dele?\u201d, questionar\u00e1 Violeta.<\/p>\n<p>Matias ent\u00e3o doar\u00e1 sangue para Ol\u00edvia, mas isso n\u00e3o ir\u00e1 diminuir a tens\u00e3o na fam\u00edlia. Violeta n\u00e3o esconder\u00e1 a decep\u00e7\u00e3o que sente pela irm\u00e3 e, j\u00e1 em casa, ir\u00e1 cobrar satisfa\u00e7\u00f5es de Helo\u00edsa.<\/p>\n<p>\u201cMatias me contava sobre os livros que lia, os casos que julgava, os lugares do mundo que tinha visitado. Fazia anos que n\u00e3o via meu cunhado e fiquei completamente encantada. Sim, Violeta, eu me apaixonei. Aquele homem lindo, mais velho e poderoso me seduziu com falsas promessas e eu me entreguei a ele\u201d, revelar\u00e1 Helo\u00edsa, aos prantos, implorando por perd\u00e3o.<\/p>\n<p>Helo\u00edsa ainda dir\u00e1 que Matias amea\u00e7ou sua vida quando ela revelou que estava gr\u00e1vida.<\/p>\n<p>\u201cE amea\u00e7ou a minha filha tamb\u00e9m! Por que acha que n\u00e3o disse o nome dele ao papai? Por que acha que abri m\u00e3o da Ol\u00edvia? Porque fiquei em p\u00e2nico, com medo que ele matasse a menina!\u201d, contar\u00e1 Helo\u00edsa.<\/p>\n<p>Sem acreditar que o marido possa ser t\u00e3o cruel, Violeta encerrar\u00e1 a conversa com a irm\u00e3. No dia seguinte, ser\u00e1 a vez de Matias ser sabatinado pela esposa.<\/p>\n<p>\u201cPois saiba, merit\u00edssimo, que pra mim voc\u00ea foi um covarde! Covarde por se deitar com uma menina e covarde por n\u00e3o contar pra ela onde estava a filha. N\u00e3o te reconhe\u00e7o mais, Matias. Agiu como um monstro!\u201d, acusar\u00e1 Violeta, que tamb\u00e9m ir\u00e1 mencionar a morte de Elisa.<\/p>\n<p>No hospital, Ol\u00edvia acordar\u00e1 bem da cirurgia e descobrir\u00e1 que todos sabem que Matias \u00e9 seu pai. O ex-juiz ir\u00e1 visitar a filha no hospital e ser\u00e1 questionado por ela.<\/p>\n<p>\u201c\u00c9 verdade que o senhor matou a Elisa por acidente e colocou a culpa no namorado dela? \u00c9 isso que te perturba tanto&#8230; pai?\u201d, perguntar\u00e1 Ol\u00edvia.<\/p>\n<p>Matias nega para Ol\u00edvia que tenha envolvimento na morte de Elisa.<br \/>\nAs cenas v\u00e3o ao ar nesta quinta, 28 de julho<br \/>\n<a href=\"https:\/\/www.tvnovelas.com.br\/novelas\/resumos-de-alem-da-ilusao\/\">Confira os resumos da semana de &#8216;Al\u00e9m da Ilus\u00e3o&#8217;<\/a><br \/>\n<div class=\"pt-cv-wrapper\"><div class=\"pt-cv-view pt-cv-grid pt-cv-colsys\" id=\"pt-cv-view-9bdedf6aiq\"><div data-id=\"pt-cv-page-1\" class=\"pt-cv-page\" data-cvc=\"1\"><div class=\"col-md-12 col-sm-12 col-xs-12 pt-cv-content-item pt-cv-1-col\" ><div class='pt-cv-ifield'><h4 class=\"pt-cv-title\"><a href=\"https:\/\/www.tvnovelas.com.br\/tvnews\/cara-e-coragem-andrea-arma-encontro-entre-romulo-e-pat\/\" class=\"_self\" target=\"_self\" >Cara e Coragem: Andr\u00e9a arma encontro entre R\u00f4mulo e Pat<\/a><\/h4><\/div><\/div>\n<div class=\"col-md-12 col-sm-12 col-xs-12 pt-cv-content-item pt-cv-1-col\" ><div class='pt-cv-ifield'><h4 class=\"pt-cv-title\"><a href=\"https:\/\/www.tvnovelas.com.br\/tvnews\/alem-da-ilusao-joaquim-entrega-ursula-para-a-policia\/\" class=\"_self\" target=\"_self\" >\u2018Al\u00e9m da Ilus\u00e3o\u2019: Joaquim entrega \u00darsula para a Pol\u00edcia<\/a><\/h4><\/div><\/div>\n<div class=\"col-md-12 col-sm-12 col-xs-12 pt-cv-content-item pt-cv-1-col\" ><div class='pt-cv-ifield'><h4 class=\"pt-cv-title\"><a href=\"https:\/\/www.tvnovelas.com.br\/tvnews\/alem-da-ilusao-davi-e-considerado-inocente-da-morte-de-elisa\/\" class=\"_self\" target=\"_self\" >Al\u00e9m da Ilus\u00e3o: Davi \u00e9 considerado inocente da morte de Elisa<\/a><\/h4><\/div><\/div>\n<div class=\"col-md-12 col-sm-12 col-xs-12 pt-cv-content-item pt-cv-1-col\" ><div class='pt-cv-ifield'><h4 class=\"pt-cv-title\"><a href=\"https:\/\/www.tvnovelas.com.br\/tvnews\/alem-da-ilusao-perito-mostra-arma-que-matou-elisa-e-inocenta-davi\/\" class=\"_self\" target=\"_self\" >\u2018Al\u00e9m da Ilus\u00e3o\u2019: perito mostra arma que matou Elisa e inocenta Davi<\/a><\/h4><\/div><\/div><\/div><\/div><\/div><\/p>\n","protected":false},"excerpt":{"rendered":"<p>Em Al\u00e9m da Ilus\u00e3o, Para salvar a vida de Ol\u00edvia (Debora Oz\u00f3rio), Helo\u00edsa (Paloma Duarte) teve que revelar a todos que a menina era&#8230;<\/p>\n","protected":false},"author":1,"featured_media":30299,"comment_status":"closed","ping_status":"closed","sticky":false,"template":"","format":"standard","meta":{"_uf_show_specific_survey":0,"_uf_disable_surveys":false,"_jetpack_memberships_contains_paid_content":false,"footnotes":"","_wp_rev_ctl_limit":""},"categories":[306],"tags":[307,5,64],"class_list":["post-30298","post","type-post","status-publish","format-standard","has-post-thumbnail","hentry","category-alem-da-ilusao","tag-alem-da-ilusao","tag-globo","tag-novelas","wpcat-306-id"],"aioseo_notices":[],"jetpack_featured_media_url":"https:\/\/i0.wp.com\/www.tvnovelas.com.br\/tvnews\/wp-content\/uploads\/2022\/07\/33324.jpg?fit=600%2C360&ssl=1","jetpack_shortlink":"https:\/\/wp.me\/pdP2BO-7SG","jetpack_sharing_enabled":true,"_links":{"self":[{"href":"https:\/\/www.tvnovelas.com.br\/tvnews\/wp-json\/wp\/v2\/posts\/30298","targetHints":{"allow":["GET"]}}],"collection":[{"href":"https:\/\/www.tvnovelas.com.br\/tvnews\/wp-json\/wp\/v2\/posts"}],"about":[{"href":"https:\/\/www.tvnovelas.com.br\/tvnews\/wp-json\/wp\/v2\/types\/post"}],"author":[{"embeddable":true,"href":"https:\/\/www.tvnovelas.com.br\/tvnews\/wp-json\/wp\/v2\/users\/1"}],"replies":[{"embeddable":true,"href":"https:\/\/www.tvnovelas.com.br\/tvnews\/wp-json\/wp\/v2\/comments?post=30298"}],"version-history":[{"count":0,"href":"https:\/\/www.tvnovelas.com.br\/tvnews\/wp-json\/wp\/v2\/posts\/30298\/revisions"}],"wp:featuredmedia":[{"embeddable":true,"href":"https:\/\/www.tvnovelas.com.br\/tvnews\/wp-json\/wp\/v2\/media\/30299"}],"wp:attachment":[{"href":"https:\/\/www.tvnovelas.com.br\/tvnews\/wp-json\/wp\/v2\/media?parent=30298"}],"wp:term":[{"taxonomy":"category","embeddable":true,"href":"https:\/\/www.tvnovelas.com.br\/tvnews\/wp-json\/wp\/v2\/categories?post=30298"},{"taxonomy":"post_tag","embeddable":true,"href":"https:\/\/www.tvnovelas.com.br\/tvnews\/wp-json\/wp\/v2\/tags?post=30298"}],"curies":[{"name":"wp","href":"https:\/\/api.w.org\/{rel}","templated":true}]}}