{"id":30428,"date":"2022-08-01T14:02:34","date_gmt":"2022-08-01T17:02:34","guid":{"rendered":"https:\/\/www.tvnovelas.com.br\/tvnews\/?p=30428"},"modified":"2022-08-01T14:02:34","modified_gmt":"2022-08-01T17:02:34","slug":"um-anjo-caiu-do-ceu-chega-ao-globoplay-nesta-segunda-1o-de-agosto","status":"publish","type":"post","link":"https:\/\/www.tvnovelas.com.br\/tvnews\/um-anjo-caiu-do-ceu-chega-ao-globoplay-nesta-segunda-1o-de-agosto\/","title":{"rendered":"&#8216;Um Anjo Caiu do C\u00e9u&#8217; chega ao Globoplay nesta segunda, 1\u00ba de agosto"},"content":{"rendered":"<p><em>Not\u00edcias do Globoplay:<\/em><br \/>\n<figure id=\"attachment_30429\" aria-describedby=\"caption-attachment-30429\" style=\"width: 600px\" class=\"wp-caption alignnone\"><img data-recalc-dims=\"1\" decoding=\"async\" src=\"https:\/\/i0.wp.com\/www.tvnovelas.com.br\/tvnews\/wp-content\/uploads\/2022\/08\/33373.jpg?resize=600%2C360&#038;ssl=1\" alt=\"Foto de Um Anjo Caiu do C\u00e9u, que est\u00e1 estreando no Globoplay\" width=\"600\" height=\"360\" class=\"size-full wp-image-30429\" \/><figcaption id=\"caption-attachment-30429\" class=\"wp-caption-text\">Anjo Rafael (Caio Blat) e Cuca ( D\u00e9bora Falabella), em Um Anjo Caiu do C\u00e9u<\/figcaption><\/figure><br \/>\nAs aventuras terrenas vividas pelo anjo Rafael recome\u00e7am com a estreia de \u2018Um Anjo Caiu do C\u00e9u\u2019 no Globoplay nesta segunda-feira dia 1\u00ba de agosto.<\/p>\n<p>Exibida pela TV Globo em 2001, a trama, escrita por Ant\u00f4nio Calmon e dirigida por Amora Mautner, Dennis Carvalho e Jos\u00e9 Luiz Villamarim, tem como protagonistas os personagens Jo\u00e3o Medeiros, vivido por Tarc\u00edsio Meira, e o anjo Rafael, interpretado por Caio Blat.  <\/p>\n<p>\u2018Um Anjo Caiu do C\u00e9u\u2019 conta a hist\u00f3ria do fot\u00f3grafo Jo\u00e3o Medeiros que, ap\u00f3s fotografar por acaso um l\u00edder neonazista, sofre um atentado que o deixa \u00e0 beira da morte. Com o envio do seu anjo da guarda \u00e0 Terra, Medeiros ganha alguns meses de vida para resolver problemas pessoais. Por\u00e9m, Rafael, um anjo aprendiz e atrapalhado, encarna para ajudar seu protegido e vive a juventude humana como um mero mortal. Sofre, se apaixona, se mete em confus\u00e3o e aos poucos, perde sua aura divina. Ao final da trama, ambos precisam lembrar do objetivo de suas miss\u00f5es na Terra para seguirem seus caminhos. <\/p>\n<p>O autor Antonio Calmon se inspirou nos filmes &#8220;A Felicidade N\u00e3o se Compra&#8221; (1946) e &#8220;Do Mundo Nada se Leva&#8221; (1938), ambos de Frank Capra, e &#8220;Nas Profundezas do Mar sem Fim&#8221; (Ulu Grosbard, 1999) para criar as tramas da novela. Seu protagonista \u00e9 uma mistura de dois amigos seus, Jos\u00e9 Medeiros, um ex-correspondente de guerra j\u00e1 falecido, e o fot\u00f3grafo e artista Miguel Rio Branco, reconhecido internacionalmente. O nome do personagem \u00e9 uma homenagem a um tio, o senador Jo\u00e3o de Medeiros Calmon. &#8220;Pr\u00eat-\u00e0-Porter&#8221; (1994), de Robert Altman, e &#8220;Miss\u00e3o Imposs\u00edvel&#8221; (1996), de Brian de Palma, filmado em Praga, serviram de refer\u00eancia para a dire\u00e7\u00e3o de Dennis Carvalho.<br \/>\n<strong style=\"font-size: 120%;\">Saiba mais das novelas:<\/strong><br \/>\n<div class=\"pt-cv-wrapper\"><div class=\"pt-cv-view pt-cv-grid pt-cv-colsys\" id=\"pt-cv-view-90991035b3\"><div data-id=\"pt-cv-page-1\" class=\"pt-cv-page\" data-cvc=\"1\"><div class=\"col-md-12 col-sm-12 col-xs-12 pt-cv-content-item pt-cv-1-col\" ><div class='pt-cv-ifield'><h4 class=\"pt-cv-title\"><a href=\"https:\/\/www.tvnovelas.com.br\/tvnews\/guerra-das-rosas-omer-chama-gulru-vestida-de-noiva-para-fugir\/\" class=\"_self\" target=\"_self\" >Guerra das Rosas: Omer chama Gulru vestida de noiva para fugir<\/a><\/h4><\/div><\/div>\n<div class=\"col-md-12 col-sm-12 col-xs-12 pt-cv-content-item pt-cv-1-col\" ><div class='pt-cv-ifield'><h4 class=\"pt-cv-title\"><a href=\"https:\/\/www.tvnovelas.com.br\/tvnews\/coracao-de-mae-reha-sai-para-jantar-com-selvi\/\" class=\"_self\" target=\"_self\" >Cora\u00e7\u00e3o de M\u00e3e: Reha sai para jantar com Selvi<\/a><\/h4><\/div><\/div>\n<div class=\"col-md-12 col-sm-12 col-xs-12 pt-cv-content-item pt-cv-1-col\" ><div class='pt-cv-ifield'><h4 class=\"pt-cv-title\"><a href=\"https:\/\/www.tvnovelas.com.br\/tvnews\/coracao-acelerado-zila-se-preocupa-com-sua-situacao-apos-separacao\/\" class=\"_self\" target=\"_self\" >Cora\u00e7\u00e3o Acelerado: Zil\u00e1 se preocupa com sua situa\u00e7\u00e3o ap\u00f3s separa\u00e7\u00e3o<\/a><\/h4><\/div><\/div>\n<div class=\"col-md-12 col-sm-12 col-xs-12 pt-cv-content-item pt-cv-1-col\" ><div class='pt-cv-ifield'><h4 class=\"pt-cv-title\"><a href=\"https:\/\/www.tvnovelas.com.br\/tvnews\/a-nobreza-do-amor-tonho-nao-se-curva-diante-de-mirinho\/\" class=\"_self\" target=\"_self\" >A Nobreza do Amor: Tonho n\u00e3o se curva diante de Mirinho<\/a><\/h4><\/div><\/div>\n<div class=\"col-md-12 col-sm-12 col-xs-12 pt-cv-content-item pt-cv-1-col\" ><div class='pt-cv-ifield'><h4 class=\"pt-cv-title\"><a href=\"https:\/\/www.tvnovelas.com.br\/tvnews\/tres-gracas-arminda-surta-ao-confirmar-que-ferette-e-pai-de-raul\/\" class=\"_self\" target=\"_self\" >Tr\u00eas Gra\u00e7as:  Arminda surta ao confirmar que Ferette \u00e9 pai de Raul<\/a><\/h4><\/div><\/div>\n<div class=\"col-md-12 col-sm-12 col-xs-12 pt-cv-content-item pt-cv-1-col\" ><div class='pt-cv-ifield'><h4 class=\"pt-cv-title\"><a href=\"https:\/\/www.tvnovelas.com.br\/tvnews\/coracao-de-mae-atilla-confronta-hasan-e-exige-o-divorcio-de-lale\/\" class=\"_self\" target=\"_self\" >Cora\u00e7\u00e3o de M\u00e3e: Atilla confronta Hasan e exige o div\u00f3rcio de Lale<\/a><\/h4><\/div><\/div>\n<div class=\"col-md-12 col-sm-12 col-xs-12 pt-cv-content-item pt-cv-1-col\" ><div class='pt-cv-ifield'><h4 class=\"pt-cv-title\"><a href=\"https:\/\/www.tvnovelas.com.br\/tvnews\/guerra-das-rosas-gulfem-coloca-gulru-contra-a-parede\/\" class=\"_self\" target=\"_self\" >Guerra das Rosas: Gulfem coloca Gulru contra a parede<\/a><\/h4><\/div><\/div>\n<div class=\"col-md-12 col-sm-12 col-xs-12 pt-cv-content-item pt-cv-1-col\" ><div class='pt-cv-ifield'><h4 class=\"pt-cv-title\"><a href=\"https:\/\/www.tvnovelas.com.br\/tvnews\/coracao-de-mae-atilla-diz-a-lale-que-quer-o-divorcio\/\" class=\"_self\" target=\"_self\" >Cora\u00e7\u00e3o de M\u00e3e: Atilla diz a Lale que quer o div\u00f3rcio<\/a><\/h4><\/div><\/div>\n<div class=\"col-md-12 col-sm-12 col-xs-12 pt-cv-content-item pt-cv-1-col\" ><div class='pt-cv-ifield'><h4 class=\"pt-cv-title\"><a href=\"https:\/\/www.tvnovelas.com.br\/tvnews\/a-nobreza-do-amor-mirinho-garante-noivado-com-virginia-para-atrair-sogro-a-negocio\/\" class=\"_self\" target=\"_self\" >A Nobreza do Amor: Mirinho garante noivado com Virg\u00ednia para atrair sogro a neg\u00f3cio<\/a><\/h4><\/div><\/div>\n<div class=\"col-md-12 col-sm-12 col-xs-12 pt-cv-content-item pt-cv-1-col\" ><div class='pt-cv-ifield'><h4 class=\"pt-cv-title\"><a href=\"https:\/\/www.tvnovelas.com.br\/tvnews\/tres-gracas-joaquim-propoe-fuga-a-arminda-com-o-dinheiro-das-tres-gracas\/\" class=\"_self\" target=\"_self\" >Tr\u00eas Gra\u00e7as:  Joaquim prop\u00f5e fuga a Arminda com o dinheiro das Tr\u00eas Gra\u00e7as<\/a><\/h4><\/div><\/div><\/div><\/div><\/div><br \/>\n<a href=\"https:\/\/www.tvnovelas.com.br\/novelas\/\"><strong>Confira os resumos da semana de todas novelas<\/strong><\/a><br \/>\n<a href=\"http:\/\/tvnovelas.com.br\/filmes\" target=\"_blank\" rel=\"noopener\">Veja tamb\u00e9m: Todas as telas: filmes e s\u00e9ries nos streamings<\/a><\/p>\n<h3>Confira tamb\u00e9m<\/h3>\n<p><a href=\"https:\/\/www.tvnovelas.com.br\/filmes\/\" target=\"_blank\" rel=\"noopener noreferrer\"><strong>Programa\u00e7\u00e3o de filmes na TV aberta<\/strong><\/a><br \/>\n<a href=\"https:\/\/tvnovelas.com.br\/filmes\/filmes-e-series-ineditos-em-estreia-na-semana-na-netflix\/\" target=\"_blank\" rel=\"noopener noreferrer\"><strong>Estreias da semana na Netflix<\/strong><\/a><br \/>\n<a href=\"https:\/\/caetenews.com.br\/semana\/filmes-da-globo-na-sessao-da-tarde-desta-semana\/\" target=\"_blank\" rel=\"noopener\"><strong>Confira os filmes da semana na Sess\u00e3o da Tarde<\/strong><\/a><br \/>\n<a href=\"\/\/tvnovelas.com.br\/filmes\/filmes-em-estreia-nos-cinemas\/\" target=\"_blank\" rel=\"noopener noreferrer\"><strong>Estreias e novidades no Cinema<\/strong><\/a><br \/>\n<a href=\"https:\/\/www.tvnovelas.com.br\/novelas\/\" target=\"_blank\" rel=\"noopener noreferrer\"><strong>Resumos de novelas<\/strong><\/a><\/p>\n","protected":false},"excerpt":{"rendered":"<p>\u2018Um Anjo Caiu do C\u00e9u\u2019, que estreia no Globoplay, conta a hist\u00f3ria do fot\u00f3grafo Jo\u00e3o Medeiros que, ap\u00f3s fotografar por acaso um l\u00edder neonazista..<\/p>\n","protected":false},"author":1,"featured_media":30429,"comment_status":"closed","ping_status":"closed","sticky":false,"template":"","format":"standard","meta":{"_uf_show_specific_survey":0,"_uf_disable_surveys":false,"_jetpack_memberships_contains_paid_content":false,"footnotes":"","_wp_rev_ctl_limit":""},"categories":[286],"tags":[249,64],"class_list":["post-30428","post","type-post","status-publish","format-standard","has-post-thumbnail","hentry","category-globoplay","tag-globoplay","tag-novelas","wpcat-286-id"],"aioseo_notices":[],"jetpack_featured_media_url":"https:\/\/i0.wp.com\/www.tvnovelas.com.br\/tvnews\/wp-content\/uploads\/2022\/08\/33373.jpg?fit=600%2C360&ssl=1","jetpack_shortlink":"https:\/\/wp.me\/pdP2BO-7UM","jetpack_sharing_enabled":true,"_links":{"self":[{"href":"https:\/\/www.tvnovelas.com.br\/tvnews\/wp-json\/wp\/v2\/posts\/30428","targetHints":{"allow":["GET"]}}],"collection":[{"href":"https:\/\/www.tvnovelas.com.br\/tvnews\/wp-json\/wp\/v2\/posts"}],"about":[{"href":"https:\/\/www.tvnovelas.com.br\/tvnews\/wp-json\/wp\/v2\/types\/post"}],"author":[{"embeddable":true,"href":"https:\/\/www.tvnovelas.com.br\/tvnews\/wp-json\/wp\/v2\/users\/1"}],"replies":[{"embeddable":true,"href":"https:\/\/www.tvnovelas.com.br\/tvnews\/wp-json\/wp\/v2\/comments?post=30428"}],"version-history":[{"count":0,"href":"https:\/\/www.tvnovelas.com.br\/tvnews\/wp-json\/wp\/v2\/posts\/30428\/revisions"}],"wp:featuredmedia":[{"embeddable":true,"href":"https:\/\/www.tvnovelas.com.br\/tvnews\/wp-json\/wp\/v2\/media\/30429"}],"wp:attachment":[{"href":"https:\/\/www.tvnovelas.com.br\/tvnews\/wp-json\/wp\/v2\/media?parent=30428"}],"wp:term":[{"taxonomy":"category","embeddable":true,"href":"https:\/\/www.tvnovelas.com.br\/tvnews\/wp-json\/wp\/v2\/categories?post=30428"},{"taxonomy":"post_tag","embeddable":true,"href":"https:\/\/www.tvnovelas.com.br\/tvnews\/wp-json\/wp\/v2\/tags?post=30428"}],"curies":[{"name":"wp","href":"https:\/\/api.w.org\/{rel}","templated":true}]}}