{"id":30679,"date":"2022-08-09T09:35:58","date_gmt":"2022-08-09T12:35:58","guid":{"rendered":"https:\/\/www.tvnovelas.com.br\/tvnews\/?p=30679"},"modified":"2022-08-09T09:35:58","modified_gmt":"2022-08-09T12:35:58","slug":"cara-e-coragem-alfredo-surta-e-sai-de-casa","status":"publish","type":"post","link":"https:\/\/www.tvnovelas.com.br\/tvnews\/cara-e-coragem-alfredo-surta-e-sai-de-casa\/","title":{"rendered":"&#8216;Cara e Coragem&#8217;: Alfredo surta e sai de casa"},"content":{"rendered":"<p><em>Not\u00edcias de Cara e Coragem:<\/em><br \/>\n<img data-recalc-dims=\"1\" decoding=\"async\" class=\"alignnone wp-image-30680 size-full\" title=\"(Foto: TV Globo\/Cara e Coragem)\" src=\"https:\/\/i0.wp.com\/www.tvnovelas.com.br\/tvnews\/wp-content\/uploads\/2022\/08\/33460.jpg?resize=600%2C360&#038;ssl=1\" alt=\"Foto de Pat e Alfredo em Cara e Coragem\" width=\"600\" height=\"360\" \/><br \/>\nPat (Paolla Oliveira) finalmente tomou coragem e disse a Alfredo (Carmo Dalla Vecchia) que queria se separar dele.<\/p>\n<p>Os dois t\u00eam uma conversa tensa, e o ilustrador se nega a ouvir o nome da nova paix\u00e3o da dubl\u00ea, mesmo sabendo que se trata de Moa (Marcelo Serrado).<\/p>\n<p>S\u00e9rio, ele questiona se foi tra\u00eddo:<\/p>\n<p>&#8220;Para, nem continua, n\u00e3o quero saber quem \u00e9. S\u00f3 me diz: voc\u00ea me traiu?&#8221;<\/p>\n<p>Pat nega que tenha havido trai\u00e7\u00e3o, que seria incapaz de fazer isso com ele, e, mais uma vez, tenta dar nome ao seu novo amor, mas&#8230;<\/p>\n<p>&#8220;J\u00e1 disse que n\u00e3o quero saber quem \u00e9 o cara!&#8221;, grita Alfredo, descontrolado.<\/p>\n<p>Sem clima, a conversa \u00e9 adiada para o dia seguinte, e Alfredo toma a decis\u00e3o de sair de casa.<\/p>\n<p>&#8220;Depois de tudo que voc\u00ea me disse, n\u00e3o d\u00e1 pra gente continuar. Eu n\u00e3o posso for\u00e7ar a barra, lutar por um casamento sozinho.&#8221;<\/p>\n<p>&#8220;D\u00f3i saber que eu n\u00e3o te fa\u00e7o mais feliz&#8221;, conforma-se.<br \/>\nAs cenas v\u00e3o ao ar nesta ter\u00e7a, 09 de agosto<br \/>\n<a href=\"https:\/\/www.tvnovelas.com.br\/novelas\/resumos-de-cara-e-coragem\/\">Confira os resumos da semana de Cara e Coragem<\/a><br \/>\n<div class=\"pt-cv-wrapper\"><div class=\"pt-cv-view pt-cv-grid pt-cv-colsys\" id=\"pt-cv-view-02684292u5\"><div data-id=\"pt-cv-page-1\" class=\"pt-cv-page\" data-cvc=\"1\"><div class=\"col-md-12 col-sm-12 col-xs-12 pt-cv-content-item pt-cv-1-col\" ><div class='pt-cv-ifield'><h4 class=\"pt-cv-title\"><a href=\"https:\/\/www.tvnovelas.com.br\/tvnews\/cara-e-coragem-clarice-e-italo-se-casam\/\" class=\"_blank\" target=\"_blank\" >Cara e Coragem: Clarice e \u00cdtalo se casam<\/a><\/h4><\/div><\/div>\n<div class=\"col-md-12 col-sm-12 col-xs-12 pt-cv-content-item pt-cv-1-col\" ><div class='pt-cv-ifield'><h4 class=\"pt-cv-title\"><a href=\"https:\/\/www.tvnovelas.com.br\/tvnews\/cara-e-coragem-danilo-e-regina-pegam-30-anos-de-prisao\/\" class=\"_blank\" target=\"_blank\" >Cara e Coragem: Danilo e Regina pegam 30 anos de pris\u00e3o<\/a><\/h4><\/div><\/div>\n<div class=\"col-md-12 col-sm-12 col-xs-12 pt-cv-content-item pt-cv-1-col\" ><div class='pt-cv-ifield'><h4 class=\"pt-cv-title\"><a href=\"https:\/\/www.tvnovelas.com.br\/tvnews\/cara-e-coragem-danilo-sequestra-sosso-e-chiquinho\/\" class=\"_blank\" target=\"_blank\" >Cara e Coragem: Danilo sequestra Soss\u00f4 e Chiquinho<\/a><\/h4><\/div><\/div>\n<div class=\"col-md-12 col-sm-12 col-xs-12 pt-cv-content-item pt-cv-1-col\" ><div class='pt-cv-ifield'><h4 class=\"pt-cv-title\"><a href=\"https:\/\/www.tvnovelas.com.br\/tvnews\/cara-e-coragem-regina-mata-um-na-casa-dos-gusmao\/\" class=\"_blank\" target=\"_blank\" >Cara e Coragem: Regina mata um na casa dos Gusm\u00e3o<\/a><\/h4><\/div><\/div><\/div><\/div><\/div><br \/>\n<strong style=\"font-size: 120%;\">Saiba mais das novelas:<\/strong><br \/>\n<div class=\"pt-cv-wrapper\"><div class=\"pt-cv-view pt-cv-grid pt-cv-colsys\" id=\"pt-cv-view-90991035b3\"><div data-id=\"pt-cv-page-1\" class=\"pt-cv-page\" data-cvc=\"1\"><div class=\"col-md-12 col-sm-12 col-xs-12 pt-cv-content-item pt-cv-1-col\" ><div class='pt-cv-ifield'><h4 class=\"pt-cv-title\"><a href=\"https:\/\/www.tvnovelas.com.br\/tvnews\/em-a-nobreza-do-amor-na-semana-04-a-09-de-maio\/\" class=\"_self\" target=\"_self\" >Em A Nobreza do Amor na semana 04 a 09 de maio<\/a><\/h4><\/div><\/div>\n<div class=\"col-md-12 col-sm-12 col-xs-12 pt-cv-content-item pt-cv-1-col\" ><div class='pt-cv-ifield'><h4 class=\"pt-cv-title\"><a href=\"https:\/\/www.tvnovelas.com.br\/tvnews\/o-que-acontece-em-tres-gracas-na-semana-04-a-09-de-maio\/\" class=\"_self\" target=\"_self\" >O que acontece em Tr\u00eas Gra\u00e7as na semana 04 a 09 de maio<\/a><\/h4><\/div><\/div>\n<div class=\"col-md-12 col-sm-12 col-xs-12 pt-cv-content-item pt-cv-1-col\" ><div class='pt-cv-ifield'><h4 class=\"pt-cv-title\"><a href=\"https:\/\/www.tvnovelas.com.br\/tvnews\/coracao-de-mae-reha-entra-em-panico-com-a-prisao-de-adnan\/\" class=\"_self\" target=\"_self\" >Cora\u00e7\u00e3o de M\u00e3e: Reha entra em p\u00e2nico com a pris\u00e3o de Adnan<\/a><\/h4><\/div><\/div>\n<div class=\"col-md-12 col-sm-12 col-xs-12 pt-cv-content-item pt-cv-1-col\" ><div class='pt-cv-ifield'><h4 class=\"pt-cv-title\"><a href=\"https:\/\/www.tvnovelas.com.br\/tvnews\/guerra-das-rosas-mert-sequestra-gulru\/\" class=\"_self\" target=\"_self\" >Guerra das Rosas: Mert sequestra Gulru<\/a><\/h4><\/div><\/div>\n<div class=\"col-md-12 col-sm-12 col-xs-12 pt-cv-content-item pt-cv-1-col\" ><div class='pt-cv-ifield'><h4 class=\"pt-cv-title\"><a href=\"https:\/\/www.tvnovelas.com.br\/tvnews\/a-nobreza-do-amor-resistencia-sequestra-noivo-de-kenia-e-o-despacha-de-batanga\/\" class=\"_self\" target=\"_self\" >A Nobreza do Amor: Resist\u00eancia sequestra noivo de K\u00eania e o despacha de Batanga<\/a><\/h4><\/div><\/div>\n<div class=\"col-md-12 col-sm-12 col-xs-12 pt-cv-content-item pt-cv-1-col\" ><div class='pt-cv-ifield'><h4 class=\"pt-cv-title\"><a href=\"https:\/\/www.tvnovelas.com.br\/tvnews\/tres-gracas-joelly-e-gerluce-descobrem-que-filha-de-lena-e-a-bebe-roubada\/\" class=\"_self\" target=\"_self\" >Tr\u00eas Gra\u00e7as: Jo\u00e9lly e Gerluce descobrem que filha de Lena \u00e9 a beb\u00ea roubada<\/a><\/h4><\/div><\/div>\n<div class=\"col-md-12 col-sm-12 col-xs-12 pt-cv-content-item pt-cv-1-col\" ><div class='pt-cv-ifield'><h4 class=\"pt-cv-title\"><a href=\"https:\/\/www.tvnovelas.com.br\/tvnews\/em-coracao-de-mae-nos-proximos-capitulos-04-a-08-5\/\" class=\"_self\" target=\"_self\" >Em Cora\u00e7\u00e3o de M\u00e3e nos pr\u00f3ximos cap\u00edtulos (04 a 08\/5)<\/a><\/h4><\/div><\/div>\n<div class=\"col-md-12 col-sm-12 col-xs-12 pt-cv-content-item pt-cv-1-col\" ><div class='pt-cv-ifield'><h4 class=\"pt-cv-title\"><a href=\"https:\/\/www.tvnovelas.com.br\/tvnews\/coracao-de-mae-hasan-e-filiz-em-piquenique-romantico\/\" class=\"_self\" target=\"_self\" >Cora\u00e7\u00e3o de M\u00e3e: Hasan e Filiz em piquenique rom\u00e2ntico<\/a><\/h4><\/div><\/div>\n<div class=\"col-md-12 col-sm-12 col-xs-12 pt-cv-content-item pt-cv-1-col\" ><div class='pt-cv-ifield'><h4 class=\"pt-cv-title\"><a href=\"https:\/\/www.tvnovelas.com.br\/tvnews\/guerra-das-rosas-cihan-vibra-com-desistencia-de-gulru-de-casar-com-mert\/\" class=\"_self\" target=\"_self\" >Guerra das Rosas: Cihan vibra com desist\u00eancia de Gulru de casar com Mert<\/a><\/h4><\/div><\/div>\n<div class=\"col-md-12 col-sm-12 col-xs-12 pt-cv-content-item pt-cv-1-col\" ><div class='pt-cv-ifield'><h4 class=\"pt-cv-title\"><a href=\"https:\/\/www.tvnovelas.com.br\/tvnews\/coracao-de-mae-irmak-denuncia-adnan\/\" class=\"_self\" target=\"_self\" >Cora\u00e7\u00e3o de M\u00e3e: Irmak denuncia Adnan<\/a><\/h4><\/div><\/div><\/div><\/div><\/div><br \/>\n<a href=\"https:\/\/www.tvnovelas.com.br\/novelas\/\"><strong>Confira os resumos da semana de todas novelas<\/strong><\/a><br \/>\n<a href=\"http:\/\/tvnovelas.com.br\/filmes\" target=\"_blank\" rel=\"noopener\">Veja tamb\u00e9m: Todas as telas: filmes e s\u00e9ries nos streamings<\/a><\/p>\n<h3>Confira tamb\u00e9m<\/h3>\n<p><a href=\"https:\/\/www.tvnovelas.com.br\/filmes\/\" target=\"_blank\" rel=\"noopener noreferrer\"><strong>Programa\u00e7\u00e3o de filmes na TV aberta<\/strong><\/a><br \/>\n<a href=\"https:\/\/tvnovelas.com.br\/filmes\/filmes-e-series-ineditos-em-estreia-na-semana-na-netflix\/\" target=\"_blank\" rel=\"noopener noreferrer\"><strong>Estreias da semana na Netflix<\/strong><\/a><br \/>\n<a href=\"https:\/\/caetenews.com.br\/semana\/filmes-da-globo-na-sessao-da-tarde-desta-semana\/\" target=\"_blank\" rel=\"noopener\"><strong>Confira os filmes da semana na Sess\u00e3o da Tarde<\/strong><\/a><br \/>\n<a href=\"\/\/tvnovelas.com.br\/filmes\/filmes-em-estreia-nos-cinemas\/\" target=\"_blank\" rel=\"noopener noreferrer\"><strong>Estreias e novidades no Cinema<\/strong><\/a><br \/>\n<a href=\"https:\/\/www.tvnovelas.com.br\/novelas\/\" target=\"_blank\" rel=\"noopener noreferrer\"><strong>Resumos de novelas<\/strong><\/a><\/p>\n","protected":false},"excerpt":{"rendered":"<p>Em Cara e Coragem, Pat (Paolla Oliveira) finalmente tomou coragem e disse a Alfredo (Carmo Dalla Vecchia) que queria se separar dele&#8230;<\/p>\n","protected":false},"author":1,"featured_media":30680,"comment_status":"closed","ping_status":"closed","sticky":false,"template":"","format":"standard","meta":{"_uf_show_specific_survey":0,"_uf_disable_surveys":false,"_jetpack_memberships_contains_paid_content":false,"footnotes":"","_wp_rev_ctl_limit":""},"categories":[314],"tags":[315,5,64],"class_list":["post-30679","post","type-post","status-publish","format-standard","has-post-thumbnail","hentry","category-cara-e-coragem","tag-cara-e-coragem","tag-globo","tag-novelas","wpcat-314-id"],"aioseo_notices":[],"jetpack_featured_media_url":"https:\/\/i0.wp.com\/www.tvnovelas.com.br\/tvnews\/wp-content\/uploads\/2022\/08\/33460.jpg?fit=600%2C360&ssl=1","jetpack_shortlink":"https:\/\/wp.me\/pdP2BO-7YP","jetpack_sharing_enabled":true,"_links":{"self":[{"href":"https:\/\/www.tvnovelas.com.br\/tvnews\/wp-json\/wp\/v2\/posts\/30679","targetHints":{"allow":["GET"]}}],"collection":[{"href":"https:\/\/www.tvnovelas.com.br\/tvnews\/wp-json\/wp\/v2\/posts"}],"about":[{"href":"https:\/\/www.tvnovelas.com.br\/tvnews\/wp-json\/wp\/v2\/types\/post"}],"author":[{"embeddable":true,"href":"https:\/\/www.tvnovelas.com.br\/tvnews\/wp-json\/wp\/v2\/users\/1"}],"replies":[{"embeddable":true,"href":"https:\/\/www.tvnovelas.com.br\/tvnews\/wp-json\/wp\/v2\/comments?post=30679"}],"version-history":[{"count":0,"href":"https:\/\/www.tvnovelas.com.br\/tvnews\/wp-json\/wp\/v2\/posts\/30679\/revisions"}],"wp:featuredmedia":[{"embeddable":true,"href":"https:\/\/www.tvnovelas.com.br\/tvnews\/wp-json\/wp\/v2\/media\/30680"}],"wp:attachment":[{"href":"https:\/\/www.tvnovelas.com.br\/tvnews\/wp-json\/wp\/v2\/media?parent=30679"}],"wp:term":[{"taxonomy":"category","embeddable":true,"href":"https:\/\/www.tvnovelas.com.br\/tvnews\/wp-json\/wp\/v2\/categories?post=30679"},{"taxonomy":"post_tag","embeddable":true,"href":"https:\/\/www.tvnovelas.com.br\/tvnews\/wp-json\/wp\/v2\/tags?post=30679"}],"curies":[{"name":"wp","href":"https:\/\/api.w.org\/{rel}","templated":true}]}}