{"id":30791,"date":"2022-08-12T08:57:23","date_gmt":"2022-08-12T11:57:23","guid":{"rendered":"https:\/\/www.tvnovelas.com.br\/tvnews\/?p=30791"},"modified":"2022-08-12T08:57:23","modified_gmt":"2022-08-12T11:57:23","slug":"alem-da-ilusao-matias-confessa-crime-para-isadora-vestida-de-elisa","status":"publish","type":"post","link":"https:\/\/www.tvnovelas.com.br\/tvnews\/alem-da-ilusao-matias-confessa-crime-para-isadora-vestida-de-elisa\/","title":{"rendered":"Al\u00e9m da Ilus\u00e3o: Matias confessa crime para Isadora vestida de Elisa"},"content":{"rendered":"<p><em>Not\u00edcias de Al\u00e9m da Ilus\u00e3o:<\/em><br \/>\n<img data-recalc-dims=\"1\" decoding=\"async\" class=\"alignnone wp-image-30792 size-full\" title=\"(Foto: TV Globo\/Al\u00e9m da Ilus\u00e3o)\" src=\"https:\/\/i0.wp.com\/www.tvnovelas.com.br\/tvnews\/wp-content\/uploads\/2022\/08\/33493.jpg?resize=600%2C360&#038;ssl=1\" alt=\"Foto de cena em Al\u00e9m da Ilus\u00e3o\" width=\"600\" height=\"360\" \/><br \/>\nElisa est\u00e1 de volta &#8211; pelo menos, \u00e9 isso que Matias (Antonio Calloni) ir\u00e1 pensar. Vestida como a irm\u00e3, Isadora (Larissa Manoela) pedir\u00e1 que o pai confesse o assassinato de Elisa.<\/p>\n<p>\u201cEu atirei&#8230; Mas n\u00e3o era pra te acertar, meu amor. A bala era pro maldito m\u00e1gico. Foi o meu joelho, o meu joelho que falhou\u201d, chorar\u00e1 Matias.<\/p>\n<p>O ex-juiz continuar\u00e1 dando detalhes sobre o assassinato da filha, sob os olhares de Violeta (Malu Galli) e Salvador (Jorge Lucas). Isadora ent\u00e3o pedir\u00e1 para que o pai confesse o crime para a pol\u00edcia e pe\u00e7a perd\u00e3o a Davi (Rafael Vitti).<\/p>\n<p>\u201cEu conto tudo pra pol\u00edcia se voc\u00ea me perdoar por ter tirado sua vida. Me perdoa, Elisa?\u201d, prometer\u00e1 Matias.<\/p>\n<p>Escondido, Davi ir\u00e1 comemorar a confiss\u00e3o de Matias. Mexida com toda a situa\u00e7\u00e3o, Isadora ir\u00e1 chorar no colo da m\u00e3e. E Violeta far\u00e1 um acerto de contas com o marido assim que todos estiverem na fazenda.<\/p>\n<p>\u201cSabendo que tirou a vida da nossa filha e acusou um inocente, quando ainda tinha pela consci\u00eancia do que estava fazendo&#8230; Isso eu n\u00e3o consigo entender, Matias. Nem perdoar\u201d, dir\u00e1 Violeta.<\/p>\n<p>Ap\u00f3s conversar com Violeta, Matias procurar\u00e1 por Isadora. O ex-juiz dir\u00e1 que nunca foi capaz de dar amor para a filha. Isadora concordar\u00e1 e perguntar\u00e1 se ele faria algo diferente se pudesse voltar no tempo.<\/p>\n<p>\u201cTalvez eu tivesse sido um pai melhor pras minhas filhas&#8230; Isadora, Elisa me disse que quando eu sentisse saudade, era pra te dar um abra\u00e7o, que ela estaria entre n\u00f3s. Posso?\u201d, perguntar\u00e1 Matias, que dar\u00e1 um abra\u00e7o em Isadora.<\/p>\n<p>No dia seguinte, Matias agradecer\u00e1 \u00e0 amizade de Le\u00f4nidas (Eriberto Le\u00e3o) e ir\u00e1 \u00e0 delegacia. O ex-juiz confessar\u00e1 a Salvador que foi ele quem matou Elisa e pedir\u00e1 que o m\u00e1gico seja liberado. Ao saber que Davi est\u00e1 preso, Matias tamb\u00e9m pedir\u00e1 para falar com o namorado da filha.<\/p>\n<p>\u201cPrecisamos ter uma conversa\u201d, dir\u00e1 Matias para Davi.<br \/>\nAs cenas v\u00e3o ao ar nesta sexta-feira, dia 12<br \/>\n<a href=\"https:\/\/www.tvnovelas.com.br\/novelas\/resumos-de-alem-da-ilusao\/\">Confira os resumos dos cap\u00edtulos finais de &#8216;Al\u00e9m da Ilus\u00e3o&#8217;<\/a><br \/>\n<div class=\"pt-cv-wrapper\"><div class=\"pt-cv-view pt-cv-grid pt-cv-colsys\" id=\"pt-cv-view-9bdedf6aiq\"><div data-id=\"pt-cv-page-1\" class=\"pt-cv-page\" data-cvc=\"1\"><div class=\"col-md-12 col-sm-12 col-xs-12 pt-cv-content-item pt-cv-1-col\" ><div class='pt-cv-ifield'><h4 class=\"pt-cv-title\"><a href=\"https:\/\/www.tvnovelas.com.br\/tvnews\/cara-e-coragem-andrea-arma-encontro-entre-romulo-e-pat\/\" class=\"_self\" target=\"_self\" >Cara e Coragem: Andr\u00e9a arma encontro entre R\u00f4mulo e Pat<\/a><\/h4><\/div><\/div>\n<div class=\"col-md-12 col-sm-12 col-xs-12 pt-cv-content-item pt-cv-1-col\" ><div class='pt-cv-ifield'><h4 class=\"pt-cv-title\"><a href=\"https:\/\/www.tvnovelas.com.br\/tvnews\/alem-da-ilusao-joaquim-entrega-ursula-para-a-policia\/\" class=\"_self\" target=\"_self\" >\u2018Al\u00e9m da Ilus\u00e3o\u2019: Joaquim entrega \u00darsula para a Pol\u00edcia<\/a><\/h4><\/div><\/div>\n<div class=\"col-md-12 col-sm-12 col-xs-12 pt-cv-content-item pt-cv-1-col\" ><div class='pt-cv-ifield'><h4 class=\"pt-cv-title\"><a href=\"https:\/\/www.tvnovelas.com.br\/tvnews\/alem-da-ilusao-davi-e-considerado-inocente-da-morte-de-elisa\/\" class=\"_self\" target=\"_self\" >Al\u00e9m da Ilus\u00e3o: Davi \u00e9 considerado inocente da morte de Elisa<\/a><\/h4><\/div><\/div>\n<div class=\"col-md-12 col-sm-12 col-xs-12 pt-cv-content-item pt-cv-1-col\" ><div class='pt-cv-ifield'><h4 class=\"pt-cv-title\"><a href=\"https:\/\/www.tvnovelas.com.br\/tvnews\/alem-da-ilusao-perito-mostra-arma-que-matou-elisa-e-inocenta-davi\/\" class=\"_self\" target=\"_self\" >\u2018Al\u00e9m da Ilus\u00e3o\u2019: perito mostra arma que matou Elisa e inocenta Davi<\/a><\/h4><\/div><\/div><\/div><\/div><\/div><br \/>\n<strong style=\"font-size: 120%;\">Saiba mais das novelas:<\/strong><br \/>\n<div class=\"pt-cv-wrapper\"><div class=\"pt-cv-view pt-cv-grid pt-cv-colsys\" id=\"pt-cv-view-90991035b3\"><div data-id=\"pt-cv-page-1\" class=\"pt-cv-page\" data-cvc=\"1\"><div class=\"col-md-12 col-sm-12 col-xs-12 pt-cv-content-item pt-cv-1-col\" ><div class='pt-cv-ifield'><h4 class=\"pt-cv-title\"><a href=\"https:\/\/www.tvnovelas.com.br\/tvnews\/o-que-acontece-em-tres-gracas-na-semana-04-a-09-de-maio\/\" class=\"_self\" target=\"_self\" >O que acontece em Tr\u00eas Gra\u00e7as na semana 04 a 09 de maio<\/a><\/h4><\/div><\/div>\n<div class=\"col-md-12 col-sm-12 col-xs-12 pt-cv-content-item pt-cv-1-col\" ><div class='pt-cv-ifield'><h4 class=\"pt-cv-title\"><a href=\"https:\/\/www.tvnovelas.com.br\/tvnews\/coracao-de-mae-reha-entra-em-panico-com-a-prisao-de-adnan\/\" class=\"_self\" target=\"_self\" >Cora\u00e7\u00e3o de M\u00e3e: Reha entra em p\u00e2nico com a pris\u00e3o de Adnan<\/a><\/h4><\/div><\/div>\n<div class=\"col-md-12 col-sm-12 col-xs-12 pt-cv-content-item pt-cv-1-col\" ><div class='pt-cv-ifield'><h4 class=\"pt-cv-title\"><a href=\"https:\/\/www.tvnovelas.com.br\/tvnews\/guerra-das-rosas-mert-sequestra-gulru\/\" class=\"_self\" target=\"_self\" >Guerra das Rosas: Mert sequestra Gulru<\/a><\/h4><\/div><\/div>\n<div class=\"col-md-12 col-sm-12 col-xs-12 pt-cv-content-item pt-cv-1-col\" ><div class='pt-cv-ifield'><h4 class=\"pt-cv-title\"><a href=\"https:\/\/www.tvnovelas.com.br\/tvnews\/a-nobreza-do-amor-resistencia-sequestra-noivo-de-kenia-e-o-despacha-de-batanga\/\" class=\"_self\" target=\"_self\" >A Nobreza do Amor: Resist\u00eancia sequestra noivo de K\u00eania e o despacha de Batanga<\/a><\/h4><\/div><\/div>\n<div class=\"col-md-12 col-sm-12 col-xs-12 pt-cv-content-item pt-cv-1-col\" ><div class='pt-cv-ifield'><h4 class=\"pt-cv-title\"><a href=\"https:\/\/www.tvnovelas.com.br\/tvnews\/tres-gracas-joelly-e-gerluce-descobrem-que-filha-de-lena-e-a-bebe-roubada\/\" class=\"_self\" target=\"_self\" >Tr\u00eas Gra\u00e7as: Jo\u00e9lly e Gerluce descobrem que filha de Lena \u00e9 a beb\u00ea roubada<\/a><\/h4><\/div><\/div>\n<div class=\"col-md-12 col-sm-12 col-xs-12 pt-cv-content-item pt-cv-1-col\" ><div class='pt-cv-ifield'><h4 class=\"pt-cv-title\"><a href=\"https:\/\/www.tvnovelas.com.br\/tvnews\/em-coracao-de-mae-nos-proximos-capitulos-04-a-08-5\/\" class=\"_self\" target=\"_self\" >Em Cora\u00e7\u00e3o de M\u00e3e nos pr\u00f3ximos cap\u00edtulos (04 a 08\/5)<\/a><\/h4><\/div><\/div>\n<div class=\"col-md-12 col-sm-12 col-xs-12 pt-cv-content-item pt-cv-1-col\" ><div class='pt-cv-ifield'><h4 class=\"pt-cv-title\"><a href=\"https:\/\/www.tvnovelas.com.br\/tvnews\/coracao-de-mae-hasan-e-filiz-em-piquenique-romantico\/\" class=\"_self\" target=\"_self\" >Cora\u00e7\u00e3o de M\u00e3e: Hasan e Filiz em piquenique rom\u00e2ntico<\/a><\/h4><\/div><\/div>\n<div class=\"col-md-12 col-sm-12 col-xs-12 pt-cv-content-item pt-cv-1-col\" ><div class='pt-cv-ifield'><h4 class=\"pt-cv-title\"><a href=\"https:\/\/www.tvnovelas.com.br\/tvnews\/guerra-das-rosas-cihan-vibra-com-desistencia-de-gulru-de-casar-com-mert\/\" class=\"_self\" target=\"_self\" >Guerra das Rosas: Cihan vibra com desist\u00eancia de Gulru de casar com Mert<\/a><\/h4><\/div><\/div>\n<div class=\"col-md-12 col-sm-12 col-xs-12 pt-cv-content-item pt-cv-1-col\" ><div class='pt-cv-ifield'><h4 class=\"pt-cv-title\"><a href=\"https:\/\/www.tvnovelas.com.br\/tvnews\/coracao-de-mae-irmak-denuncia-adnan\/\" class=\"_self\" target=\"_self\" >Cora\u00e7\u00e3o de M\u00e3e: Irmak denuncia Adnan<\/a><\/h4><\/div><\/div>\n<div class=\"col-md-12 col-sm-12 col-xs-12 pt-cv-content-item pt-cv-1-col\" ><div class='pt-cv-ifield'><h4 class=\"pt-cv-title\"><a href=\"https:\/\/www.tvnovelas.com.br\/tvnews\/a-nobreza-do-amor-mirinho-e-obrigado-a-resgatar-tonho\/\" class=\"_self\" target=\"_self\" >A Nobreza do Amor: Mirinho \u00e9 obrigado a resgatar Tonho<\/a><\/h4><\/div><\/div><\/div><\/div><\/div><br \/>\n<a href=\"https:\/\/www.tvnovelas.com.br\/novelas\/\"><strong>Confira os resumos da semana de todas novelas<\/strong><\/a><br \/>\n<a href=\"http:\/\/tvnovelas.com.br\/filmes\" target=\"_blank\" rel=\"noopener\">Veja tamb\u00e9m: Todas as telas: filmes e s\u00e9ries nos streamings<\/a><\/p>\n<h3>Confira tamb\u00e9m<\/h3>\n<p><a href=\"https:\/\/www.tvnovelas.com.br\/filmes\/\" target=\"_blank\" rel=\"noopener noreferrer\"><strong>Programa\u00e7\u00e3o de filmes na TV aberta<\/strong><\/a><br \/>\n<a href=\"https:\/\/tvnovelas.com.br\/filmes\/filmes-e-series-ineditos-em-estreia-na-semana-na-netflix\/\" target=\"_blank\" rel=\"noopener noreferrer\"><strong>Estreias da semana na Netflix<\/strong><\/a><br \/>\n<a href=\"https:\/\/caetenews.com.br\/semana\/filmes-da-globo-na-sessao-da-tarde-desta-semana\/\" target=\"_blank\" rel=\"noopener\"><strong>Confira os filmes da semana na Sess\u00e3o da Tarde<\/strong><\/a><br \/>\n<a href=\"\/\/tvnovelas.com.br\/filmes\/filmes-em-estreia-nos-cinemas\/\" target=\"_blank\" rel=\"noopener noreferrer\"><strong>Estreias e novidades no Cinema<\/strong><\/a><br \/>\n<a href=\"https:\/\/www.tvnovelas.com.br\/novelas\/\" target=\"_blank\" rel=\"noopener noreferrer\"><strong>Resumos de novelas<\/strong><\/a><\/p>\n","protected":false},"excerpt":{"rendered":"<p>Em Al\u00e9m da Ilus\u00e3o,  Elisa est\u00e1 de volta &#8211; pelo menos, \u00e9 isso que Matias (Antonio Calloni) ir\u00e1 pensar. Vestida como a irm\u00e3, Isadora (Larissa&#8230;<\/p>\n","protected":false},"author":1,"featured_media":30792,"comment_status":"closed","ping_status":"closed","sticky":false,"template":"","format":"standard","meta":{"_uf_show_specific_survey":0,"_uf_disable_surveys":false,"_jetpack_memberships_contains_paid_content":false,"footnotes":"","_wp_rev_ctl_limit":""},"categories":[306],"tags":[307,5,64],"class_list":["post-30791","post","type-post","status-publish","format-standard","has-post-thumbnail","hentry","category-alem-da-ilusao","tag-alem-da-ilusao","tag-globo","tag-novelas","wpcat-306-id"],"aioseo_notices":[],"jetpack_featured_media_url":"https:\/\/i0.wp.com\/www.tvnovelas.com.br\/tvnews\/wp-content\/uploads\/2022\/08\/33493.jpg?fit=600%2C360&ssl=1","jetpack_shortlink":"https:\/\/wp.me\/pdP2BO-80D","jetpack_sharing_enabled":true,"_links":{"self":[{"href":"https:\/\/www.tvnovelas.com.br\/tvnews\/wp-json\/wp\/v2\/posts\/30791","targetHints":{"allow":["GET"]}}],"collection":[{"href":"https:\/\/www.tvnovelas.com.br\/tvnews\/wp-json\/wp\/v2\/posts"}],"about":[{"href":"https:\/\/www.tvnovelas.com.br\/tvnews\/wp-json\/wp\/v2\/types\/post"}],"author":[{"embeddable":true,"href":"https:\/\/www.tvnovelas.com.br\/tvnews\/wp-json\/wp\/v2\/users\/1"}],"replies":[{"embeddable":true,"href":"https:\/\/www.tvnovelas.com.br\/tvnews\/wp-json\/wp\/v2\/comments?post=30791"}],"version-history":[{"count":0,"href":"https:\/\/www.tvnovelas.com.br\/tvnews\/wp-json\/wp\/v2\/posts\/30791\/revisions"}],"wp:featuredmedia":[{"embeddable":true,"href":"https:\/\/www.tvnovelas.com.br\/tvnews\/wp-json\/wp\/v2\/media\/30792"}],"wp:attachment":[{"href":"https:\/\/www.tvnovelas.com.br\/tvnews\/wp-json\/wp\/v2\/media?parent=30791"}],"wp:term":[{"taxonomy":"category","embeddable":true,"href":"https:\/\/www.tvnovelas.com.br\/tvnews\/wp-json\/wp\/v2\/categories?post=30791"},{"taxonomy":"post_tag","embeddable":true,"href":"https:\/\/www.tvnovelas.com.br\/tvnews\/wp-json\/wp\/v2\/tags?post=30791"}],"curies":[{"name":"wp","href":"https:\/\/api.w.org\/{rel}","templated":true}]}}