{"id":30864,"date":"2022-08-13T17:32:49","date_gmt":"2022-08-13T20:32:49","guid":{"rendered":"https:\/\/www.tvnovelas.com.br\/tvnews\/?p=30864"},"modified":"2022-08-13T18:04:20","modified_gmt":"2022-08-13T21:04:20","slug":"novelas-classicas-que-chegam-ao-globoplay-em-agosto","status":"publish","type":"post","link":"https:\/\/www.tvnovelas.com.br\/tvnews\/novelas-classicas-que-chegam-ao-globoplay-em-agosto\/","title":{"rendered":"Novelas cl\u00e1ssicas que chegam  ao Globoplay em agosto"},"content":{"rendered":"<p>Para os amantes da dramaturgia brasileira, agosto traz grandes sucessos no Globoplay. \u2018Um Anjo Caiu do C\u00e9u\u2019, \u2018P\u00e1ginas da Vida\u2019 e \u2018Bel\u00edssima\u2019 chegam ao Globoplay como parte do projeto de resgate dos cl\u00e1ssicos da dramaturgia. Em \u2018Um Anjo Caiu do C\u00e9u\u2019, Jo\u00e3o Medeiros (Tarc\u00edsio Meira) \u00e9 um fot\u00f3grafo famoso que j\u00e1 percorreu o mundo em prol das causas humanit\u00e1rias. Quando chega em Praga, na Rep\u00fablica Tcheca, para mais uma das suas exposi\u00e7\u00f5es, sofre um atentado que o deixa \u00e0 beira da morte por fotografar o l\u00edder neonazista Eric Brunner (Jan Ponan). Sua vida \u00e9 salva pelo anjo Rafael (Caio Blat), que lhe d\u00e1 mais seis meses de vida para resolver os problemas familiares.<\/p>\n<h2>Um Anjo Caiu do C\u00e9u<\/h2>\n<p><figure id=\"attachment_30429\" aria-describedby=\"caption-attachment-30429\" style=\"width: 600px\" class=\"wp-caption alignnone\"><img data-recalc-dims=\"1\" decoding=\"async\" class=\"size-full wp-image-30429\" src=\"https:\/\/i0.wp.com\/www.tvnovelas.com.br\/tvnews\/wp-content\/uploads\/2022\/08\/33373.jpg?resize=600%2C360&#038;ssl=1\" alt=\"Foto de Um Anjo Caiu do C\u00e9u, que est\u00e1 estreando no Globoplay\" width=\"600\" height=\"360\" \/><figcaption id=\"caption-attachment-30429\" class=\"wp-caption-text\">Anjo Rafael (Caio Blat) e Cuca ( D\u00e9bora Falabella), em Um Anjo Caiu do C\u00e9u<\/figcaption><\/figure><br \/>\n<strong>Estreia em 1\u00ba de agosto<\/strong><br \/>\nAno de produ\u00e7\u00e3o: 2001<br \/>\nElenco: Caio Blat, Tarc\u00edsio Meira, Renata Sorrah, Christiane Torloni, Jos\u00e9 Wilker<br \/>\nAcostumado a viajar pelo mundo, o fot\u00f3grafo Jo\u00e3o nunca teve muito tempo para a fam\u00edlia. Em Praga, ele \u00e9 salvo da morte por um anjo. A partir da\u00ed, descobre que tem uma chance de consertar os erros do passado.<br \/>\nExibida pela TV Globo em 2001, a trama, escrita por Ant\u00f4nio Calmon e dirigida por Amora Mautner, Dennis Carvalho e Jos\u00e9 Luiz Villamarim, tem como protagonistas os personagens Jo\u00e3o Medeiros, vivido por Tarc\u00edsio Meira, e o anjo Rafael, interpretado por Caio Blat.<\/p>\n<p>Acostumado a viajar pelo mundo, o fot\u00f3grafo Jo\u00e3o nunca teve muito tempo para a fam\u00edlia. Em Praga, ele \u00e9 salvo da morte por um anjo. A partir da\u00ed, descobre que tem uma chance de consertar os erros do passado.<br \/>\n<a href=\"https:\/\/www.tvnovelas.com.br\/tvnews\/um-anjo-caiu-do-ceu-chega-ao-globoplay-nesta-segunda-1o-de-agosto\/\" rel=\"noopener\" target=\"_blank\"><strong>Para ler mais&#8230;<\/strong><\/a><\/p>\n<h2>P\u00e1ginas da Vida<\/h2>\n<p><figure id=\"attachment_30866\" aria-describedby=\"caption-attachment-30866\" style=\"width: 600px\" class=\"wp-caption alignnone\"><img data-recalc-dims=\"1\" decoding=\"async\" class=\"wp-image-30866 size-medium\" title=\"(Foto: TV Globo\/P\u00e1ginas da Vida)\" src=\"https:\/\/i0.wp.com\/www.tvnovelas.com.br\/tvnews\/wp-content\/uploads\/2022\/08\/33517-600x400.jpg?resize=600%2C400&#038;ssl=1\" alt=\"Foto de Regina Duarte e Joana Morcazedl em P\u00e1ginas da Vida\" width=\"600\" height=\"400\" \/><figcaption id=\"caption-attachment-30866\" class=\"wp-caption-text\">Regina Duarte e Joana Morcazel em P\u00e1ginas da Vida<\/figcaption><\/figure><br \/>\n<strong>Estreia em 15 de agosto<\/strong><br \/>\nAno de produ\u00e7\u00e3o: 2006<br \/>\nElenco: Regina Duarte, Fernanda Vasconcellos, L\u00edlia Cabral Marcos Caruso, Ana Paula Ar\u00f3sio<br \/>\nSinopse: P\u00e1ginas da Vidas faz um retrato do cotidiano, tendo como eixo central a discuss\u00e3o sobre a S\u00edndrome de Down e os preconceitos da sociedade contra a defici\u00eancia.<\/p>\n<p>P\u00e1ginas da Vida trata basicamente do ser humano e seus conflitos, tarefa, ali\u00e1s, que \u00e9 uma das verdadeiras marcas registradas do autor. A vida exatamente como ela \u00e9, vivida por gente como a gente, que sonha, que ama, que sente, que chora e que ri. O cotidiano de uma cidade, suas alegrias, mazelas e esperan\u00e7as, concentradas no microcosmo de sempre: o bairro carioca do Leblon. A fic\u00e7\u00e3o e a realidade temperadas em doses justas por esse verdadeiro investigador da alma humana.<br \/>\n<a href=\"https:\/\/tvnovelas.com.br\/page2\/arquivo\/paginas-da-vida\/\" rel=\"noopener\" target=\"_blank\"><strong>P\u00e1ginas da Vida: Uma odiss\u00e9ia no mundo real: sinopse e os principais personagens<\/strong><\/a><\/p>\n<h2>Bel\u00edssima<\/h2>\n<p><figure id=\"attachment_30865\" aria-describedby=\"caption-attachment-30865\" style=\"width: 600px\" class=\"wp-caption alignnone\"><img data-recalc-dims=\"1\" decoding=\"async\" class=\"wp-image-30865 size-full\" title=\"(Foto: TV Globo\/Bel\u00edssima)\" src=\"https:\/\/i0.wp.com\/www.tvnovelas.com.br\/tvnews\/wp-content\/uploads\/2022\/08\/33516.jpg?resize=600%2C384&#038;ssl=1\" alt=\"Foto de Gl\u00f3ria Pires e Tony Ramos em Bel\u00edssima\" width=\"600\" height=\"384\" \/><figcaption id=\"caption-attachment-30865\" class=\"wp-caption-text\">Gl\u00f3ria Pires e Tony Ramos, protagonizaram Bel\u00edssima<\/figcaption><\/figure><br \/>\nAno de produ\u00e7\u00e3o: 2006<br \/>\nEscrita por: Silvio de Abreu<br \/>\nDire\u00e7\u00e3o: Denise Saraceni, Carlos Ara\u00fajo, Luiz Henrique Rios, Flavia Lacerda e Gustavo Fernandes<br \/>\n<strong>Estreia em 22 de agosto<\/strong><br \/>\nSinopse: Bia Falc\u00e3o \u00e9 uma grande vil\u00e3 em uma sociedade regida pela apar\u00eancia e obcecada por beleza e sucesso. A novela ainda revela as maravilhas das Ilhas Gregas.<br \/>\nA novela aborda o universo da beleza e da obriga\u00e7\u00e3o de colocar a apar\u00eancia \u00e0 frente de tudo. A trama conta a hist\u00f3ria da fam\u00edlia de J\u00falia Assump\u00e7\u00e3o (Gloria Pires), a dona da luxuosa marca de lingeries Bel\u00edssima, em S\u00e3o Paulo. Enquanto tenta se libertar da sombra da deslumbrante m\u00e3e, Stella, a discreta empres\u00e1ria vai precisar de muita ajuda para lutar contra seus medos e viver um grande amor.<br \/>\n<a href=\"https:\/\/tvnovelas.com.br\/page2\/arquivo\/belissima-a-obsessao-pelo-poder\/\" rel=\"noopener\" target=\"_blank\"><strong>Bel\u00edssima: a obsess\u00e3o pelo poder &#8211; Sinopse da novela<\/strong><\/a><\/p>\n","protected":false},"excerpt":{"rendered":"<p>Um Anjo Caiu do C\u00e9u ,P\u00e1ginas da Vida  e Bel\u00edssima s\u00e3o os cl\u00e1ssicos da dramaturgia da Globo que chegam ao Globoplay neste m\u00eas de agosto<\/p>\n","protected":false},"author":1,"featured_media":30866,"comment_status":"closed","ping_status":"closed","sticky":false,"template":"","format":"standard","meta":{"_uf_show_specific_survey":0,"_uf_disable_surveys":false,"_jetpack_memberships_contains_paid_content":false,"footnotes":"","_wp_rev_ctl_limit":""},"categories":[286],"tags":[5,249,64],"class_list":["post-30864","post","type-post","status-publish","format-standard","has-post-thumbnail","hentry","category-globoplay","tag-globo","tag-globoplay","tag-novelas","wpcat-286-id"],"aioseo_notices":[],"jetpack_featured_media_url":"https:\/\/i0.wp.com\/www.tvnovelas.com.br\/tvnews\/wp-content\/uploads\/2022\/08\/33517.jpg?fit=600%2C400&ssl=1","jetpack_shortlink":"https:\/\/wp.me\/pdP2BO-81O","jetpack_sharing_enabled":true,"_links":{"self":[{"href":"https:\/\/www.tvnovelas.com.br\/tvnews\/wp-json\/wp\/v2\/posts\/30864","targetHints":{"allow":["GET"]}}],"collection":[{"href":"https:\/\/www.tvnovelas.com.br\/tvnews\/wp-json\/wp\/v2\/posts"}],"about":[{"href":"https:\/\/www.tvnovelas.com.br\/tvnews\/wp-json\/wp\/v2\/types\/post"}],"author":[{"embeddable":true,"href":"https:\/\/www.tvnovelas.com.br\/tvnews\/wp-json\/wp\/v2\/users\/1"}],"replies":[{"embeddable":true,"href":"https:\/\/www.tvnovelas.com.br\/tvnews\/wp-json\/wp\/v2\/comments?post=30864"}],"version-history":[{"count":0,"href":"https:\/\/www.tvnovelas.com.br\/tvnews\/wp-json\/wp\/v2\/posts\/30864\/revisions"}],"wp:featuredmedia":[{"embeddable":true,"href":"https:\/\/www.tvnovelas.com.br\/tvnews\/wp-json\/wp\/v2\/media\/30866"}],"wp:attachment":[{"href":"https:\/\/www.tvnovelas.com.br\/tvnews\/wp-json\/wp\/v2\/media?parent=30864"}],"wp:term":[{"taxonomy":"category","embeddable":true,"href":"https:\/\/www.tvnovelas.com.br\/tvnews\/wp-json\/wp\/v2\/categories?post=30864"},{"taxonomy":"post_tag","embeddable":true,"href":"https:\/\/www.tvnovelas.com.br\/tvnews\/wp-json\/wp\/v2\/tags?post=30864"}],"curies":[{"name":"wp","href":"https:\/\/api.w.org\/{rel}","templated":true}]}}