{"id":30927,"date":"2022-08-15T15:06:25","date_gmt":"2022-08-15T18:06:25","guid":{"rendered":"https:\/\/www.tvnovelas.com.br\/tvnews\/?p=30927"},"modified":"2022-08-15T15:06:25","modified_gmt":"2022-08-15T18:06:25","slug":"paginas-da-vida-e-a-novidade-no-globoplay-nesta-segunda-15","status":"publish","type":"post","link":"https:\/\/www.tvnovelas.com.br\/tvnews\/paginas-da-vida-e-a-novidade-no-globoplay-nesta-segunda-15\/","title":{"rendered":"&#8216;P\u00e1ginas da Vida&#8217; \u00e9 a novidade no Globoplay nesta segunda, 15"},"content":{"rendered":"<p><em>Not\u00edcias do Globoplay<\/em><br \/>\n<img data-recalc-dims=\"1\" decoding=\"async\" class=\"alignnone size-medium wp-image-30866\" src=\"https:\/\/i0.wp.com\/www.tvnovelas.com.br\/tvnews\/wp-content\/uploads\/2022\/08\/33517-600x400.jpg?resize=600%2C400&#038;ssl=1\" alt=\"Foto de Regina Duarte e Joana Morcazedl em P\u00e1ginas da Vida\" width=\"600\" height=\"400\" \/><br \/>\n<strong>P\u00e1ginas da Vida<br \/>\nEstreia em 15 de agosto <\/strong><br \/>\nAno de produ\u00e7\u00e3o: 2006<br \/>\nElenco: Regina Duarte, Fernanda Vasconcellos, L\u00edlia Cabral Marcos Caruso, Ana Paula Ar\u00f3sio<br \/>\nSinopse: P\u00e1ginas da Vidas faz um retrato do cotidiano, tendo como eixo central a discuss\u00e3o sobre a S\u00edndrome de Down e os preconceitos da sociedade contra a defici\u00eancia.<\/p>\n<p>P\u00e1ginas da Vida trata basicamente do ser humano e seus conflitos, tarefa, ali\u00e1s, que \u00e9 uma das verdadeiras marcas registradas do autor. A vida exatamente como ela \u00e9, vivida por gente como a gente, que sonha, que ama, que sente, que chora e que ri. O cotidiano de uma cidade, suas alegrias, mazelas e esperan\u00e7as, concentradas no microcosmo de sempre: o bairro carioca do Leblon. A fic\u00e7\u00e3o e a realidade temperadas em doses justas por esse verdadeiro investigador da alma humana.<br \/>\n<a href=\"https:\/\/tvnovelas.com.br\/page2\/arquivo\/paginas-da-vida\/\">P\u00e1ginas da Vida: Uma odiss\u00e9ia no mundo real: sinopse e os principais personagens<\/a><br \/>\n<iframe title=\"YouTube video player\" src=\"https:\/\/www.youtube.com\/embed\/IfjioHvw61c\" width=\"560\" height=\"315\" frameborder=\"0\" allowfullscreen=\"allowfullscreen\"><\/iframe><\/p>\n","protected":false},"excerpt":{"rendered":"<p>&#8216;P\u00e1ginas da Vida&#8217;estreia nesta segunda, 15, no Globoplay, como um dos cl\u00e1ssicos da dramaturgia da Globo. P\u00e1ginas da Vida trata basicamente do ser humano e seus conflitos&#8230;<\/p>\n","protected":false},"author":1,"featured_media":30866,"comment_status":"closed","ping_status":"closed","sticky":false,"template":"","format":"standard","meta":{"_uf_show_specific_survey":0,"_uf_disable_surveys":false,"_jetpack_memberships_contains_paid_content":false,"footnotes":"","_wp_rev_ctl_limit":""},"categories":[286],"tags":[5,249,64,333],"class_list":["post-30927","post","type-post","status-publish","format-standard","has-post-thumbnail","hentry","category-globoplay","tag-globo","tag-globoplay","tag-novelas","tag-paginas-da-vida","wpcat-286-id"],"aioseo_notices":[],"jetpack_featured_media_url":"https:\/\/i0.wp.com\/www.tvnovelas.com.br\/tvnews\/wp-content\/uploads\/2022\/08\/33517.jpg?fit=600%2C400&ssl=1","jetpack_shortlink":"https:\/\/wp.me\/pdP2BO-82P","jetpack_sharing_enabled":true,"_links":{"self":[{"href":"https:\/\/www.tvnovelas.com.br\/tvnews\/wp-json\/wp\/v2\/posts\/30927","targetHints":{"allow":["GET"]}}],"collection":[{"href":"https:\/\/www.tvnovelas.com.br\/tvnews\/wp-json\/wp\/v2\/posts"}],"about":[{"href":"https:\/\/www.tvnovelas.com.br\/tvnews\/wp-json\/wp\/v2\/types\/post"}],"author":[{"embeddable":true,"href":"https:\/\/www.tvnovelas.com.br\/tvnews\/wp-json\/wp\/v2\/users\/1"}],"replies":[{"embeddable":true,"href":"https:\/\/www.tvnovelas.com.br\/tvnews\/wp-json\/wp\/v2\/comments?post=30927"}],"version-history":[{"count":0,"href":"https:\/\/www.tvnovelas.com.br\/tvnews\/wp-json\/wp\/v2\/posts\/30927\/revisions"}],"wp:featuredmedia":[{"embeddable":true,"href":"https:\/\/www.tvnovelas.com.br\/tvnews\/wp-json\/wp\/v2\/media\/30866"}],"wp:attachment":[{"href":"https:\/\/www.tvnovelas.com.br\/tvnews\/wp-json\/wp\/v2\/media?parent=30927"}],"wp:term":[{"taxonomy":"category","embeddable":true,"href":"https:\/\/www.tvnovelas.com.br\/tvnews\/wp-json\/wp\/v2\/categories?post=30927"},{"taxonomy":"post_tag","embeddable":true,"href":"https:\/\/www.tvnovelas.com.br\/tvnews\/wp-json\/wp\/v2\/tags?post=30927"}],"curies":[{"name":"wp","href":"https:\/\/api.w.org\/{rel}","templated":true}]}}