{"id":31356,"date":"2022-08-30T10:07:40","date_gmt":"2022-08-30T13:07:40","guid":{"rendered":"https:\/\/www.tvnovelas.com.br\/tvnews\/?p=31356"},"modified":"2022-08-30T10:07:40","modified_gmt":"2022-08-30T13:07:40","slug":"mar-do-sertao-ze-paulino-e-tertulinho-sofrem-acidente","status":"publish","type":"post","link":"https:\/\/www.tvnovelas.com.br\/tvnews\/mar-do-sertao-ze-paulino-e-tertulinho-sofrem-acidente\/","title":{"rendered":"Mar do Sert\u00e3o: Z\u00e9 Paulino e Tertulinho sofrem acidente"},"content":{"rendered":"<p><em>Not\u00edcias de Mar do Sert\u00e3o<\/em><br \/>\n<img data-recalc-dims=\"1\" decoding=\"async\" class=\"alignnone wp-image-31357 size-full\" title=\"(Foto: TV Globo\/Mar do Sert\u00e3o)\" src=\"https:\/\/i0.wp.com\/www.tvnovelas.com.br\/tvnews\/wp-content\/uploads\/2022\/08\/33679.jpg?resize=600%2C360&#038;ssl=1\" alt=\"Foto de Tertulinho em Mar do Sert\u00e3o\" width=\"600\" height=\"360\" \/><br \/>\nUm temporal cair\u00e1 justamente pr\u00f3ximo ao dia marcado para que Z\u00e9 Paulino (Sergio Guiz\u00e9) e Tertulinho (Renato G\u00f3es) levem o cavalo do coronel Tert\u00falio (Jos\u00e9 de Abreu) para ser entregue na capital. Os dois v\u00e3o se deparar com uma grande vala aberta no meio da estrada que vai obrigar os dois a mudarem a rota da viagem.<\/p>\n<p>Durante o trajeto, um acidente acontece: com a chuva forte, um deslizamento de terra faz como que o carro despenque de uma ribanceira. Antes de cair no rio, o ve\u00edculo ainda fica por alguns instantes preso na vegeta\u00e7\u00e3o, e \u00e9 quando Tertulinho consegue sair e se salvar.<\/p>\n<p>&#8220;Tertulinho&#8230; Sai pela janela homem!&#8221;, orientou Z\u00e9 Paulino em desespero.<\/p>\n<p>Z\u00e9 Paulino, no entanto, n\u00e3o deixa o ve\u00edculo a tempo. Ap\u00f3s alguns dias, um corpo \u00e9 encontrado e ningu\u00e9m tem d\u00favida: s\u00f3 pode ser o do vaqueiro.<\/p>\n<p>&#8220;Me ajude homem! Tertulinho, me ajude homem!&#8221; , gritar\u00e1 o vaqueiro.<br \/>\nAs cenas v\u00e3o ao ar nesta ter\u00e7a, 30<br \/>\n<a href=\"https:\/\/www.tvnovelas.com.br\/novelas\/resumos-de-mar-do-sertao\/\">Confira os resumos da semana de &#8216;Mar do Sert\u00e3o&#8217;<\/a><br \/>\n<div class=\"pt-cv-wrapper\"><div class=\"pt-cv-view pt-cv-grid pt-cv-colsys\" id=\"pt-cv-view-054665bpli\"><div data-id=\"pt-cv-page-1\" class=\"pt-cv-page\" data-cvc=\"1\"><div class=\"col-md-12 col-sm-12 col-xs-12 pt-cv-content-item pt-cv-1-col\" ><div class='pt-cv-ifield'><h4 class=\"pt-cv-title\"><a href=\"https:\/\/www.tvnovelas.com.br\/tvnews\/mar-do-sertao-candoca-conta-para-ze-paulino-que-esta-gravida\/\" class=\"_blank\" target=\"_blank\" >Mar do Sert\u00e3o: Candoca conta para Z\u00e9 Paulino que est\u00e1 gr\u00e1vida<\/a><\/h4><\/div><\/div>\n<div class=\"col-md-12 col-sm-12 col-xs-12 pt-cv-content-item pt-cv-1-col\" ><div class='pt-cv-ifield'><h4 class=\"pt-cv-title\"><a href=\"https:\/\/www.tvnovelas.com.br\/tvnews\/mar-do-sertao-pajeu-e-fuba-mimoso-impedem-lingua-de-sogra-de-atirar-em-jose\/\" class=\"_blank\" target=\"_blank\" >Mar do Sert\u00e3o: Paje\u00fa e Fub\u00e1 Mimoso impedem L\u00edngua de Sogra de atirar em Jos\u00e9<\/a><\/h4><\/div><\/div>\n<div class=\"col-md-12 col-sm-12 col-xs-12 pt-cv-content-item pt-cv-1-col\" ><div class='pt-cv-ifield'><h4 class=\"pt-cv-title\"><a href=\"https:\/\/www.tvnovelas.com.br\/tvnews\/mar-do-sertao-tertulinho-pede-xaviera-em-casamento-ela-diz-nao\/\" class=\"_blank\" target=\"_blank\" >Mar do Sert\u00e3o: Tertulinho pede Xaviera em casamento. Ela diz n\u00e3o.<\/a><\/h4><\/div><\/div>\n<div class=\"col-md-12 col-sm-12 col-xs-12 pt-cv-content-item pt-cv-1-col\" ><div class='pt-cv-ifield'><h4 class=\"pt-cv-title\"><a href=\"https:\/\/www.tvnovelas.com.br\/tvnews\/mar-do-sertao-mirinho-fica-rico-e-cira-sonha-com-a-europa\/\" class=\"_blank\" target=\"_blank\" >Mar do Sert\u00e3o: Mirinho fica rico e Cira sonha com a Europa<\/a><\/h4><\/div><\/div>\n<div class=\"col-md-12 col-sm-12 col-xs-12 pt-cv-content-item pt-cv-1-col\" ><div class='pt-cv-ifield'><h4 class=\"pt-cv-title\"><a href=\"https:\/\/www.tvnovelas.com.br\/tvnews\/mar-do-sertao-deodora-contrata-servico-do-matador-lingua-de-sogra\/\" class=\"_blank\" target=\"_blank\" >Mar do Sert\u00e3o: Deodora contrata &#8216;servi\u00e7o&#8217; do matador L\u00edngua de Sogra<\/a><\/h4><\/div><\/div><\/div><\/div><\/div><br \/>\n<strong style=\"font-size: 120%;\">Saiba mais das novelas:<\/strong><br \/>\n<div class=\"pt-cv-wrapper\"><div class=\"pt-cv-view pt-cv-grid pt-cv-colsys\" id=\"pt-cv-view-90991035b3\"><div data-id=\"pt-cv-page-1\" class=\"pt-cv-page\" data-cvc=\"1\"><div class=\"col-md-12 col-sm-12 col-xs-12 pt-cv-content-item pt-cv-1-col\" ><div class='pt-cv-ifield'><h4 class=\"pt-cv-title\"><a href=\"https:\/\/www.tvnovelas.com.br\/tvnews\/em-coracao-de-mae-nos-proximos-capitulos-04-a-08-5\/\" class=\"_self\" target=\"_self\" >Em Cora\u00e7\u00e3o de M\u00e3e nos pr\u00f3ximos cap\u00edtulos (04 a 08\/5)<\/a><\/h4><\/div><\/div>\n<div class=\"col-md-12 col-sm-12 col-xs-12 pt-cv-content-item pt-cv-1-col\" ><div class='pt-cv-ifield'><h4 class=\"pt-cv-title\"><a href=\"https:\/\/www.tvnovelas.com.br\/tvnews\/coracao-de-mae-hasan-e-filiz-em-piquenique-romantico\/\" class=\"_self\" target=\"_self\" >Cora\u00e7\u00e3o de M\u00e3e: Hasan e Filiz em piquenique rom\u00e2ntico<\/a><\/h4><\/div><\/div>\n<div class=\"col-md-12 col-sm-12 col-xs-12 pt-cv-content-item pt-cv-1-col\" ><div class='pt-cv-ifield'><h4 class=\"pt-cv-title\"><a href=\"https:\/\/www.tvnovelas.com.br\/tvnews\/guerra-das-rosas-cihan-vibra-com-desistencia-de-gulru-de-casar-com-mert\/\" class=\"_self\" target=\"_self\" >Guerra das Rosas: Cihan vibra com desist\u00eancia de Gulru de casar com Mert<\/a><\/h4><\/div><\/div>\n<div class=\"col-md-12 col-sm-12 col-xs-12 pt-cv-content-item pt-cv-1-col\" ><div class='pt-cv-ifield'><h4 class=\"pt-cv-title\"><a href=\"https:\/\/www.tvnovelas.com.br\/tvnews\/coracao-de-mae-irmak-denuncia-adnan\/\" class=\"_self\" target=\"_self\" >Cora\u00e7\u00e3o de M\u00e3e: Irmak denuncia Adnan<\/a><\/h4><\/div><\/div>\n<div class=\"col-md-12 col-sm-12 col-xs-12 pt-cv-content-item pt-cv-1-col\" ><div class='pt-cv-ifield'><h4 class=\"pt-cv-title\"><a href=\"https:\/\/www.tvnovelas.com.br\/tvnews\/a-nobreza-do-amor-mirinho-e-obrigado-a-resgatar-tonho\/\" class=\"_self\" target=\"_self\" >A Nobreza do Amor: Mirinho \u00e9 obrigado a resgatar Tonho<\/a><\/h4><\/div><\/div>\n<div class=\"col-md-12 col-sm-12 col-xs-12 pt-cv-content-item pt-cv-1-col\" ><div class='pt-cv-ifield'><h4 class=\"pt-cv-title\"><a href=\"https:\/\/www.tvnovelas.com.br\/tvnews\/tres-gracas-paulinho-e-afastado-da-policia-por-causa-de-gerluce\/\" class=\"_self\" target=\"_self\" >Tr\u00eas Gra\u00e7as: Paulinho \u00e9 afastado da pol\u00edcia por causa de Gerluce<\/a><\/h4><\/div><\/div>\n<div class=\"col-md-12 col-sm-12 col-xs-12 pt-cv-content-item pt-cv-1-col\" ><div class='pt-cv-ifield'><h4 class=\"pt-cv-title\"><a href=\"https:\/\/www.tvnovelas.com.br\/tvnews\/coracao-de-mae-irmak-inicia-jogo-arriscado-contra-adnan\/\" class=\"_self\" target=\"_self\" >Cora\u00e7\u00e3o de M\u00e3e: Irmak inicia jogo arriscado contra Adnan<\/a><\/h4><\/div><\/div>\n<div class=\"col-md-12 col-sm-12 col-xs-12 pt-cv-content-item pt-cv-1-col\" ><div class='pt-cv-ifield'><h4 class=\"pt-cv-title\"><a href=\"https:\/\/www.tvnovelas.com.br\/tvnews\/guerra-das-rosas-omer-chama-gulru-vestida-de-noiva-para-fugir\/\" class=\"_self\" target=\"_self\" >Guerra das Rosas: Omer chama Gulru vestida de noiva para fugir<\/a><\/h4><\/div><\/div>\n<div class=\"col-md-12 col-sm-12 col-xs-12 pt-cv-content-item pt-cv-1-col\" ><div class='pt-cv-ifield'><h4 class=\"pt-cv-title\"><a href=\"https:\/\/www.tvnovelas.com.br\/tvnews\/coracao-de-mae-reha-sai-para-jantar-com-selvi\/\" class=\"_self\" target=\"_self\" >Cora\u00e7\u00e3o de M\u00e3e: Reha sai para jantar com Selvi<\/a><\/h4><\/div><\/div>\n<div class=\"col-md-12 col-sm-12 col-xs-12 pt-cv-content-item pt-cv-1-col\" ><div class='pt-cv-ifield'><h4 class=\"pt-cv-title\"><a href=\"https:\/\/www.tvnovelas.com.br\/tvnews\/coracao-acelerado-zila-se-preocupa-com-sua-situacao-apos-separacao\/\" class=\"_self\" target=\"_self\" >Cora\u00e7\u00e3o Acelerado: Zil\u00e1 se preocupa com sua situa\u00e7\u00e3o ap\u00f3s separa\u00e7\u00e3o<\/a><\/h4><\/div><\/div><\/div><\/div><\/div><br \/>\n<a href=\"https:\/\/www.tvnovelas.com.br\/novelas\/\"><strong>Confira os resumos da semana de todas novelas<\/strong><\/a><br \/>\n<a href=\"http:\/\/tvnovelas.com.br\/filmes\" target=\"_blank\" rel=\"noopener\">Veja tamb\u00e9m: Todas as telas: filmes e s\u00e9ries nos streamings<\/a><\/p>\n<h3>Confira tamb\u00e9m<\/h3>\n<p><a href=\"https:\/\/www.tvnovelas.com.br\/filmes\/\" target=\"_blank\" rel=\"noopener noreferrer\"><strong>Programa\u00e7\u00e3o de filmes na TV aberta<\/strong><\/a><br \/>\n<a href=\"https:\/\/tvnovelas.com.br\/filmes\/filmes-e-series-ineditos-em-estreia-na-semana-na-netflix\/\" target=\"_blank\" rel=\"noopener noreferrer\"><strong>Estreias da semana na Netflix<\/strong><\/a><br \/>\n<a href=\"https:\/\/caetenews.com.br\/semana\/filmes-da-globo-na-sessao-da-tarde-desta-semana\/\" target=\"_blank\" rel=\"noopener\"><strong>Confira os filmes da semana na Sess\u00e3o da Tarde<\/strong><\/a><br \/>\n<a href=\"\/\/tvnovelas.com.br\/filmes\/filmes-em-estreia-nos-cinemas\/\" target=\"_blank\" rel=\"noopener noreferrer\"><strong>Estreias e novidades no Cinema<\/strong><\/a><br \/>\n<a href=\"https:\/\/www.tvnovelas.com.br\/novelas\/\" target=\"_blank\" rel=\"noopener noreferrer\"><strong>Resumos de novelas<\/strong><\/a><\/p>\n","protected":false},"excerpt":{"rendered":"<p>Em Mar do Sert\u00e3o, Um temporal cair\u00e1 justamente pr\u00f3ximo ao dia marcado para que Z\u00e9 Paulino (Sergio Guiz\u00e9) e Tertulinho (Renato G\u00f3es) levem o cavalo do&#8230;<\/p>\n","protected":false},"author":1,"featured_media":31357,"comment_status":"closed","ping_status":"closed","sticky":false,"template":"","format":"standard","meta":{"_uf_show_specific_survey":0,"_uf_disable_surveys":false,"_jetpack_memberships_contains_paid_content":false,"footnotes":"","_wp_rev_ctl_limit":""},"categories":[335],"tags":[5,336,64],"class_list":["post-31356","post","type-post","status-publish","format-standard","has-post-thumbnail","hentry","category-mar-do-sertao","tag-globo","tag-mar-do-sertao","tag-novelas","wpcat-335-id"],"aioseo_notices":[],"jetpack_featured_media_url":"https:\/\/i0.wp.com\/www.tvnovelas.com.br\/tvnews\/wp-content\/uploads\/2022\/08\/33679.jpg?fit=600%2C360&ssl=1","jetpack_shortlink":"https:\/\/wp.me\/pdP2BO-89K","jetpack_sharing_enabled":true,"_links":{"self":[{"href":"https:\/\/www.tvnovelas.com.br\/tvnews\/wp-json\/wp\/v2\/posts\/31356","targetHints":{"allow":["GET"]}}],"collection":[{"href":"https:\/\/www.tvnovelas.com.br\/tvnews\/wp-json\/wp\/v2\/posts"}],"about":[{"href":"https:\/\/www.tvnovelas.com.br\/tvnews\/wp-json\/wp\/v2\/types\/post"}],"author":[{"embeddable":true,"href":"https:\/\/www.tvnovelas.com.br\/tvnews\/wp-json\/wp\/v2\/users\/1"}],"replies":[{"embeddable":true,"href":"https:\/\/www.tvnovelas.com.br\/tvnews\/wp-json\/wp\/v2\/comments?post=31356"}],"version-history":[{"count":0,"href":"https:\/\/www.tvnovelas.com.br\/tvnews\/wp-json\/wp\/v2\/posts\/31356\/revisions"}],"wp:featuredmedia":[{"embeddable":true,"href":"https:\/\/www.tvnovelas.com.br\/tvnews\/wp-json\/wp\/v2\/media\/31357"}],"wp:attachment":[{"href":"https:\/\/www.tvnovelas.com.br\/tvnews\/wp-json\/wp\/v2\/media?parent=31356"}],"wp:term":[{"taxonomy":"category","embeddable":true,"href":"https:\/\/www.tvnovelas.com.br\/tvnews\/wp-json\/wp\/v2\/categories?post=31356"},{"taxonomy":"post_tag","embeddable":true,"href":"https:\/\/www.tvnovelas.com.br\/tvnews\/wp-json\/wp\/v2\/tags?post=31356"}],"curies":[{"name":"wp","href":"https:\/\/api.w.org\/{rel}","templated":true}]}}