{"id":31520,"date":"2022-09-04T11:34:52","date_gmt":"2022-09-04T14:34:52","guid":{"rendered":"https:\/\/www.tvnovelas.com.br\/tvnews\/?p=31520"},"modified":"2022-09-04T11:34:52","modified_gmt":"2022-09-04T14:34:52","slug":"o-que-vem-em-cara-e-coragem-na-semana-05-a-10-de-setembro","status":"publish","type":"post","link":"https:\/\/www.tvnovelas.com.br\/tvnews\/o-que-vem-em-cara-e-coragem-na-semana-05-a-10-de-setembro\/","title":{"rendered":"O que vem em Cara e Coragem na semana 05 a 10 de setembro"},"content":{"rendered":"<p><img data-recalc-dims=\"1\" decoding=\"async\" src=\"https:\/\/i0.wp.com\/www.tvnovelas.com.br\/tvnews\/wp-content\/uploads\/2022\/09\/33736b.jpg?resize=600%2C360&#038;ssl=1\" alt=\"Foto de Bob em Cara e Coragem\" width=\"600\" height=\"360\" class=\"alignnone size-full wp-image-31521\" \/><br \/>\n<strong>Resumo de segunda-feira, 05 de setembro<\/strong><br \/>\nAnita lembra de quando Clarice a levou para fazer uma tatuagem igual \u00e0 dela. Regina avisa a Leonardo que j\u00e1 tem arquitetado um esquema para desviar dinheiro da SG. Marcela e Paulo interceptam o carro de Moa e Armandinho, que est\u00e3o gravando um comercial. Bob usa J\u00e9ssica para provocar ci\u00fames em Andr\u00e9a. Moa n\u00e3o deixa Rebeca levar Chiquinho para a casa de Danilo. Joca pede para Lou convencer Ol\u00edvia a desistir do romance com Alfredo. \u00cdtalo leva Leonardo para correr pr\u00f3ximo ao local onde o corpo de Clarice foi encontrado. Luana conta para Clarice que Leonardo \u00e9 o novo vice-presidente da SG e ela tem altera\u00e7\u00e3o nos batimentos card\u00edacos. Anita fica tensa ao ver Martha esperando por seu atendimento.<\/p>\n<p><strong>Resumo de ter\u00e7a-feira, 06 de setembro<\/strong><br \/>\nMartha questiona Anita sobre seu envolvimento com \u00cdtalo e elogia o ex-seguran\u00e7a. Luana percebe uma l\u00e1grima escorrer dos olhos de Clarice. Jonathan descobre que Margareth est\u00e1 tentando completar a f\u00f3rmula de magn\u00e9sio. Andr\u00e9a arma um encontro para que Bob finalmente conhe\u00e7a Ol\u00edvia. Gustavo se surpreende quando Danilo n\u00e3o se op\u00f5e \u00e0 decis\u00e3o de retirar seus neg\u00f3cios de sua administra\u00e7\u00e3o. Regina manda Dagmar deixar a casa de Martha. Danilo apresenta relat\u00f3rios de crescimento dos neg\u00f3cios e Gustavo pensa em desistir de afast\u00e1-lo como administrador. \u00cdtalo conta para Pat e Moa que a pol\u00edcia quer saber mais sobre a f\u00f3rmula de magn\u00e9sio. Lou pede para participar da reuni\u00e3o de s\u00f3cios da Coragem.com, e Moa e Rico ficam apreensivos. <\/p>\n<p><strong>Resumo de quarta-feira, 07 de setembro<\/strong><br \/>\nRico tenta explicar por que Lou n\u00e3o pode participar das reuni\u00f5es na sala de intelig\u00eancia. Jonathan revela para Leonardo e Regina que a f\u00f3rmula que eles entregaram para os compradores estrangeiros est\u00e1 incompleta. Margareth mostra para Leonardo e Regina o resultado de suas pesquisas no laborat\u00f3rio. Paulo faz uma descoberta sobre \u00cdtalo e deixa Marcela desconfiada. Andr\u00e9a apresenta Ol\u00edvia para Bob. Ela fica passada ao constatar que Duarte se passa por americano rico. Ol\u00edvia d\u00e1 uma desculpa para Andr\u00e9a e vai embora. Pat e Moa se surpreendem ao ver \u00cdtalo e Anita juntos.<\/p>\n<p><img data-recalc-dims=\"1\" decoding=\"async\" src=\"https:\/\/i0.wp.com\/www.tvnovelas.com.br\/tvnews\/wp-content\/uploads\/2022\/09\/33736a.jpg?resize=600%2C360&#038;ssl=1\" alt=\"Foto de Danilo em Cara e Coragem\" width=\"600\" height=\"360\" class=\"alignnone size-full wp-image-31522\" \/><br \/>\n<strong>Resumo de quinta-feira, 08 de setembro<\/strong><br \/>\nPat e Moa repreendem \u00cdtalo por n\u00e3o contar que ele est\u00e1 com Anita. Lou beija Rico pensando em Renan. Duarte procura Olivia para se explicar. Lucas ajuda Duarte a se esconder na lata do lixo para ele n\u00e3o ser reconhecido por Andr\u00e9a na companhia de dan\u00e7a. Danilo prop\u00f5e a Rebeca que os dois saiam do pa\u00eds. Ela recusa. Joca v\u00ea Alfredo e Ol\u00edvia juntos e fica abalado. Danilo acredita que Jonathan possui a modifica\u00e7\u00e3o da f\u00f3rmula e manda Leonardo e Regina ficarem atentos. Margareth questiona Jonathan sobre a altera\u00e7\u00e3o da f\u00f3rmula de magn\u00e9sio. Luana se questiona se deve contar para Jonathan ou Martha que Clarice est\u00e1 viva para que eles a ajudem a proteg\u00ea-la, mas desiste da ideia e resolve seguir com o plano combinado com a empres\u00e1ria mantendo o segredo. Milton surpreende Joca na porta da casa de Alfredo. \u00cdtalo monta um mural para auxiliar na investiga\u00e7\u00e3o sobre o caso Clarice. Anita vai \u00e0 Coragem.com e estranha quando \u00cdtalo a impede de entrar na sala da intelig\u00eancia. Danilo questiona Pat e Moa sobre a modifica\u00e7\u00e3o da f\u00f3rmula.<\/p>\n<p><strong>Resumo de sexta-feira, 09 de setembro<\/strong><br \/>\nPat e Moa ficam boquiabertos com a revela\u00e7\u00e3o de Danilo. Alfredo leva Joca para conhecer sua casa, e Ol\u00edvia fica alerta. Andr\u00e9a pede para Bob dar uma bolsa de estudos para Lucas. Nadir mostra para Pat o desenho que encontrou de Gui. Pat e Moa discutem com \u00cdtalo. Regina, Leonardo e Danilo refor\u00e7am a ideia de plantar para \u00cdtalo uma pista falsa sobre a morte de Clarice. Marcela e Paulo descobrem que \u00cdtalo \u00e9 milion\u00e1rio. Renan faz um show na companhia de dan\u00e7a e \u00e9 ovacionado. Gui chora ao ver Pat e Moa se beijando. Leonardo faz \u00cdtalo acreditar que Jonathan pode ter matado Clarice para que ela n\u00e3o ficasse com ele.<\/p>\n<p><img data-recalc-dims=\"1\" decoding=\"async\" src=\"https:\/\/i0.wp.com\/www.tvnovelas.com.br\/tvnews\/wp-content\/uploads\/2022\/09\/33736c.jpg?resize=600%2C360&#038;ssl=1\" alt=\"Foto de Martha em Cara e Coragem\" width=\"600\" height=\"360\" class=\"alignnone size-full wp-image-31523\" \/><br \/>\n<strong>Resumo de s\u00e1bado, 10 de setembro<\/strong><br \/>\n\u00cdtalo faz um coment\u00e1rio que deixa Leonardo perturbado. Pat resolve conversar com Gui sobre Moa. Renan destrata Enzo na frente dos bailarinos. \u00cdsis sente-se mal, e Marcinha se preocupa com a amiga. Gui foge de casa. Lucas mente para Ol\u00edvia e diz que n\u00e3o receber\u00e1 a bolsa de estudos de Bob. Moa e Andr\u00e9a se encontram na reuni\u00e3o com o diretor de um novo comercial. Pat e Soss\u00f4 procuram por Gui. Hugo consola Andr\u00e9a, que chora por causa de Moa. Alfredo avisa a Pat sobre Gui e ela vai ao encontro do filho. \u00cdtalo questiona Anita sobre Jonathan. Gui pede para morar com Alfredo.<\/p>\n<h2>\u00daltimas de Cara e Coragem<\/h2>\n<p><div class=\"pt-cv-wrapper\"><div class=\"pt-cv-view pt-cv-grid pt-cv-colsys\" id=\"pt-cv-view-02684292u5\"><div data-id=\"pt-cv-page-1\" class=\"pt-cv-page\" data-cvc=\"1\"><div class=\"col-md-12 col-sm-12 col-xs-12 pt-cv-content-item pt-cv-1-col\" ><div class='pt-cv-ifield'><h4 class=\"pt-cv-title\"><a href=\"https:\/\/www.tvnovelas.com.br\/tvnews\/cara-e-coragem-clarice-e-italo-se-casam\/\" class=\"_blank\" target=\"_blank\" >Cara e Coragem: Clarice e \u00cdtalo se casam<\/a><\/h4><\/div><\/div>\n<div class=\"col-md-12 col-sm-12 col-xs-12 pt-cv-content-item pt-cv-1-col\" ><div class='pt-cv-ifield'><h4 class=\"pt-cv-title\"><a href=\"https:\/\/www.tvnovelas.com.br\/tvnews\/cara-e-coragem-danilo-e-regina-pegam-30-anos-de-prisao\/\" class=\"_blank\" target=\"_blank\" >Cara e Coragem: Danilo e Regina pegam 30 anos de pris\u00e3o<\/a><\/h4><\/div><\/div>\n<div class=\"col-md-12 col-sm-12 col-xs-12 pt-cv-content-item pt-cv-1-col\" ><div class='pt-cv-ifield'><h4 class=\"pt-cv-title\"><a href=\"https:\/\/www.tvnovelas.com.br\/tvnews\/cara-e-coragem-danilo-sequestra-sosso-e-chiquinho\/\" class=\"_blank\" target=\"_blank\" >Cara e Coragem: Danilo sequestra Soss\u00f4 e Chiquinho<\/a><\/h4><\/div><\/div>\n<div class=\"col-md-12 col-sm-12 col-xs-12 pt-cv-content-item pt-cv-1-col\" ><div class='pt-cv-ifield'><h4 class=\"pt-cv-title\"><a href=\"https:\/\/www.tvnovelas.com.br\/tvnews\/cara-e-coragem-regina-mata-um-na-casa-dos-gusmao\/\" class=\"_blank\" target=\"_blank\" >Cara e Coragem: Regina mata um na casa dos Gusm\u00e3o<\/a><\/h4><\/div><\/div><\/div><\/div><\/div><br \/>\n<strong style=\"font-size: 120%;\">Saiba mais das novelas:<\/strong><br \/>\n<div class=\"pt-cv-wrapper\"><div class=\"pt-cv-view pt-cv-grid pt-cv-colsys\" id=\"pt-cv-view-90991035b3\"><div data-id=\"pt-cv-page-1\" class=\"pt-cv-page\" data-cvc=\"1\"><div class=\"col-md-12 col-sm-12 col-xs-12 pt-cv-content-item pt-cv-1-col\" ><div class='pt-cv-ifield'><h4 class=\"pt-cv-title\"><a href=\"https:\/\/www.tvnovelas.com.br\/tvnews\/coracao-de-mae-irmak-inicia-jogo-arriscado-contra-adnan\/\" class=\"_self\" target=\"_self\" >Cora\u00e7\u00e3o de M\u00e3e: Irmak inicia jogo arriscado contra Adnan<\/a><\/h4><\/div><\/div>\n<div class=\"col-md-12 col-sm-12 col-xs-12 pt-cv-content-item pt-cv-1-col\" ><div class='pt-cv-ifield'><h4 class=\"pt-cv-title\"><a href=\"https:\/\/www.tvnovelas.com.br\/tvnews\/guerra-das-rosas-omer-chama-gulru-vestida-de-noiva-para-fugir\/\" class=\"_self\" target=\"_self\" >Guerra das Rosas: Omer chama Gulru vestida de noiva para fugir<\/a><\/h4><\/div><\/div>\n<div class=\"col-md-12 col-sm-12 col-xs-12 pt-cv-content-item pt-cv-1-col\" ><div class='pt-cv-ifield'><h4 class=\"pt-cv-title\"><a href=\"https:\/\/www.tvnovelas.com.br\/tvnews\/coracao-de-mae-reha-sai-para-jantar-com-selvi\/\" class=\"_self\" target=\"_self\" >Cora\u00e7\u00e3o de M\u00e3e: Reha sai para jantar com Selvi<\/a><\/h4><\/div><\/div>\n<div class=\"col-md-12 col-sm-12 col-xs-12 pt-cv-content-item pt-cv-1-col\" ><div class='pt-cv-ifield'><h4 class=\"pt-cv-title\"><a href=\"https:\/\/www.tvnovelas.com.br\/tvnews\/coracao-acelerado-zila-se-preocupa-com-sua-situacao-apos-separacao\/\" class=\"_self\" target=\"_self\" >Cora\u00e7\u00e3o Acelerado: Zil\u00e1 se preocupa com sua situa\u00e7\u00e3o ap\u00f3s separa\u00e7\u00e3o<\/a><\/h4><\/div><\/div>\n<div class=\"col-md-12 col-sm-12 col-xs-12 pt-cv-content-item pt-cv-1-col\" ><div class='pt-cv-ifield'><h4 class=\"pt-cv-title\"><a href=\"https:\/\/www.tvnovelas.com.br\/tvnews\/a-nobreza-do-amor-tonho-nao-se-curva-diante-de-mirinho\/\" class=\"_self\" target=\"_self\" >A Nobreza do Amor: Tonho n\u00e3o se curva diante de Mirinho<\/a><\/h4><\/div><\/div>\n<div class=\"col-md-12 col-sm-12 col-xs-12 pt-cv-content-item pt-cv-1-col\" ><div class='pt-cv-ifield'><h4 class=\"pt-cv-title\"><a href=\"https:\/\/www.tvnovelas.com.br\/tvnews\/tres-gracas-arminda-surta-ao-confirmar-que-ferette-e-pai-de-raul\/\" class=\"_self\" target=\"_self\" >Tr\u00eas Gra\u00e7as:  Arminda surta ao confirmar que Ferette \u00e9 pai de Raul<\/a><\/h4><\/div><\/div>\n<div class=\"col-md-12 col-sm-12 col-xs-12 pt-cv-content-item pt-cv-1-col\" ><div class='pt-cv-ifield'><h4 class=\"pt-cv-title\"><a href=\"https:\/\/www.tvnovelas.com.br\/tvnews\/coracao-de-mae-atilla-confronta-hasan-e-exige-o-divorcio-de-lale\/\" class=\"_self\" target=\"_self\" >Cora\u00e7\u00e3o de M\u00e3e: Atilla confronta Hasan e exige o div\u00f3rcio de Lale<\/a><\/h4><\/div><\/div>\n<div class=\"col-md-12 col-sm-12 col-xs-12 pt-cv-content-item pt-cv-1-col\" ><div class='pt-cv-ifield'><h4 class=\"pt-cv-title\"><a href=\"https:\/\/www.tvnovelas.com.br\/tvnews\/guerra-das-rosas-gulfem-coloca-gulru-contra-a-parede\/\" class=\"_self\" target=\"_self\" >Guerra das Rosas: Gulfem coloca Gulru contra a parede<\/a><\/h4><\/div><\/div>\n<div class=\"col-md-12 col-sm-12 col-xs-12 pt-cv-content-item pt-cv-1-col\" ><div class='pt-cv-ifield'><h4 class=\"pt-cv-title\"><a href=\"https:\/\/www.tvnovelas.com.br\/tvnews\/coracao-de-mae-atilla-diz-a-lale-que-quer-o-divorcio\/\" class=\"_self\" target=\"_self\" >Cora\u00e7\u00e3o de M\u00e3e: Atilla diz a Lale que quer o div\u00f3rcio<\/a><\/h4><\/div><\/div>\n<div class=\"col-md-12 col-sm-12 col-xs-12 pt-cv-content-item pt-cv-1-col\" ><div class='pt-cv-ifield'><h4 class=\"pt-cv-title\"><a href=\"https:\/\/www.tvnovelas.com.br\/tvnews\/a-nobreza-do-amor-mirinho-garante-noivado-com-virginia-para-atrair-sogro-a-negocio\/\" class=\"_self\" target=\"_self\" >A Nobreza do Amor: Mirinho garante noivado com Virg\u00ednia para atrair sogro a neg\u00f3cio<\/a><\/h4><\/div><\/div><\/div><\/div><\/div><br \/>\n<a href=\"https:\/\/www.tvnovelas.com.br\/novelas\/\"><strong>Confira os resumos da semana de todas novelas<\/strong><\/a><br \/>\n<a href=\"http:\/\/tvnovelas.com.br\/filmes\" target=\"_blank\" rel=\"noopener\">Veja tamb\u00e9m: Todas as telas: filmes e s\u00e9ries nos streamings<\/a><\/p>\n<h3>Confira tamb\u00e9m<\/h3>\n<p><a href=\"https:\/\/www.tvnovelas.com.br\/filmes\/\" target=\"_blank\" rel=\"noopener noreferrer\"><strong>Programa\u00e7\u00e3o de filmes na TV aberta<\/strong><\/a><br \/>\n<a href=\"https:\/\/tvnovelas.com.br\/filmes\/filmes-e-series-ineditos-em-estreia-na-semana-na-netflix\/\" target=\"_blank\" rel=\"noopener noreferrer\"><strong>Estreias da semana na Netflix<\/strong><\/a><br \/>\n<a href=\"https:\/\/caetenews.com.br\/semana\/filmes-da-globo-na-sessao-da-tarde-desta-semana\/\" target=\"_blank\" rel=\"noopener\"><strong>Confira os filmes da semana na Sess\u00e3o da Tarde<\/strong><\/a><br \/>\n<a href=\"\/\/tvnovelas.com.br\/filmes\/filmes-em-estreia-nos-cinemas\/\" target=\"_blank\" rel=\"noopener noreferrer\"><strong>Estreias e novidades no Cinema<\/strong><\/a><br \/>\n<a href=\"https:\/\/www.tvnovelas.com.br\/novelas\/\" target=\"_blank\" rel=\"noopener noreferrer\"><strong>Resumos de novelas<\/strong><\/a><\/p>\n","protected":false},"excerpt":{"rendered":"<p>Na semana de  Cara e Coragem, Marcela e Paulo descobrem que \u00cdtalo \u00e9 milion\u00e1rio, Andr\u00e9a apresenta Ol\u00edvia para Bob, Bob usa J\u00e9ssica para provocar ci\u00fames em Andr\u00e9a&#8230;<\/p>\n","protected":false},"author":1,"featured_media":31521,"comment_status":"closed","ping_status":"closed","sticky":false,"template":"","format":"standard","meta":{"_uf_show_specific_survey":0,"_uf_disable_surveys":false,"_jetpack_memberships_contains_paid_content":false,"footnotes":"","_wp_rev_ctl_limit":""},"categories":[314],"tags":[315,5,64],"class_list":["post-31520","post","type-post","status-publish","format-standard","has-post-thumbnail","hentry","category-cara-e-coragem","tag-cara-e-coragem","tag-globo","tag-novelas","wpcat-314-id"],"aioseo_notices":[],"jetpack_featured_media_url":"https:\/\/i0.wp.com\/www.tvnovelas.com.br\/tvnews\/wp-content\/uploads\/2022\/09\/33736b.jpg?fit=600%2C360&ssl=1","jetpack_shortlink":"https:\/\/wp.me\/pdP2BO-8co","jetpack_sharing_enabled":true,"_links":{"self":[{"href":"https:\/\/www.tvnovelas.com.br\/tvnews\/wp-json\/wp\/v2\/posts\/31520","targetHints":{"allow":["GET"]}}],"collection":[{"href":"https:\/\/www.tvnovelas.com.br\/tvnews\/wp-json\/wp\/v2\/posts"}],"about":[{"href":"https:\/\/www.tvnovelas.com.br\/tvnews\/wp-json\/wp\/v2\/types\/post"}],"author":[{"embeddable":true,"href":"https:\/\/www.tvnovelas.com.br\/tvnews\/wp-json\/wp\/v2\/users\/1"}],"replies":[{"embeddable":true,"href":"https:\/\/www.tvnovelas.com.br\/tvnews\/wp-json\/wp\/v2\/comments?post=31520"}],"version-history":[{"count":0,"href":"https:\/\/www.tvnovelas.com.br\/tvnews\/wp-json\/wp\/v2\/posts\/31520\/revisions"}],"wp:featuredmedia":[{"embeddable":true,"href":"https:\/\/www.tvnovelas.com.br\/tvnews\/wp-json\/wp\/v2\/media\/31521"}],"wp:attachment":[{"href":"https:\/\/www.tvnovelas.com.br\/tvnews\/wp-json\/wp\/v2\/media?parent=31520"}],"wp:term":[{"taxonomy":"category","embeddable":true,"href":"https:\/\/www.tvnovelas.com.br\/tvnews\/wp-json\/wp\/v2\/categories?post=31520"},{"taxonomy":"post_tag","embeddable":true,"href":"https:\/\/www.tvnovelas.com.br\/tvnews\/wp-json\/wp\/v2\/tags?post=31520"}],"curies":[{"name":"wp","href":"https:\/\/api.w.org\/{rel}","templated":true}]}}