{"id":31623,"date":"2022-09-07T12:16:41","date_gmt":"2022-09-07T15:16:41","guid":{"rendered":"https:\/\/www.tvnovelas.com.br\/tvnews\/?p=31623"},"modified":"2022-09-07T12:16:41","modified_gmt":"2022-09-07T15:16:41","slug":"chocolate-com-pimenta-volta-nas-tardes-da-globo","status":"publish","type":"post","link":"https:\/\/www.tvnovelas.com.br\/tvnews\/chocolate-com-pimenta-volta-nas-tardes-da-globo\/","title":{"rendered":"&#8216;Chocolate com Pimenta&#8217; volta nas tardes da Globo"},"content":{"rendered":"<figure id=\"attachment_31628\" aria-describedby=\"caption-attachment-31628\" style=\"width: 600px\" class=\"wp-caption alignnone\"><img data-recalc-dims=\"1\" decoding=\"async\" class=\"wp-image-31628 size-full\" title=\"TV Globo \/ Rog\u00e9rio Domingues\" src=\"https:\/\/i0.wp.com\/www.tvnovelas.com.br\/tvnews\/wp-content\/uploads\/2022\/09\/33768.jpg?resize=600%2C360&#038;ssl=1\" alt=\"Foto de Chocolate com Pimenta\" width=\"600\" height=\"360\" \/><figcaption id=\"caption-attachment-31628\" class=\"wp-caption-text\">Ana Francisca (Mariana Ximenes) e Danilo (Murilo Ben\u00edcio) em Chocolate com Pimenta<\/figcaption><\/figure>\n<p>&#8216;Chocolate com Pimenta&#8217;, que teve sua primeira exibi\u00e7\u00e3o h\u00e1 quase 20 anos, vai ao ar nas tardes da TV Globo a partir do pr\u00f3ximo dia 26. Na primeira semana, a novela divide a faixa, ap\u00f3s o &#8216;Jornal Hoje&#8217;, com as emo\u00e7\u00f5es finais de &#8216;O Cravo e a Rosa&#8217;, nesta ordem de exibi\u00e7\u00e3o.<\/p>\n<p>De autoria de Walcyr Carrasco, com Jorge Fernando \u00e0 frente da dire\u00e7\u00e3o, a trama \u00e9 ambientada na d\u00e9cada de 1920 na fict\u00edcia Ventura, uma pequena cidade cuja economia gira em torno da f\u00e1brica de chocolates e bolos artesanais Bombom, de propriedade do milion\u00e1rio Ludovico (Ary Fontoura). Tendo como uma das fontes de inspira\u00e7\u00e3o a opereta &#8216;A Vi\u00fava Alegre&#8217;, do compositor h\u00fangaro Franz Leh\u00e1r, &#8216;Chocolate com Pimenta&#8217; apresenta a trajet\u00f3ria de Ana Francisca (Mariana Ximenes), uma menina humilde, ing\u00eanua e rom\u00e2ntica que, ap\u00f3s perder o pai, vai morar em Ventura com uma parte da fam\u00edlia que n\u00e3o conhece. Mesmo sendo uma esp\u00e9cie de \u201cpatinho feio\u201d, ela chama a aten\u00e7\u00e3o de Danilo (Murilo Ben\u00edcio), o rapaz mais bonito do col\u00e9gio e a grande paix\u00e3o da mimada e interesseira Olga (Priscila Fantin), que cria diversas artimanhas para impedir o romance dos dois.<\/p>\n<figure id=\"attachment_31625\" aria-describedby=\"caption-attachment-31625\" style=\"width: 600px\" class=\"wp-caption alignnone\"><img data-recalc-dims=\"1\" decoding=\"async\" class=\"wp-image-31625 size-full\" title=\"(TV Globo \/ Gianne Carvalho)\" src=\"https:\/\/i0.wp.com\/www.tvnovelas.com.br\/tvnews\/wp-content\/uploads\/2022\/09\/33768b.jpg?resize=600%2C360&#038;ssl=1\" alt=\"Foto de Chocolate com Pimenta\" width=\"600\" height=\"360\" \/><figcaption id=\"caption-attachment-31625\" class=\"wp-caption-text\">Olga (Priscila Fantin)<\/figcaption><\/figure>\n<p>Al\u00e9m da trama central, a novela tamb\u00e9m conquistou o p\u00fablico com as hist\u00f3rias paralelas e diversos personagens carism\u00e1ticos. As tramas divertidas em torno da fam\u00edlia simples de Ana Franscisca &#8211; que junto da prima M\u00e1rcia conta tamb\u00e9m com o tio Margarido (Osmar Prado), a av\u00f3 Carmem (Laura Cardoso), o primo Tim\u00f3teo (Marcelo Novaes) e a agregada D\u00e1lia (Carla Daniel) &#8211; s\u00e3o um dos pontos fortes da obra. Vil\u00f5es farsescos como os dos desenhos animados, os personagens Jezebel (Elizabeth Savala), Vivaldo (Fulvio Stefanini), Conde Klaus von Burgo (Cl\u00e1udio Corr\u00eaa e Castro) e Ter\u00eancio (Ernani Moraes) tamb\u00e9m garantiram o humor da trama &#8211; eles sempre eram os maiores prejudicados em suas pr\u00f3prias arma\u00e7\u00f5es. Bernardete (Kayky Brito), a filha adotiva de Jezebel, foi outro grande destaque na novela, com todo o mist\u00e9rio que envolvia sua vida.<\/p>\n<p>A fidelidade na reconstitui\u00e7\u00e3o da d\u00e9cada de 1920, a trilha sonora que trazia novos arranjos para m\u00fasicas tradicionais, os figurinos impec\u00e1veis e a perfei\u00e7\u00e3o da f\u00e1brica de chocolates s\u00e3o pontos que trouxeram for\u00e7a e identidade \u00e0 novela. Toda a linha de chocolates foi feita especialmente para a obra, com imagens que deixavam qualquer espectador com \u00e1gua na boca. As embalagens dos bombons, inspiradas em produtos ingleses da \u00e9poca da trama, e o logotipo da f\u00e1brica no estilo vitoriano e rom\u00e2ntico tamb\u00e9m se destacaram.<\/p>\n<figure id=\"attachment_31626\" aria-describedby=\"caption-attachment-31626\" style=\"width: 600px\" class=\"wp-caption alignnone\"><img data-recalc-dims=\"1\" decoding=\"async\" class=\"wp-image-31626 size-full\" title=\"(Foto: TV Globo \/ Gianne Carvalho)\" src=\"https:\/\/i0.wp.com\/www.tvnovelas.com.br\/tvnews\/wp-content\/uploads\/2022\/09\/33768a-1.jpg?resize=600%2C360&#038;ssl=1\" alt=\"Foto de Chocolate com Pimenta\" width=\"600\" height=\"360\" \/><figcaption id=\"caption-attachment-31626\" class=\"wp-caption-text\">Ana Francisca (Mariana Ximenes), Danilo (Murilo Ben\u00edcio) e Olga (Priscila Fantin)<\/figcaption><\/figure>\n<p>De volta a partir de 26 de setembro, &#8216;Chocolate com Pimenta \u2013 Edi\u00e7\u00e3o Especial&#8217;, tem autoria de Walcyr Carrasco, com dire\u00e7\u00e3o de n\u00facleo de Jorge Fernando. A dire\u00e7\u00e3o geral \u00e9 de Fabr\u00edcio Mamberti e dire\u00e7\u00e3o de Fred Mayrink. A novela traz ainda no elenco nomes como Lilia Cabral, Caco Ciocler, Angelo Paes Leme, Samara Felippo, Tarc\u00edsio Filho, N\u00edvea Stelmann, Ant\u00f4nio Grassi, Juliana Alves, Rodrigo Faro, Alexandre Barillari, Denise Del Vecchio, C\u00e1ssia Linhares, Lucinha Lins, Luiza Curvo, Malu Valle, M\u00f4nica Carvalho, Patricia Fran\u00e7a, Rosamaria Murtinho, Roberto Bomtempo, Rosane Gofman, entre outros.<br \/>\n<strong style=\"font-size: 120%;\">Saiba mais das novelas:<\/strong><br \/>\n<div class=\"pt-cv-wrapper\"><div class=\"pt-cv-view pt-cv-grid pt-cv-colsys\" id=\"pt-cv-view-90991035b3\"><div data-id=\"pt-cv-page-1\" class=\"pt-cv-page\" data-cvc=\"1\"><div class=\"col-md-12 col-sm-12 col-xs-12 pt-cv-content-item pt-cv-1-col\" ><div class='pt-cv-ifield'><h4 class=\"pt-cv-title\"><a href=\"https:\/\/www.tvnovelas.com.br\/tvnews\/coracao-de-mae-irmak-inicia-jogo-arriscado-contra-adnan\/\" class=\"_self\" target=\"_self\" >Cora\u00e7\u00e3o de M\u00e3e: Irmak inicia jogo arriscado contra Adnan<\/a><\/h4><\/div><\/div>\n<div class=\"col-md-12 col-sm-12 col-xs-12 pt-cv-content-item pt-cv-1-col\" ><div class='pt-cv-ifield'><h4 class=\"pt-cv-title\"><a href=\"https:\/\/www.tvnovelas.com.br\/tvnews\/guerra-das-rosas-omer-chama-gulru-vestida-de-noiva-para-fugir\/\" class=\"_self\" target=\"_self\" >Guerra das Rosas: Omer chama Gulru vestida de noiva para fugir<\/a><\/h4><\/div><\/div>\n<div class=\"col-md-12 col-sm-12 col-xs-12 pt-cv-content-item pt-cv-1-col\" ><div class='pt-cv-ifield'><h4 class=\"pt-cv-title\"><a href=\"https:\/\/www.tvnovelas.com.br\/tvnews\/coracao-de-mae-reha-sai-para-jantar-com-selvi\/\" class=\"_self\" target=\"_self\" >Cora\u00e7\u00e3o de M\u00e3e: Reha sai para jantar com Selvi<\/a><\/h4><\/div><\/div>\n<div class=\"col-md-12 col-sm-12 col-xs-12 pt-cv-content-item pt-cv-1-col\" ><div class='pt-cv-ifield'><h4 class=\"pt-cv-title\"><a href=\"https:\/\/www.tvnovelas.com.br\/tvnews\/coracao-acelerado-zila-se-preocupa-com-sua-situacao-apos-separacao\/\" class=\"_self\" target=\"_self\" >Cora\u00e7\u00e3o Acelerado: Zil\u00e1 se preocupa com sua situa\u00e7\u00e3o ap\u00f3s separa\u00e7\u00e3o<\/a><\/h4><\/div><\/div>\n<div class=\"col-md-12 col-sm-12 col-xs-12 pt-cv-content-item pt-cv-1-col\" ><div class='pt-cv-ifield'><h4 class=\"pt-cv-title\"><a href=\"https:\/\/www.tvnovelas.com.br\/tvnews\/a-nobreza-do-amor-tonho-nao-se-curva-diante-de-mirinho\/\" class=\"_self\" target=\"_self\" >A Nobreza do Amor: Tonho n\u00e3o se curva diante de Mirinho<\/a><\/h4><\/div><\/div>\n<div class=\"col-md-12 col-sm-12 col-xs-12 pt-cv-content-item pt-cv-1-col\" ><div class='pt-cv-ifield'><h4 class=\"pt-cv-title\"><a href=\"https:\/\/www.tvnovelas.com.br\/tvnews\/tres-gracas-arminda-surta-ao-confirmar-que-ferette-e-pai-de-raul\/\" class=\"_self\" target=\"_self\" >Tr\u00eas Gra\u00e7as:  Arminda surta ao confirmar que Ferette \u00e9 pai de Raul<\/a><\/h4><\/div><\/div>\n<div class=\"col-md-12 col-sm-12 col-xs-12 pt-cv-content-item pt-cv-1-col\" ><div class='pt-cv-ifield'><h4 class=\"pt-cv-title\"><a href=\"https:\/\/www.tvnovelas.com.br\/tvnews\/coracao-de-mae-atilla-confronta-hasan-e-exige-o-divorcio-de-lale\/\" class=\"_self\" target=\"_self\" >Cora\u00e7\u00e3o de M\u00e3e: Atilla confronta Hasan e exige o div\u00f3rcio de Lale<\/a><\/h4><\/div><\/div>\n<div class=\"col-md-12 col-sm-12 col-xs-12 pt-cv-content-item pt-cv-1-col\" ><div class='pt-cv-ifield'><h4 class=\"pt-cv-title\"><a href=\"https:\/\/www.tvnovelas.com.br\/tvnews\/guerra-das-rosas-gulfem-coloca-gulru-contra-a-parede\/\" class=\"_self\" target=\"_self\" >Guerra das Rosas: Gulfem coloca Gulru contra a parede<\/a><\/h4><\/div><\/div>\n<div class=\"col-md-12 col-sm-12 col-xs-12 pt-cv-content-item pt-cv-1-col\" ><div class='pt-cv-ifield'><h4 class=\"pt-cv-title\"><a href=\"https:\/\/www.tvnovelas.com.br\/tvnews\/coracao-de-mae-atilla-diz-a-lale-que-quer-o-divorcio\/\" class=\"_self\" target=\"_self\" >Cora\u00e7\u00e3o de M\u00e3e: Atilla diz a Lale que quer o div\u00f3rcio<\/a><\/h4><\/div><\/div>\n<div class=\"col-md-12 col-sm-12 col-xs-12 pt-cv-content-item pt-cv-1-col\" ><div class='pt-cv-ifield'><h4 class=\"pt-cv-title\"><a href=\"https:\/\/www.tvnovelas.com.br\/tvnews\/a-nobreza-do-amor-mirinho-garante-noivado-com-virginia-para-atrair-sogro-a-negocio\/\" class=\"_self\" target=\"_self\" >A Nobreza do Amor: Mirinho garante noivado com Virg\u00ednia para atrair sogro a neg\u00f3cio<\/a><\/h4><\/div><\/div><\/div><\/div><\/div><br \/>\n<a href=\"https:\/\/www.tvnovelas.com.br\/novelas\/\"><strong>Confira os resumos da semana de todas novelas<\/strong><\/a><br \/>\n<a href=\"http:\/\/tvnovelas.com.br\/filmes\" target=\"_blank\" rel=\"noopener\">Veja tamb\u00e9m: Todas as telas: filmes e s\u00e9ries nos streamings<\/a><\/p>\n<h3>Confira tamb\u00e9m<\/h3>\n<p><a href=\"https:\/\/www.tvnovelas.com.br\/filmes\/\" target=\"_blank\" rel=\"noopener noreferrer\"><strong>Programa\u00e7\u00e3o de filmes na TV aberta<\/strong><\/a><br \/>\n<a href=\"https:\/\/tvnovelas.com.br\/filmes\/filmes-e-series-ineditos-em-estreia-na-semana-na-netflix\/\" target=\"_blank\" rel=\"noopener noreferrer\"><strong>Estreias da semana na Netflix<\/strong><\/a><br \/>\n<a href=\"https:\/\/caetenews.com.br\/semana\/filmes-da-globo-na-sessao-da-tarde-desta-semana\/\" target=\"_blank\" rel=\"noopener\"><strong>Confira os filmes da semana na Sess\u00e3o da Tarde<\/strong><\/a><br \/>\n<a href=\"\/\/tvnovelas.com.br\/filmes\/filmes-em-estreia-nos-cinemas\/\" target=\"_blank\" rel=\"noopener noreferrer\"><strong>Estreias e novidades no Cinema<\/strong><\/a><br \/>\n<a href=\"https:\/\/www.tvnovelas.com.br\/novelas\/\" target=\"_blank\" rel=\"noopener noreferrer\"><strong>Resumos de novelas<\/strong><\/a><\/p>\n","protected":false},"excerpt":{"rendered":"<p>&#8216;Chocolate com Pimenta&#8217;, que teve sua primeira exibi\u00e7\u00e3o h\u00e1 quase 20 anos, vai ao ar nas tardes da TV Globo a partir do pr\u00f3ximo dia 26&#8230;<\/p>\n","protected":false},"author":1,"featured_media":31628,"comment_status":"closed","ping_status":"closed","sticky":false,"template":"","format":"standard","meta":{"_uf_show_specific_survey":0,"_uf_disable_surveys":false,"_jetpack_memberships_contains_paid_content":false,"footnotes":"","_wp_rev_ctl_limit":""},"categories":[236],"tags":[5,64],"class_list":["post-31623","post","type-post","status-publish","format-standard","has-post-thumbnail","hentry","category-globo","tag-globo","tag-novelas","wpcat-236-id"],"aioseo_notices":[],"jetpack_featured_media_url":"https:\/\/i0.wp.com\/www.tvnovelas.com.br\/tvnews\/wp-content\/uploads\/2022\/09\/33768.jpg?fit=600%2C360&ssl=1","jetpack_shortlink":"https:\/\/wp.me\/pdP2BO-8e3","jetpack_sharing_enabled":true,"_links":{"self":[{"href":"https:\/\/www.tvnovelas.com.br\/tvnews\/wp-json\/wp\/v2\/posts\/31623","targetHints":{"allow":["GET"]}}],"collection":[{"href":"https:\/\/www.tvnovelas.com.br\/tvnews\/wp-json\/wp\/v2\/posts"}],"about":[{"href":"https:\/\/www.tvnovelas.com.br\/tvnews\/wp-json\/wp\/v2\/types\/post"}],"author":[{"embeddable":true,"href":"https:\/\/www.tvnovelas.com.br\/tvnews\/wp-json\/wp\/v2\/users\/1"}],"replies":[{"embeddable":true,"href":"https:\/\/www.tvnovelas.com.br\/tvnews\/wp-json\/wp\/v2\/comments?post=31623"}],"version-history":[{"count":0,"href":"https:\/\/www.tvnovelas.com.br\/tvnews\/wp-json\/wp\/v2\/posts\/31623\/revisions"}],"wp:featuredmedia":[{"embeddable":true,"href":"https:\/\/www.tvnovelas.com.br\/tvnews\/wp-json\/wp\/v2\/media\/31628"}],"wp:attachment":[{"href":"https:\/\/www.tvnovelas.com.br\/tvnews\/wp-json\/wp\/v2\/media?parent=31623"}],"wp:term":[{"taxonomy":"category","embeddable":true,"href":"https:\/\/www.tvnovelas.com.br\/tvnews\/wp-json\/wp\/v2\/categories?post=31623"},{"taxonomy":"post_tag","embeddable":true,"href":"https:\/\/www.tvnovelas.com.br\/tvnews\/wp-json\/wp\/v2\/tags?post=31623"}],"curies":[{"name":"wp","href":"https:\/\/api.w.org\/{rel}","templated":true}]}}