{"id":31919,"date":"2022-09-16T17:54:28","date_gmt":"2022-09-16T20:54:28","guid":{"rendered":"https:\/\/www.tvnovelas.com.br\/tvnews\/?p=31919"},"modified":"2022-09-16T17:56:06","modified_gmt":"2022-09-16T20:56:06","slug":"sbt-retorna-as-novelas-maria-esperanca-e-cristal-a-partir-desta-segunda-dia-19","status":"publish","type":"post","link":"https:\/\/www.tvnovelas.com.br\/tvnews\/sbt-retorna-as-novelas-maria-esperanca-e-cristal-a-partir-desta-segunda-dia-19\/","title":{"rendered":"SBT retorna as novelas &#8216;Maria Esperan\u00e7a&#8217; e &#8216;Cristal&#8217; a partir desta segunda, dia 19"},"content":{"rendered":"<p><em>Not\u00edcias de novelas do SBT<\/em><br \/>\nA partir da pr\u00f3xima segunda-feira (19), o SBT volta a exibir as novelas &#8216;Maria Esperan\u00e7a&#8217; e &#8216;Cristal&#8217;. Elas v\u00e3o ao ar de segunda a sexta-feira, \u00e0s 12h e 13h25, respectivamente.<\/p>\n<h2>&#8216;Cristal&#8217;<\/h2>\n<p><img data-recalc-dims=\"1\" decoding=\"async\" class=\"alignnone wp-image-31920 size-full\" title=\"(Foto: Lourival Ribeiro\/SBT)\" src=\"https:\/\/i0.wp.com\/www.tvnovelas.com.br\/tvnews\/wp-content\/uploads\/2022\/09\/34872.jpg?resize=600%2C360&#038;ssl=1\" alt=\"Foto de cena da novela Cristal, no SBT\" width=\"600\" height=\"360\" \/><br \/>\nA novela conta hist\u00f3ria de Vit\u00f3ria Asc\u00e2nio, a propriet\u00e1ria da Maison Vit\u00f3ria, grife de prest\u00edgio. Dominadora e dona de uma personalidade marcante, quem a conhece jamais poderia suspeitar de seu passado. H\u00e1 22 anos, ela n\u00e3o passava de uma empregada dom\u00e9stica na casa de Dona Lu\u00edsa, m\u00e3e de \u00c2ngelo de Jesus, jovem com voca\u00e7\u00e3o religiosa. Antes de ingressar no semin\u00e1rio, \u00c2ngelo teve uma noite de amor com Vit\u00f3ria, que ficou gr\u00e1vida, foi humilhada por Lu\u00edsa e expulsa da casa da patroa. E para evitar que o filho abandone a carreira sacerdotal, Lu\u00edsa esconde dele a exist\u00eancia da crian\u00e7a.<\/p>\n<p>Ao dar \u00e0 luz uma menina em um ambiente de mis\u00e9ria, fome e desamparo, Vit\u00f3ria \u00e9 obrigada a deix\u00e1-la na porta da casa de uma fam\u00edlia de posses. Ao contr\u00e1rio do que esperava, a menina \u00e9 entregue \u00e0s autoridades e encaminhada para o orfanato Bom Pastor. \u00d3rf\u00e3 criada e educada pelas freiras, Cristina, a filha de Vit\u00f3ria, tornou-se uma linda jovem com s\u00f3lida forma\u00e7\u00e3o moral. Ela divide apartamento com duas amigas, Zoraide e Inoc\u00eancia, e trabalha em um banco. Cristina alimenta o sonho de ser modelo.<\/p>\n<p>O sonho de Cristina a reaproxima da m\u00e3e quando ela \u00e9 contratada por Vit\u00f3ria para ser uma de suas modelos, sem que as duas conhe\u00e7am suas liga\u00e7\u00f5es familiares. Casada com Alessandro Asc\u00e2nio, um famoso ator, e m\u00e3e da mimada Eliana, Vit\u00f3ria n\u00e3o esquece sua filha abandonada e n\u00e3o desiste de reencontr\u00e1-la.<\/p>\n<p>Cristina se torna \u201cCristal\u201d, uma das principais modelos da Maison Vit\u00f3ria e desperta o interesse de Jo\u00e3o Pedro, o enteado de Vit\u00f3ria. No in\u00edcio, o romance entre os dois n\u00e3o passa de uma aventura amorosa, mas se transforma em um amor sincero que pode ganhar rumos totalmente inesperados.<\/p>\n<h2>&#8216;Maria Esperan\u00e7a&#8217;<\/h2>\n<p><img data-recalc-dims=\"1\" decoding=\"async\" class=\"alignnone wp-image-31921 size-full\" title=\"(Fotos: Francisco In\u00e1cio\/SBT)\" src=\"https:\/\/i0.wp.com\/www.tvnovelas.com.br\/tvnews\/wp-content\/uploads\/2022\/09\/34873.jpg?resize=600%2C360&#038;ssl=1\" alt=\"Foto de cena de Maria Esperan\u00e7a, em SBT\" width=\"600\" height=\"360\" \/><br \/>\nA trama protagonizada por B\u00e1rbara Paz, teve sua primeira exibi\u00e7\u00e3o em 2007, conquistando o cora\u00e7\u00e3o dos brasileiros. A novela vai ao ar de segunda-feira a sexta-feira, \u00e0s 12h.<\/p>\n<p>Maria Esperan\u00e7a (B\u00e1rbara Paz) \u00e9 uma garota doce que sustenta sozinha a fam\u00edlia vendendo flores e bilhetes de loteria pelas ruas. Abandonada pela m\u00e3e ainda quando crian\u00e7a, ela vive com o pai, Ramiro (Walter Breda), um alco\u00f3latra que nunca teve como sustentar os filhos, e os irm\u00e3os: Guilherme (Daniel Morozetti), um jovem revoltado e problem\u00e1tico, Isabel (Greta Antoine), uma adolescente f\u00fatil e ambiciosa, e Andr\u00e9 (Rafael Chagas), um ador\u00e1vel garoto de princ\u00edpios, no fundo o \u00fanico que valoriza a luta de Maria Esperan\u00e7a para manter a fam\u00edlia unida.<\/p>\n<p>Sua m\u00e3e deixou os filhos por uma vida melhor nos Estados Unidos. No pa\u00eds, ela reconstruiu sua vida e teve mais um filho. Ap\u00f3s conhecer Santiago Trajano Queiroz (Nico Puig), um homem rico e amargurado, a vida de Maria Esperan\u00e7a passa por uma guinada. Como o milion\u00e1rio detesta os poucos parentes que tem \u2013 uma tia, Malvina, (T\u00e2nia Bondezan) e os primos Eduardo (Ricardo Ramory) e Beatriz (Vanessa Goulart) -, ele, que sofre de uma doen\u00e7a incur\u00e1vel, deixa todo o seu dinheiro para Maria.<\/p>\n<p>Enquanto Malvina \u00e9 uma mulher ambiciosa, que faz de tudo para conquistar o que deseja, seu filho Eduardo \u00e9 um rapaz esfor\u00e7ado, que guarda uma triste hist\u00f3ria \u2013 sua noiva foi morta ao sair da igreja no dia do casamento. Entre ele e Maria surgir\u00e1 uma forte atra\u00e7\u00e3o.<\/p>\n<p>Mas Maria e Eduardo ter\u00e3o uma s\u00e9rie de problemas e pessoas a enfrentar ao longo desta hist\u00f3ria. Al\u00e9m da vil\u00e3 Malvina, que v\u00ea na nora uma fonte de renda, muitos tentar\u00e3o prejudicar o casal.<br \/>\n<strong style=\"font-size: 120%;\">Saiba mais das novelas:<\/strong><br \/>\n<div class=\"pt-cv-wrapper\"><div class=\"pt-cv-view pt-cv-grid pt-cv-colsys\" id=\"pt-cv-view-90991035b3\"><div data-id=\"pt-cv-page-1\" class=\"pt-cv-page\" data-cvc=\"1\"><div class=\"col-md-12 col-sm-12 col-xs-12 pt-cv-content-item pt-cv-1-col\" ><div class='pt-cv-ifield'><h4 class=\"pt-cv-title\"><a href=\"https:\/\/www.tvnovelas.com.br\/tvnews\/guerra-das-rosas-omer-chama-gulru-vestida-de-noiva-para-fugir\/\" class=\"_self\" target=\"_self\" >Guerra das Rosas: Omer chama Gulru vestida de noiva para fugir<\/a><\/h4><\/div><\/div>\n<div class=\"col-md-12 col-sm-12 col-xs-12 pt-cv-content-item pt-cv-1-col\" ><div class='pt-cv-ifield'><h4 class=\"pt-cv-title\"><a href=\"https:\/\/www.tvnovelas.com.br\/tvnews\/coracao-de-mae-reha-sai-para-jantar-com-selvi\/\" class=\"_self\" target=\"_self\" >Cora\u00e7\u00e3o de M\u00e3e: Reha sai para jantar com Selvi<\/a><\/h4><\/div><\/div>\n<div class=\"col-md-12 col-sm-12 col-xs-12 pt-cv-content-item pt-cv-1-col\" ><div class='pt-cv-ifield'><h4 class=\"pt-cv-title\"><a href=\"https:\/\/www.tvnovelas.com.br\/tvnews\/coracao-acelerado-zila-se-preocupa-com-sua-situacao-apos-separacao\/\" class=\"_self\" target=\"_self\" >Cora\u00e7\u00e3o Acelerado: Zil\u00e1 se preocupa com sua situa\u00e7\u00e3o ap\u00f3s separa\u00e7\u00e3o<\/a><\/h4><\/div><\/div>\n<div class=\"col-md-12 col-sm-12 col-xs-12 pt-cv-content-item pt-cv-1-col\" ><div class='pt-cv-ifield'><h4 class=\"pt-cv-title\"><a href=\"https:\/\/www.tvnovelas.com.br\/tvnews\/a-nobreza-do-amor-tonho-nao-se-curva-diante-de-mirinho\/\" class=\"_self\" target=\"_self\" >A Nobreza do Amor: Tonho n\u00e3o se curva diante de Mirinho<\/a><\/h4><\/div><\/div>\n<div class=\"col-md-12 col-sm-12 col-xs-12 pt-cv-content-item pt-cv-1-col\" ><div class='pt-cv-ifield'><h4 class=\"pt-cv-title\"><a href=\"https:\/\/www.tvnovelas.com.br\/tvnews\/tres-gracas-arminda-surta-ao-confirmar-que-ferette-e-pai-de-raul\/\" class=\"_self\" target=\"_self\" >Tr\u00eas Gra\u00e7as:  Arminda surta ao confirmar que Ferette \u00e9 pai de Raul<\/a><\/h4><\/div><\/div>\n<div class=\"col-md-12 col-sm-12 col-xs-12 pt-cv-content-item pt-cv-1-col\" ><div class='pt-cv-ifield'><h4 class=\"pt-cv-title\"><a href=\"https:\/\/www.tvnovelas.com.br\/tvnews\/coracao-de-mae-atilla-confronta-hasan-e-exige-o-divorcio-de-lale\/\" class=\"_self\" target=\"_self\" >Cora\u00e7\u00e3o de M\u00e3e: Atilla confronta Hasan e exige o div\u00f3rcio de Lale<\/a><\/h4><\/div><\/div>\n<div class=\"col-md-12 col-sm-12 col-xs-12 pt-cv-content-item pt-cv-1-col\" ><div class='pt-cv-ifield'><h4 class=\"pt-cv-title\"><a href=\"https:\/\/www.tvnovelas.com.br\/tvnews\/guerra-das-rosas-gulfem-coloca-gulru-contra-a-parede\/\" class=\"_self\" target=\"_self\" >Guerra das Rosas: Gulfem coloca Gulru contra a parede<\/a><\/h4><\/div><\/div>\n<div class=\"col-md-12 col-sm-12 col-xs-12 pt-cv-content-item pt-cv-1-col\" ><div class='pt-cv-ifield'><h4 class=\"pt-cv-title\"><a href=\"https:\/\/www.tvnovelas.com.br\/tvnews\/coracao-de-mae-atilla-diz-a-lale-que-quer-o-divorcio\/\" class=\"_self\" target=\"_self\" >Cora\u00e7\u00e3o de M\u00e3e: Atilla diz a Lale que quer o div\u00f3rcio<\/a><\/h4><\/div><\/div>\n<div class=\"col-md-12 col-sm-12 col-xs-12 pt-cv-content-item pt-cv-1-col\" ><div class='pt-cv-ifield'><h4 class=\"pt-cv-title\"><a href=\"https:\/\/www.tvnovelas.com.br\/tvnews\/a-nobreza-do-amor-mirinho-garante-noivado-com-virginia-para-atrair-sogro-a-negocio\/\" class=\"_self\" target=\"_self\" >A Nobreza do Amor: Mirinho garante noivado com Virg\u00ednia para atrair sogro a neg\u00f3cio<\/a><\/h4><\/div><\/div>\n<div class=\"col-md-12 col-sm-12 col-xs-12 pt-cv-content-item pt-cv-1-col\" ><div class='pt-cv-ifield'><h4 class=\"pt-cv-title\"><a href=\"https:\/\/www.tvnovelas.com.br\/tvnews\/tres-gracas-joaquim-propoe-fuga-a-arminda-com-o-dinheiro-das-tres-gracas\/\" class=\"_self\" target=\"_self\" >Tr\u00eas Gra\u00e7as:  Joaquim prop\u00f5e fuga a Arminda com o dinheiro das Tr\u00eas Gra\u00e7as<\/a><\/h4><\/div><\/div><\/div><\/div><\/div><br \/>\n<a href=\"https:\/\/www.tvnovelas.com.br\/novelas\/\"><strong>Confira os resumos da semana de todas novelas<\/strong><\/a><br \/>\n<a href=\"http:\/\/tvnovelas.com.br\/filmes\" target=\"_blank\" rel=\"noopener\">Veja tamb\u00e9m: Todas as telas: filmes e s\u00e9ries nos streamings<\/a><\/p>\n<h3>Confira tamb\u00e9m<\/h3>\n<p><a href=\"https:\/\/www.tvnovelas.com.br\/filmes\/\" target=\"_blank\" rel=\"noopener noreferrer\"><strong>Programa\u00e7\u00e3o de filmes na TV aberta<\/strong><\/a><br \/>\n<a href=\"https:\/\/tvnovelas.com.br\/filmes\/filmes-e-series-ineditos-em-estreia-na-semana-na-netflix\/\" target=\"_blank\" rel=\"noopener noreferrer\"><strong>Estreias da semana na Netflix<\/strong><\/a><br \/>\n<a href=\"https:\/\/caetenews.com.br\/semana\/filmes-da-globo-na-sessao-da-tarde-desta-semana\/\" target=\"_blank\" rel=\"noopener\"><strong>Confira os filmes da semana na Sess\u00e3o da Tarde<\/strong><\/a><br \/>\n<a href=\"\/\/tvnovelas.com.br\/filmes\/filmes-em-estreia-nos-cinemas\/\" target=\"_blank\" rel=\"noopener noreferrer\"><strong>Estreias e novidades no Cinema<\/strong><\/a><br \/>\n<a href=\"https:\/\/www.tvnovelas.com.br\/novelas\/\" target=\"_blank\" rel=\"noopener noreferrer\"><strong>Resumos de novelas<\/strong><\/a><\/p>\n","protected":false},"excerpt":{"rendered":"<p>SBT retorna as novelas &#8216;Maria Esperan\u00e7a&#8217; e &#8216;Cristal&#8217; a partir desta segunda, dia 19. Elas v\u00e3o ao ar de segunda a sexta-feira, \u00e0s 12h e 13h25, respectivamente&#8230;.<\/p>\n","protected":false},"author":1,"featured_media":31921,"comment_status":"closed","ping_status":"closed","sticky":false,"template":"","format":"standard","meta":{"_uf_show_specific_survey":0,"_uf_disable_surveys":false,"_jetpack_memberships_contains_paid_content":false,"footnotes":"","_wp_rev_ctl_limit":""},"categories":[232],"tags":[342,341,64,13],"class_list":["post-31919","post","type-post","status-publish","format-standard","has-post-thumbnail","hentry","category-sbt","tag-cristal","tag-maria-esperanca","tag-novelas","tag-sbt","wpcat-232-id"],"aioseo_notices":[],"jetpack_featured_media_url":"https:\/\/i0.wp.com\/www.tvnovelas.com.br\/tvnews\/wp-content\/uploads\/2022\/09\/34873.jpg?fit=600%2C360&ssl=1","jetpack_shortlink":"https:\/\/wp.me\/pdP2BO-8iP","jetpack_sharing_enabled":true,"_links":{"self":[{"href":"https:\/\/www.tvnovelas.com.br\/tvnews\/wp-json\/wp\/v2\/posts\/31919","targetHints":{"allow":["GET"]}}],"collection":[{"href":"https:\/\/www.tvnovelas.com.br\/tvnews\/wp-json\/wp\/v2\/posts"}],"about":[{"href":"https:\/\/www.tvnovelas.com.br\/tvnews\/wp-json\/wp\/v2\/types\/post"}],"author":[{"embeddable":true,"href":"https:\/\/www.tvnovelas.com.br\/tvnews\/wp-json\/wp\/v2\/users\/1"}],"replies":[{"embeddable":true,"href":"https:\/\/www.tvnovelas.com.br\/tvnews\/wp-json\/wp\/v2\/comments?post=31919"}],"version-history":[{"count":0,"href":"https:\/\/www.tvnovelas.com.br\/tvnews\/wp-json\/wp\/v2\/posts\/31919\/revisions"}],"wp:featuredmedia":[{"embeddable":true,"href":"https:\/\/www.tvnovelas.com.br\/tvnews\/wp-json\/wp\/v2\/media\/31921"}],"wp:attachment":[{"href":"https:\/\/www.tvnovelas.com.br\/tvnews\/wp-json\/wp\/v2\/media?parent=31919"}],"wp:term":[{"taxonomy":"category","embeddable":true,"href":"https:\/\/www.tvnovelas.com.br\/tvnews\/wp-json\/wp\/v2\/categories?post=31919"},{"taxonomy":"post_tag","embeddable":true,"href":"https:\/\/www.tvnovelas.com.br\/tvnews\/wp-json\/wp\/v2\/tags?post=31919"}],"curies":[{"name":"wp","href":"https:\/\/api.w.org\/{rel}","templated":true}]}}