{"id":31965,"date":"2022-09-17T16:08:32","date_gmt":"2022-09-17T19:08:32","guid":{"rendered":"https:\/\/www.tvnovelas.com.br\/tvnews\/?p=31965"},"modified":"2022-09-17T16:08:32","modified_gmt":"2022-09-17T19:08:32","slug":"em-resumo-a-semana-19-a-24-da-novela-cara-e-coragem","status":"publish","type":"post","link":"https:\/\/www.tvnovelas.com.br\/tvnews\/em-resumo-a-semana-19-a-24-da-novela-cara-e-coragem\/","title":{"rendered":"Em resumo, a semana (19 a 24) da novela Cara e Coragem"},"content":{"rendered":"<p><em>Not\u00edcias de Cara e Coragem:<\/em><br \/>\n<img data-recalc-dims=\"1\" decoding=\"async\" class=\"alignnone wp-image-31966 size-full\" title=\"(Foto: Globo\/Cara e Coragem)\" src=\"https:\/\/i0.wp.com\/www.tvnovelas.com.br\/tvnews\/wp-content\/uploads\/2022\/09\/34885c.jpg?resize=600%2C360&#038;ssl=1\" alt=\"Foto de Pat e Lou em Cara e Coragem\" width=\"600\" height=\"360\" \/><br \/>\n<strong>Resumo de segunda-feira, 19 de setembro<\/strong><br \/>\nRebeca reconhece Socorro, funcion\u00e1ria do orfanato, e se emociona. Pat e Moa entram na sala da intelig\u00eancia, e Armandinho se esconde para evitar o flagrante. Renan se enfurece com a aus\u00eancia de \u00cdsis no ensaio. \u00cdsis confirma a gravidez e joga, sem querer, o teste na bolsa de M\u00e1rcia. Ol\u00edvia v\u00ea o teste de gravidez cair da bolsa de M\u00e1rcia e deduz que a professora de dan\u00e7a est\u00e1 gr\u00e1vida de Rico. Paulo e Marcela se beijam. Lou confessa para Ol\u00edvia que est\u00e1 apaixonada por Rico. \u00cdtalo fala com os s\u00f3cios sobre sua desconfian\u00e7a de Regina. Anita v\u00ea o terninho laranja que deixou no brech\u00f3 de Dalva. Rebeca pega com Socorro um livro que ganhou da m\u00e3e quando ela era pequena. \u00cdtalo planeja conhecer Dagmar.<\/p>\n<p><strong>Resumo de ter\u00e7a-feira, 20 de setembro<\/strong><br \/>\nLeonardo diz para \u00cdtalo que Regina tem vergonha da m\u00e3e. Anita decide ficar com o terninho laranja. Danilo insiste com Rebeca para contratar um detetive para encontrar a sua m\u00e3e. Jarbas entrega para \u00cdtalo o n\u00famero do celular de Dagmar. \u00cdsis n\u00e3o consegue falar com Renan sobre a gravidez. Enzo sugere que Ol\u00edvia confirme a suposta gravidez de M\u00e1rcia, antes de contar para Lou. \u00cdsis revela para Cleide que est\u00e1 gr\u00e1vida. Danilo v\u00ea Moa abra\u00e7ar Rebeca e tem uma crise de ci\u00fames. \u00cdtalo manda Rico ir \u00e0 festa na casa de Bob para que ele aproveite a oportunidade e possa falar com Dagmar na casa de Martha. Moa conta para Pat sobre o desentendimento com Danilo. \u00cdtalo vai \u00e0 casa dos Gusm\u00e3o se encontrar com Dagmar. Caio segue as instru\u00e7\u00f5es de Regina e se aproxima de Martha.<\/p>\n<p><img data-recalc-dims=\"1\" decoding=\"async\" class=\"alignnone wp-image-31967 size-full\" title=\"(Foto: Reprodu\u00e7\u00e3o\/Globo\/Cara e Coragem)\" src=\"https:\/\/i0.wp.com\/www.tvnovelas.com.br\/tvnews\/wp-content\/uploads\/2022\/09\/34885b.jpg?resize=600%2C360&#038;ssl=1\" alt=\"Foto de Leo em Cara e Coragem\" width=\"600\" height=\"360\" \/><br \/>\n<strong>Resumo de quarta-feira, 21 de setembro<\/strong><br \/>\nMartha conversa com Caio e fica impressionada com a gentileza do falso empres\u00e1rio. \u00cdtalo descobre que Regina e Leonardo n\u00e3o estavam com Dagmar na noite em que Clarice morreu. J\u00e9ssica flagra Andr\u00e9a e Bob juntos e finge uma crise de ci\u00fames. \u00cdtalo conta para os s\u00f3cios sobre seu encontro com Dagmar. Rebeca revela para Andr\u00e9a que est\u00e1 \u00e0 procura da m\u00e3e que a abandonou. Leonardo decide aceitar o plano de Regina para que Martha se envolva com Caio e se afaste da empresa. M\u00e1rcia encontra o teste de gravidez em sua bolsa e procura \u00cdsis. Ol\u00edvia conta para Lou que M\u00e1rcia est\u00e1 gr\u00e1vida e ela acredita que o pai do beb\u00ea \u00e9 Rico. Andr\u00e9a procura Pat por causa de Rebeca. Caio beija Martha.<\/p>\n<p><strong>Resumo quinta-feira, 22 de setembro<\/strong> (Cap\u00edtulo 100)<br \/>\nCaio se vangloria por conquistar Martha. M\u00e1rcia repreende \u00cdsis por ter colocado o teste em sua bolsa e a consola sobre a rea\u00e7\u00e3o de Renan. Andr\u00e9a comenta com Pat que o broche que Clarice usava nas reuni\u00f5es do grupo nunca foi encontrado. Lou termina o namoro com Rico, que fica arrasado e sem entender a situa\u00e7\u00e3o. Rebeca aceita o convite de Pat e Andr\u00e9a para frequentar as reuni\u00f5es com o grupo de mulheres. Rico e M\u00e1rcia explicam para Ol\u00edvia o mal-entendido sobre a gravidez. Dona Lia decide revelar para Anita um segredo sobre a noite que Clarice morreu. \u00cdtalo manda Jarbas falar para Paulo e Marcela que o \u00e1libi de Regina e Leonardo \u00e9 falso. Lou sofre um acidente grave durante a grava\u00e7\u00e3o de um comercial. Anita mostra a foto de Leonardo para o recepcionista do hotel onde ele esteve na noite em que Clarice morreu. Lou precisa da doa\u00e7\u00e3o de um sangue raro. Joca chega ao hospital ap\u00f3s o chamado de Ol\u00edvia para salvar a vida da bailarina. Pat descobre que Joca tamb\u00e9m \u00e9 pai de Lou.<\/p>\n<p><img data-recalc-dims=\"1\" decoding=\"async\" class=\"alignnone wp-image-31968 size-full\" title=\"(Foto: Reprodu\u00e7\u00e3o\/Globo\/Cara e Coragem)\" src=\"https:\/\/i0.wp.com\/www.tvnovelas.com.br\/tvnews\/wp-content\/uploads\/2022\/09\/34885a.jpg?resize=600%2C360&#038;ssl=1\" alt=\"Foto de Rebeca em Cara e Coragem\" width=\"600\" height=\"360\" \/><br \/>\n<strong>Resumo de sexta-feira, 23 de setembro<\/strong><br \/>\nRico confirma a Pat que ela e Lou s\u00e3o irm\u00e3s. Moa, Alfredo e Armandinho tamb\u00e9m ficam chocados com a revela\u00e7\u00e3o. Anita descobre que Leonardo se hospedou com um nome falso em um hotel barato no dia da morte da irm\u00e3. Cleide descobre que Renan \u00e9 o pai do filho que \u00cdsis est\u00e1 esperando. Renan obriga Lucas a lev\u00e1-lo ao hospital onde Lou est\u00e1 internada. Dagmar se desespera ao ser chamada para ir \u00e0 delegacia. Pat enfrenta Joca e exige explica\u00e7\u00f5es do pai. O m\u00e9dico anuncia que a cirurgia de Lou foi um sucesso, mas seu estado ainda \u00e9 grave. Danilo avisa a Rebeca que o detetive tem novidades sobre a investiga\u00e7\u00e3o. Lou acorda ap\u00f3s a cirurgia e expulsa Rico de seu quarto. Pressionado por Pat, Joca conta para Nadir que \u00e9 pai de Lou. Nadir se enfurece com a trai\u00e7\u00e3o de Joca e o expulsa de casa. Anita diz a dona Lia que a pol\u00edcia pode achar que foi ela quem matou Clarice, caso Dagmar n\u00e3o confirme o \u00e1libi de Regina e Leonardo. Marcela e Paulo interrogam Dagmar.<\/p>\n<p><strong>Resumo de s\u00e1bado, 24 de setembro<\/strong><br \/>\nDagmar se atrapalha durante seu depoimento, e Marcela e Paulo ficam intrigados. Renan decide ficar no hospital para falar com Lou. Regina e Leonardo confirmam que \u00cdtalo est\u00e1 investigando a morte de Clarice. Marino, um antigo colega de trabalho de \u00cdtalo, sugere que Paulo se alie ao ex-seguran\u00e7a. Joca pede perd\u00e3o a Lou. Pat e Ol\u00edvia conversam seriamente. Kak\u00e1 Bezerra pede para voltar a trabalhar na Coragem.com. J\u00e9ssica \u00e9 abordada por bandidos quando levava noiva pra igreja e \u00e9 obrigada a dirigir para o grupo. Lou pede para conversar com Renan. Rebeca se anima ao saber que o detetive encontrou sua m\u00e3e. Luana v\u00ea Martha sofrendo por Clarice e pensa em revelar a verdade para a empres\u00e1ria. Desacordada, Clarice sonha com o pai, Roberto Gusm\u00e3o, e o equipamento m\u00e9dico registra altera\u00e7\u00e3o nos batimentos. O m\u00e9dico age r\u00e1pido para estabilizar o quadro.<br \/>\n<div class=\"pt-cv-wrapper\"><div class=\"pt-cv-view pt-cv-grid pt-cv-colsys\" id=\"pt-cv-view-02684292u5\"><div data-id=\"pt-cv-page-1\" class=\"pt-cv-page\" data-cvc=\"1\"><div class=\"col-md-12 col-sm-12 col-xs-12 pt-cv-content-item pt-cv-1-col\" ><div class='pt-cv-ifield'><h4 class=\"pt-cv-title\"><a href=\"https:\/\/www.tvnovelas.com.br\/tvnews\/cara-e-coragem-clarice-e-italo-se-casam\/\" class=\"_blank\" target=\"_blank\" >Cara e Coragem: Clarice e \u00cdtalo se casam<\/a><\/h4><\/div><\/div>\n<div class=\"col-md-12 col-sm-12 col-xs-12 pt-cv-content-item pt-cv-1-col\" ><div class='pt-cv-ifield'><h4 class=\"pt-cv-title\"><a href=\"https:\/\/www.tvnovelas.com.br\/tvnews\/cara-e-coragem-danilo-e-regina-pegam-30-anos-de-prisao\/\" class=\"_blank\" target=\"_blank\" >Cara e Coragem: Danilo e Regina pegam 30 anos de pris\u00e3o<\/a><\/h4><\/div><\/div>\n<div class=\"col-md-12 col-sm-12 col-xs-12 pt-cv-content-item pt-cv-1-col\" ><div class='pt-cv-ifield'><h4 class=\"pt-cv-title\"><a href=\"https:\/\/www.tvnovelas.com.br\/tvnews\/cara-e-coragem-danilo-sequestra-sosso-e-chiquinho\/\" class=\"_blank\" target=\"_blank\" >Cara e Coragem: Danilo sequestra Soss\u00f4 e Chiquinho<\/a><\/h4><\/div><\/div>\n<div class=\"col-md-12 col-sm-12 col-xs-12 pt-cv-content-item pt-cv-1-col\" ><div class='pt-cv-ifield'><h4 class=\"pt-cv-title\"><a href=\"https:\/\/www.tvnovelas.com.br\/tvnews\/cara-e-coragem-regina-mata-um-na-casa-dos-gusmao\/\" class=\"_blank\" target=\"_blank\" >Cara e Coragem: Regina mata um na casa dos Gusm\u00e3o<\/a><\/h4><\/div><\/div><\/div><\/div><\/div><br \/>\n<strong style=\"font-size: 120%;\">Saiba mais das novelas:<\/strong><br \/>\n<div class=\"pt-cv-wrapper\"><div class=\"pt-cv-view pt-cv-grid pt-cv-colsys\" id=\"pt-cv-view-90991035b3\"><div data-id=\"pt-cv-page-1\" class=\"pt-cv-page\" data-cvc=\"1\"><div class=\"col-md-12 col-sm-12 col-xs-12 pt-cv-content-item pt-cv-1-col\" ><div class='pt-cv-ifield'><h4 class=\"pt-cv-title\"><a href=\"https:\/\/www.tvnovelas.com.br\/tvnews\/coracao-de-mae-irmak-inicia-jogo-arriscado-contra-adnan\/\" class=\"_self\" target=\"_self\" >Cora\u00e7\u00e3o de M\u00e3e: Irmak inicia jogo arriscado contra Adnan<\/a><\/h4><\/div><\/div>\n<div class=\"col-md-12 col-sm-12 col-xs-12 pt-cv-content-item pt-cv-1-col\" ><div class='pt-cv-ifield'><h4 class=\"pt-cv-title\"><a href=\"https:\/\/www.tvnovelas.com.br\/tvnews\/guerra-das-rosas-omer-chama-gulru-vestida-de-noiva-para-fugir\/\" class=\"_self\" target=\"_self\" >Guerra das Rosas: Omer chama Gulru vestida de noiva para fugir<\/a><\/h4><\/div><\/div>\n<div class=\"col-md-12 col-sm-12 col-xs-12 pt-cv-content-item pt-cv-1-col\" ><div class='pt-cv-ifield'><h4 class=\"pt-cv-title\"><a href=\"https:\/\/www.tvnovelas.com.br\/tvnews\/coracao-de-mae-reha-sai-para-jantar-com-selvi\/\" class=\"_self\" target=\"_self\" >Cora\u00e7\u00e3o de M\u00e3e: Reha sai para jantar com Selvi<\/a><\/h4><\/div><\/div>\n<div class=\"col-md-12 col-sm-12 col-xs-12 pt-cv-content-item pt-cv-1-col\" ><div class='pt-cv-ifield'><h4 class=\"pt-cv-title\"><a href=\"https:\/\/www.tvnovelas.com.br\/tvnews\/coracao-acelerado-zila-se-preocupa-com-sua-situacao-apos-separacao\/\" class=\"_self\" target=\"_self\" >Cora\u00e7\u00e3o Acelerado: Zil\u00e1 se preocupa com sua situa\u00e7\u00e3o ap\u00f3s separa\u00e7\u00e3o<\/a><\/h4><\/div><\/div>\n<div class=\"col-md-12 col-sm-12 col-xs-12 pt-cv-content-item pt-cv-1-col\" ><div class='pt-cv-ifield'><h4 class=\"pt-cv-title\"><a href=\"https:\/\/www.tvnovelas.com.br\/tvnews\/a-nobreza-do-amor-tonho-nao-se-curva-diante-de-mirinho\/\" class=\"_self\" target=\"_self\" >A Nobreza do Amor: Tonho n\u00e3o se curva diante de Mirinho<\/a><\/h4><\/div><\/div>\n<div class=\"col-md-12 col-sm-12 col-xs-12 pt-cv-content-item pt-cv-1-col\" ><div class='pt-cv-ifield'><h4 class=\"pt-cv-title\"><a href=\"https:\/\/www.tvnovelas.com.br\/tvnews\/tres-gracas-arminda-surta-ao-confirmar-que-ferette-e-pai-de-raul\/\" class=\"_self\" target=\"_self\" >Tr\u00eas Gra\u00e7as:  Arminda surta ao confirmar que Ferette \u00e9 pai de Raul<\/a><\/h4><\/div><\/div>\n<div class=\"col-md-12 col-sm-12 col-xs-12 pt-cv-content-item pt-cv-1-col\" ><div class='pt-cv-ifield'><h4 class=\"pt-cv-title\"><a href=\"https:\/\/www.tvnovelas.com.br\/tvnews\/coracao-de-mae-atilla-confronta-hasan-e-exige-o-divorcio-de-lale\/\" class=\"_self\" target=\"_self\" >Cora\u00e7\u00e3o de M\u00e3e: Atilla confronta Hasan e exige o div\u00f3rcio de Lale<\/a><\/h4><\/div><\/div>\n<div class=\"col-md-12 col-sm-12 col-xs-12 pt-cv-content-item pt-cv-1-col\" ><div class='pt-cv-ifield'><h4 class=\"pt-cv-title\"><a href=\"https:\/\/www.tvnovelas.com.br\/tvnews\/guerra-das-rosas-gulfem-coloca-gulru-contra-a-parede\/\" class=\"_self\" target=\"_self\" >Guerra das Rosas: Gulfem coloca Gulru contra a parede<\/a><\/h4><\/div><\/div>\n<div class=\"col-md-12 col-sm-12 col-xs-12 pt-cv-content-item pt-cv-1-col\" ><div class='pt-cv-ifield'><h4 class=\"pt-cv-title\"><a href=\"https:\/\/www.tvnovelas.com.br\/tvnews\/coracao-de-mae-atilla-diz-a-lale-que-quer-o-divorcio\/\" class=\"_self\" target=\"_self\" >Cora\u00e7\u00e3o de M\u00e3e: Atilla diz a Lale que quer o div\u00f3rcio<\/a><\/h4><\/div><\/div>\n<div class=\"col-md-12 col-sm-12 col-xs-12 pt-cv-content-item pt-cv-1-col\" ><div class='pt-cv-ifield'><h4 class=\"pt-cv-title\"><a href=\"https:\/\/www.tvnovelas.com.br\/tvnews\/a-nobreza-do-amor-mirinho-garante-noivado-com-virginia-para-atrair-sogro-a-negocio\/\" class=\"_self\" target=\"_self\" >A Nobreza do Amor: Mirinho garante noivado com Virg\u00ednia para atrair sogro a neg\u00f3cio<\/a><\/h4><\/div><\/div><\/div><\/div><\/div><br \/>\n<a href=\"https:\/\/www.tvnovelas.com.br\/novelas\/\"><strong>Confira os resumos da semana de todas novelas<\/strong><\/a><br \/>\n<a href=\"http:\/\/tvnovelas.com.br\/filmes\" target=\"_blank\" rel=\"noopener\">Veja tamb\u00e9m: Todas as telas: filmes e s\u00e9ries nos streamings<\/a><\/p>\n<h3>Confira tamb\u00e9m<\/h3>\n<p><a href=\"https:\/\/www.tvnovelas.com.br\/filmes\/\" target=\"_blank\" rel=\"noopener noreferrer\"><strong>Programa\u00e7\u00e3o de filmes na TV aberta<\/strong><\/a><br \/>\n<a href=\"https:\/\/tvnovelas.com.br\/filmes\/filmes-e-series-ineditos-em-estreia-na-semana-na-netflix\/\" target=\"_blank\" rel=\"noopener noreferrer\"><strong>Estreias da semana na Netflix<\/strong><\/a><br \/>\n<a href=\"https:\/\/caetenews.com.br\/semana\/filmes-da-globo-na-sessao-da-tarde-desta-semana\/\" target=\"_blank\" rel=\"noopener\"><strong>Confira os filmes da semana na Sess\u00e3o da Tarde<\/strong><\/a><br \/>\n<a href=\"\/\/tvnovelas.com.br\/filmes\/filmes-em-estreia-nos-cinemas\/\" target=\"_blank\" rel=\"noopener noreferrer\"><strong>Estreias e novidades no Cinema<\/strong><\/a><br \/>\n<a href=\"https:\/\/www.tvnovelas.com.br\/novelas\/\" target=\"_blank\" rel=\"noopener noreferrer\"><strong>Resumos de novelas<\/strong><\/a><\/p>\n","protected":false},"excerpt":{"rendered":"<p>Na semana de Cara e Coragem, Pat descobre que Lou \u00e9 sua irm\u00e3, J\u00e9ssica flagra Andr\u00e9a e Bob juntos e finge uma crise de ci\u00fames, Rebeca fica sabendo que o detetive encontrou sua m\u00e3e, Lou sofre acidente, Dagmar se atrapalha durante seu depoimento&#8230;<\/p>\n","protected":false},"author":1,"featured_media":31966,"comment_status":"closed","ping_status":"closed","sticky":false,"template":"","format":"standard","meta":{"_uf_show_specific_survey":0,"_uf_disable_surveys":false,"_jetpack_memberships_contains_paid_content":false,"footnotes":"","_wp_rev_ctl_limit":""},"categories":[314],"tags":[315,5,64],"class_list":["post-31965","post","type-post","status-publish","format-standard","has-post-thumbnail","hentry","category-cara-e-coragem","tag-cara-e-coragem","tag-globo","tag-novelas","wpcat-314-id"],"aioseo_notices":[],"jetpack_featured_media_url":"https:\/\/i0.wp.com\/www.tvnovelas.com.br\/tvnews\/wp-content\/uploads\/2022\/09\/34885c.jpg?fit=600%2C360&ssl=1","jetpack_shortlink":"https:\/\/wp.me\/pdP2BO-8jz","jetpack_sharing_enabled":true,"_links":{"self":[{"href":"https:\/\/www.tvnovelas.com.br\/tvnews\/wp-json\/wp\/v2\/posts\/31965","targetHints":{"allow":["GET"]}}],"collection":[{"href":"https:\/\/www.tvnovelas.com.br\/tvnews\/wp-json\/wp\/v2\/posts"}],"about":[{"href":"https:\/\/www.tvnovelas.com.br\/tvnews\/wp-json\/wp\/v2\/types\/post"}],"author":[{"embeddable":true,"href":"https:\/\/www.tvnovelas.com.br\/tvnews\/wp-json\/wp\/v2\/users\/1"}],"replies":[{"embeddable":true,"href":"https:\/\/www.tvnovelas.com.br\/tvnews\/wp-json\/wp\/v2\/comments?post=31965"}],"version-history":[{"count":0,"href":"https:\/\/www.tvnovelas.com.br\/tvnews\/wp-json\/wp\/v2\/posts\/31965\/revisions"}],"wp:featuredmedia":[{"embeddable":true,"href":"https:\/\/www.tvnovelas.com.br\/tvnews\/wp-json\/wp\/v2\/media\/31966"}],"wp:attachment":[{"href":"https:\/\/www.tvnovelas.com.br\/tvnews\/wp-json\/wp\/v2\/media?parent=31965"}],"wp:term":[{"taxonomy":"category","embeddable":true,"href":"https:\/\/www.tvnovelas.com.br\/tvnews\/wp-json\/wp\/v2\/categories?post=31965"},{"taxonomy":"post_tag","embeddable":true,"href":"https:\/\/www.tvnovelas.com.br\/tvnews\/wp-json\/wp\/v2\/tags?post=31965"}],"curies":[{"name":"wp","href":"https:\/\/api.w.org\/{rel}","templated":true}]}}