{"id":32300,"date":"2022-09-29T12:30:56","date_gmt":"2022-09-29T15:30:56","guid":{"rendered":"https:\/\/www.tvnovelas.com.br\/tvnews\/?p=32300"},"modified":"2022-09-29T12:30:56","modified_gmt":"2022-09-29T15:30:56","slug":"como-sera-o-debate-na-globo-nesta-quinta-feira-dia-29","status":"publish","type":"post","link":"https:\/\/www.tvnovelas.com.br\/tvnews\/como-sera-o-debate-na-globo-nesta-quinta-feira-dia-29\/","title":{"rendered":"Como ser\u00e1 o debate na Globo nesta quinta-feira, dia 29"},"content":{"rendered":"<p><em>Not\u00edcia do debate na Globo<\/em><br \/>\n<img data-recalc-dims=\"1\" decoding=\"async\" src=\"https:\/\/i0.wp.com\/www.tvnovelas.com.br\/tvnews\/wp-content\/uploads\/2022\/09\/34988.jpg?resize=600%2C360&#038;ssl=1\" alt=\"Foto ilustrativa de debate na globo\" width=\"600\" height=\"360\" class=\"alignnone size-full wp-image-32301\" \/><br \/>\nA TV Globo promove nesta quinta-feira, dia 29, o debate entre candidatos \u00e0 Presid\u00eancia da Rep\u00fablica, mediado pelo jornalista William Bonner. Participam do debate os candidatos Ciro Gomes (PDT), Jair Bolsonaro (PL), Luiz In\u00e1cio Lula da Silva (PT), Luiz Felipe D\u2019\u00c1vila (NOVO), Simone Tebet (MDB), Soraya Thronicke (Uni\u00e3o Brasil) e Padre Kelmon (PTB). Seguindo a lei eleitoral, foram convidados os candidatos de partidos com representa\u00e7\u00e3o no Congresso Nacional de, no m\u00ednimo, cinco parlamentares e sem impedimento na Justi\u00e7a, seja eleitoral ou comum.<\/p>\n<p>O evento ser\u00e1 transmitido ao vivo pela TV Globo, logo ap\u00f3s a novela \u2018Pantanal\u2019<\/p>\n<h2>Regras do debate<\/h2>\n<p>O posicionamento dos candidatos no est\u00fadio foi definido por ordem alfab\u00e9tica do primeiro nome. Da esquerda para a direita, estar\u00e3o Ciro Gomes (PDT), Jair Bolsonaro (PL), Padre Kelmon (PTB), Luiz Felipe D\u2019\u00c1vila (NOVO), Luiz In\u00e1cio Lula da Silva (PT), Simone Tebet (MDB) e Soraya Thronicke (Uni\u00e3o Brasil).<br \/>\nO debate ter\u00e1 quatro blocos: o primeiro e o terceiro com temas livres; o segundo e o quarto com temas determinados. Ao final do quarto bloco, cada candidato far\u00e1 suas considera\u00e7\u00f5es finais.<\/p>\n<p>Os candidatos ter\u00e3o 30 segundos para fazer as perguntas e um minuto para a r\u00e9plica, enquanto o candidato que responde ter\u00e1 tr\u00eas minutos, que poder\u00e1 dividir como quiser, entre a resposta e a tr\u00e9plica.<\/p>\n<p>As perguntas, em ordem sorteada previamente, ser\u00e3o feitas sempre de candidato para candidato. O candidato pergunta para um candidato de sua livre escolha, entre os que ainda n\u00e3o tiverem respondido naquele bloco. No bloco de temas determinados, a mec\u00e2nica \u00e9 a mesma, com o mediador sorteando em uma urna, antes das perguntas, o tema que dever\u00e1 ser abordado.<\/p>\n","protected":false},"excerpt":{"rendered":"<p>O debate na Globo nesta quinta-feira, dia 29, re\u00fane os candidatos \u00e0 Presid\u00eancia da Rep\u00fablica, mediado pelo jornalista William Bonner. Participam do debate os candidatos&#8230;.<\/p>\n","protected":false},"author":1,"featured_media":32301,"comment_status":"closed","ping_status":"closed","sticky":false,"template":"","format":"standard","meta":{"_uf_show_specific_survey":0,"_uf_disable_surveys":false,"_jetpack_memberships_contains_paid_content":false,"footnotes":"","_wp_rev_ctl_limit":""},"categories":[236],"tags":[5],"class_list":["post-32300","post","type-post","status-publish","format-standard","has-post-thumbnail","hentry","category-globo","tag-globo","wpcat-236-id"],"aioseo_notices":[],"jetpack_featured_media_url":"https:\/\/i0.wp.com\/www.tvnovelas.com.br\/tvnews\/wp-content\/uploads\/2022\/09\/34988.jpg?fit=600%2C360&ssl=1","jetpack_shortlink":"https:\/\/wp.me\/pdP2BO-8oY","jetpack_sharing_enabled":true,"_links":{"self":[{"href":"https:\/\/www.tvnovelas.com.br\/tvnews\/wp-json\/wp\/v2\/posts\/32300","targetHints":{"allow":["GET"]}}],"collection":[{"href":"https:\/\/www.tvnovelas.com.br\/tvnews\/wp-json\/wp\/v2\/posts"}],"about":[{"href":"https:\/\/www.tvnovelas.com.br\/tvnews\/wp-json\/wp\/v2\/types\/post"}],"author":[{"embeddable":true,"href":"https:\/\/www.tvnovelas.com.br\/tvnews\/wp-json\/wp\/v2\/users\/1"}],"replies":[{"embeddable":true,"href":"https:\/\/www.tvnovelas.com.br\/tvnews\/wp-json\/wp\/v2\/comments?post=32300"}],"version-history":[{"count":0,"href":"https:\/\/www.tvnovelas.com.br\/tvnews\/wp-json\/wp\/v2\/posts\/32300\/revisions"}],"wp:featuredmedia":[{"embeddable":true,"href":"https:\/\/www.tvnovelas.com.br\/tvnews\/wp-json\/wp\/v2\/media\/32301"}],"wp:attachment":[{"href":"https:\/\/www.tvnovelas.com.br\/tvnews\/wp-json\/wp\/v2\/media?parent=32300"}],"wp:term":[{"taxonomy":"category","embeddable":true,"href":"https:\/\/www.tvnovelas.com.br\/tvnews\/wp-json\/wp\/v2\/categories?post=32300"},{"taxonomy":"post_tag","embeddable":true,"href":"https:\/\/www.tvnovelas.com.br\/tvnews\/wp-json\/wp\/v2\/tags?post=32300"}],"curies":[{"name":"wp","href":"https:\/\/api.w.org\/{rel}","templated":true}]}}