{"id":32566,"date":"2022-10-10T09:49:06","date_gmt":"2022-10-10T12:49:06","guid":{"rendered":"https:\/\/www.tvnovelas.com.br\/tvnews\/?p=32566"},"modified":"2022-10-10T09:49:06","modified_gmt":"2022-10-10T12:49:06","slug":"sessao-da-tarde-traz-nanny-mcphee-e-as-licoes-magicas-nesta-segunda-dia-10","status":"publish","type":"post","link":"https:\/\/www.tvnovelas.com.br\/tvnews\/sessao-da-tarde-traz-nanny-mcphee-e-as-licoes-magicas-nesta-segunda-dia-10\/","title":{"rendered":"Sess\u00e3o da Tarde traz &#8216;Nanny Mcphee E As Li\u00e7\u00f5es M\u00e1gicas&#8217; nesta segunda, dia 10"},"content":{"rendered":"<p><em>Filmes na TV: Sess\u00e3o da Tarde:<\/em><br \/>\n<img data-recalc-dims=\"1\" decoding=\"async\" src=\"https:\/\/i0.wp.com\/www.tvnovelas.com.br\/tvnews\/wp-content\/uploads\/2022\/10\/35073.jpg?resize=600%2C360&#038;ssl=1\" alt=\"Foto de Nanny Mcphee E As Li\u00e7\u00f5es M\u00e1gicas em Sess\u00e3o da Tarde\" width=\"600\" height=\"360\" class=\"alignnone size-full wp-image-32567\" \/><br \/>\n<strong>Nanny Mcphee E As Li\u00e7\u00f5es M\u00e1gicas, Globo, 15h30<\/strong> Nanny McPhee and the Big Bang. Fran\u00e7a\/ EUA\/ Ingalterra. Dire\u00e7\u00e3o: Susanna white. Com Emma Thompson, Maggie Gyllenhaal. <\/p>\n<p>O filme Nanny Mcphee E As Li\u00e7\u00f5es M\u00e1gicas. Estrelado por Emma Thompson. Emma Thompson retorna como a misteriosa bab\u00e1 McPhee e aparece quando os pais mais precisam dela. Dessa vez, ela encontra-se numa fam\u00edlia que vive no campo, e divide-se entre crian\u00e7as rudes e seus primos mimados da cidade. De uma motocicleta voadora a porcos que praticam arborismo, Nanny McPhee evoca a f\u00f3rmula certa para educar essas crian\u00e7as, atrav\u00e9s de cinco li\u00e7\u00f5es m\u00e1gicas.<\/p>\n<h2>Filmes e s\u00e9ries<\/h2>\n<p><a href=\"https:\/\/www.tvnovelas.com.br\/filmes\/\" target=\"_blank\" rel=\"noopener noreferrer\"><strong>Programa\u00e7\u00e3o de filmes na TV aberta<\/strong><\/a><br \/>\n<a href=\"https:\/\/tvnovelas.com.br\/filmes\/estreia-na-semana-na-netflix\/\" target=\"_blank\" rel=\"noopener noreferrer\"><strong>Estreias da semana na Netflix<\/strong><\/a><br \/>\n<a href=\"https:\/\/tvnovelas.com.br\/filmes\/o-que-ha-de-novo-no-globoplay\/\" target=\"_blank\" rel=\"noopener noreferrer\"><strong>Estreias e novidades no Globoplay<\/strong><\/a><br \/>\n<a href=\"\/\/tvnovelas.com.br\/filmes\/filmes-em-estreia-nos-cinemas\/\" target=\"_blank\" rel=\"noopener noreferrer\"><strong>Estreias e novidades no Cinema<\/strong><\/a><br \/>\n<a href=\"https:\/\/www.tvnovelas.com.br\/novelas\/\" target=\"_blank\" rel=\"noopener noreferrer\"><strong>Resumos de novelas<\/strong><\/a><br \/>\n<a href=\"https:\/\/www.tvnovelas.com.br\/tvshow\/filmes-da-globo-na-sessao-da-tarde\/\" rel=\"noopener\" target=\"_blank\"><strong>Confira os filmes da semana na Sess\u00e3o da Tarde<\/strong><\/a> <\/p>\n","protected":false},"excerpt":{"rendered":"<p>Em Nanny Mcphee E As Li\u00e7\u00f5es M\u00e1gicas que a Globo exibe na Ses\u00e3o da tarde,Emma Thompson retorna como a misteriosa bab\u00e1 McPhee e aparece quando os pais mais precisam dela. Dessa vez,&#8230;<\/p>\n","protected":false},"author":1,"featured_media":32567,"comment_status":"closed","ping_status":"closed","sticky":false,"template":"","format":"standard","meta":{"_uf_show_specific_survey":0,"_uf_disable_surveys":false,"_jetpack_memberships_contains_paid_content":false,"footnotes":"","_wp_rev_ctl_limit":""},"categories":[1],"tags":[348,339],"class_list":["post-32566","post","type-post","status-publish","format-standard","has-post-thumbnail","hentry","category-outra","tag-filmes-e-series","tag-sessao-da-tarde","wpcat-1-id"],"aioseo_notices":[],"jetpack_featured_media_url":"https:\/\/i0.wp.com\/www.tvnovelas.com.br\/tvnews\/wp-content\/uploads\/2022\/10\/35073.jpg?fit=600%2C360&ssl=1","jetpack_shortlink":"https:\/\/wp.me\/pdP2BO-8tg","jetpack_sharing_enabled":true,"_links":{"self":[{"href":"https:\/\/www.tvnovelas.com.br\/tvnews\/wp-json\/wp\/v2\/posts\/32566","targetHints":{"allow":["GET"]}}],"collection":[{"href":"https:\/\/www.tvnovelas.com.br\/tvnews\/wp-json\/wp\/v2\/posts"}],"about":[{"href":"https:\/\/www.tvnovelas.com.br\/tvnews\/wp-json\/wp\/v2\/types\/post"}],"author":[{"embeddable":true,"href":"https:\/\/www.tvnovelas.com.br\/tvnews\/wp-json\/wp\/v2\/users\/1"}],"replies":[{"embeddable":true,"href":"https:\/\/www.tvnovelas.com.br\/tvnews\/wp-json\/wp\/v2\/comments?post=32566"}],"version-history":[{"count":0,"href":"https:\/\/www.tvnovelas.com.br\/tvnews\/wp-json\/wp\/v2\/posts\/32566\/revisions"}],"wp:featuredmedia":[{"embeddable":true,"href":"https:\/\/www.tvnovelas.com.br\/tvnews\/wp-json\/wp\/v2\/media\/32567"}],"wp:attachment":[{"href":"https:\/\/www.tvnovelas.com.br\/tvnews\/wp-json\/wp\/v2\/media?parent=32566"}],"wp:term":[{"taxonomy":"category","embeddable":true,"href":"https:\/\/www.tvnovelas.com.br\/tvnews\/wp-json\/wp\/v2\/categories?post=32566"},{"taxonomy":"post_tag","embeddable":true,"href":"https:\/\/www.tvnovelas.com.br\/tvnews\/wp-json\/wp\/v2\/tags?post=32566"}],"curies":[{"name":"wp","href":"https:\/\/api.w.org\/{rel}","templated":true}]}}