{"id":32838,"date":"2022-10-18T14:49:48","date_gmt":"2022-10-18T17:49:48","guid":{"rendered":"https:\/\/www.tvnovelas.com.br\/tvnews\/?p=32838"},"modified":"2022-10-18T14:49:48","modified_gmt":"2022-10-18T17:49:48","slug":"novela-todas-as-flores-estreia-no-globoplay-nesta-quarta-19","status":"publish","type":"post","link":"https:\/\/www.tvnovelas.com.br\/tvnews\/novela-todas-as-flores-estreia-no-globoplay-nesta-quarta-19\/","title":{"rendered":"Novela &#8216;Todas as Flores&#8217; estreia no Globoplay nesta quarta, 19"},"content":{"rendered":"<p><em>Not\u00edcias do Globoplay: Todas as Flores<\/em><br \/>\n<img data-recalc-dims=\"1\" decoding=\"async\" class=\"alignnone wp-image-32839 size-full\" title=\"Foto: Estevam Avellar\/Globo\" src=\"https:\/\/i0.wp.com\/www.tvnovelas.com.br\/tvnews\/wp-content\/uploads\/2022\/10\/todasasfkires.jpg?resize=600%2C360&#038;ssl=1\" alt=\"Foto de Sophie Charlotte, como Ma\u00edra, em Todas as Flores\" width=\"600\" height=\"360\" \/><br \/>\nNovela &#8220;Todas as Flores&#8221;, original Globoplay, de autoria de Jo\u00e3o Emanuel Carneiro, volta a investir em um enredo com personagens d\u00fabios, ganchos enigm\u00e1ticos, luta de classes, injusti\u00e7a social, entre outros temas in\u00e9ditos em suas obras, como defici\u00eancia visual, tr\u00e1fico humano e trabalho an\u00e1logo \u00e0 escravid\u00e3o. Os universos da perfumaria, da moda e do samba tamb\u00e9m estar\u00e3o presentes na trama, que conta com uma narrativa ousada e \u00e1gil.<\/p>\n<p>Na trama de Todas as Flores, Ma\u00edra (Sophie Charlotte) foi criada pelo pai em Piren\u00f3polis, em Goi\u00e1s, acreditando que a m\u00e3e tivesse morrido. Uma mentira que seu pai contou para proteger a filha do desprezo da m\u00e3e, que a rejeitou quando soube que a filha nasceu com uma defici\u00eancia. Muitos anos depois, Ma\u00edra se depara com uma desconhecida a sua porta. \u00c9 Zo\u00e9 (Regina Cas\u00e9), sua m\u00e3e. Sem revelar sua verdadeira inten\u00e7\u00e3o, Zo\u00e9 reaparece pedindo perd\u00e3o \u00e0 filha por t\u00ea-la abandonado.<\/p>\n<p>Como em um sonho que se transforma em pesadelo, Ma\u00edra vivencia as mais fortes emo\u00e7\u00f5es de sua vida. No mesmo dia em que descobre que sua m\u00e3e est\u00e1 viva, seu pai morre. Sem desconfiar de nada, Ma\u00edra embarca para o Rio de Janeiro, onde ser\u00e1 usada pela m\u00e3e para garantir a sobreviv\u00eancia de sua irm\u00e3 ca\u00e7ula, Vanessa (Let\u00edcia Colin). E o que seria um recome\u00e7o feliz ao lado da sua fam\u00edlia se transforma em uma longa e perigosa jornada para Ma\u00edra.<\/p>\n<p><img data-recalc-dims=\"1\" decoding=\"async\" class=\"alignnone wp-image-32840 size-full\" title=\"Foto: Estevam Avellar\/Globo\" src=\"https:\/\/i0.wp.com\/www.tvnovelas.com.br\/tvnews\/wp-content\/uploads\/2022\/10\/todasasfkires2.jpg?resize=600%2C360&#038;ssl=1\" alt=\"Foto de Let\u00edcia Colin, como Vanessa, em Todas as Flores\" width=\"600\" height=\"360\" \/><br \/>\nComo uma de suas principais tem\u00e1ticas, &#8220;Todas as Flores&#8221; traz novas perspectivas sobre a defici\u00eancia visual para dentro e fora das telas. Na trama, h\u00e1 personagens como a protagonista Ma\u00edra e seus amigos Gabriela e M\u00e1rcio, com defici\u00eancias visuais, que ter\u00e3o suas diferentes hist\u00f3rias reveladas ao p\u00fablico. E por tr\u00e1s das c\u00e2meras, profissionais cegos ou com baixa vis\u00e3o, como a bailarina e preparadora Moira Braga; a psic\u00f3loga e educadora Camila Alves; a assistente de dire\u00e7\u00e3o Nath\u00e1lia Santos; e o operador de \u00e1udio Marcelo Edward enriquecem o trabalho com suas expertises profissionais e bagagens pessoais.<\/p>\n<p>Com 85 cap\u00edtulos, a produ\u00e7\u00e3o ser\u00e1 dividida em duas partes. A primeira ser\u00e1 disponibilizada entre outubro e dezembro de 2022. J\u00e1 a segunda, entre abril e junho de 2023, com libera\u00e7\u00e3o de cap\u00edtulos em blocos semanais, possibilitando ao p\u00fablico assistir quando e onde quiser.<\/p>\n<p>No elenco est\u00e3o Elenco: Sophie Charlotte, Let\u00edcia Colin, Regina Cas\u00e9, Mariana Sousa Nunes, Fabio Assun\u00e7\u00e3o, Humberto Carr\u00e3o, Caio Castro, Nicolas Prattes, Cassio Gabus Mendes, \u00c2ngelo Ant\u00f4nio, Barbara Reis, Thalita Carauta.<br \/>\n<iframe title=\"YouTube video player\" src=\"https:\/\/www.youtube.com\/embed\/1PxMG4g0FRY\" width=\"560\" height=\"315\" frameborder=\"0\" allowfullscreen=\"allowfullscreen\"><\/iframe><br \/>\n<strong style=\"font-size: 120%;\">\u00daltimas not\u00edcias deste canal:<\/strong><br \/>\n<div class=\"pt-cv-wrapper\"><div class=\"pt-cv-view pt-cv-grid pt-cv-colsys\" id=\"pt-cv-view-90991035b3\"><div data-id=\"pt-cv-page-1\" class=\"pt-cv-page\" data-cvc=\"1\"><div class=\"col-md-12 col-sm-12 col-xs-12 pt-cv-content-item pt-cv-1-col\" ><div class='pt-cv-ifield'><h4 class=\"pt-cv-title\"><a href=\"https:\/\/www.tvnovelas.com.br\/tvnews\/coracao-de-mae-irmak-inicia-jogo-arriscado-contra-adnan\/\" class=\"_self\" target=\"_self\" >Cora\u00e7\u00e3o de M\u00e3e: Irmak inicia jogo arriscado contra Adnan<\/a><\/h4><\/div><\/div>\n<div class=\"col-md-12 col-sm-12 col-xs-12 pt-cv-content-item pt-cv-1-col\" ><div class='pt-cv-ifield'><h4 class=\"pt-cv-title\"><a href=\"https:\/\/www.tvnovelas.com.br\/tvnews\/guerra-das-rosas-omer-chama-gulru-vestida-de-noiva-para-fugir\/\" class=\"_self\" target=\"_self\" >Guerra das Rosas: Omer chama Gulru vestida de noiva para fugir<\/a><\/h4><\/div><\/div>\n<div class=\"col-md-12 col-sm-12 col-xs-12 pt-cv-content-item pt-cv-1-col\" ><div class='pt-cv-ifield'><h4 class=\"pt-cv-title\"><a href=\"https:\/\/www.tvnovelas.com.br\/tvnews\/coracao-de-mae-reha-sai-para-jantar-com-selvi\/\" class=\"_self\" target=\"_self\" >Cora\u00e7\u00e3o de M\u00e3e: Reha sai para jantar com Selvi<\/a><\/h4><\/div><\/div>\n<div class=\"col-md-12 col-sm-12 col-xs-12 pt-cv-content-item pt-cv-1-col\" ><div class='pt-cv-ifield'><h4 class=\"pt-cv-title\"><a href=\"https:\/\/www.tvnovelas.com.br\/tvnews\/coracao-acelerado-zila-se-preocupa-com-sua-situacao-apos-separacao\/\" class=\"_self\" target=\"_self\" >Cora\u00e7\u00e3o Acelerado: Zil\u00e1 se preocupa com sua situa\u00e7\u00e3o ap\u00f3s separa\u00e7\u00e3o<\/a><\/h4><\/div><\/div>\n<div class=\"col-md-12 col-sm-12 col-xs-12 pt-cv-content-item pt-cv-1-col\" ><div class='pt-cv-ifield'><h4 class=\"pt-cv-title\"><a href=\"https:\/\/www.tvnovelas.com.br\/tvnews\/a-nobreza-do-amor-tonho-nao-se-curva-diante-de-mirinho\/\" class=\"_self\" target=\"_self\" >A Nobreza do Amor: Tonho n\u00e3o se curva diante de Mirinho<\/a><\/h4><\/div><\/div>\n<div class=\"col-md-12 col-sm-12 col-xs-12 pt-cv-content-item pt-cv-1-col\" ><div class='pt-cv-ifield'><h4 class=\"pt-cv-title\"><a href=\"https:\/\/www.tvnovelas.com.br\/tvnews\/tres-gracas-arminda-surta-ao-confirmar-que-ferette-e-pai-de-raul\/\" class=\"_self\" target=\"_self\" >Tr\u00eas Gra\u00e7as:  Arminda surta ao confirmar que Ferette \u00e9 pai de Raul<\/a><\/h4><\/div><\/div>\n<div class=\"col-md-12 col-sm-12 col-xs-12 pt-cv-content-item pt-cv-1-col\" ><div class='pt-cv-ifield'><h4 class=\"pt-cv-title\"><a href=\"https:\/\/www.tvnovelas.com.br\/tvnews\/coracao-de-mae-atilla-confronta-hasan-e-exige-o-divorcio-de-lale\/\" class=\"_self\" target=\"_self\" >Cora\u00e7\u00e3o de M\u00e3e: Atilla confronta Hasan e exige o div\u00f3rcio de Lale<\/a><\/h4><\/div><\/div>\n<div class=\"col-md-12 col-sm-12 col-xs-12 pt-cv-content-item pt-cv-1-col\" ><div class='pt-cv-ifield'><h4 class=\"pt-cv-title\"><a href=\"https:\/\/www.tvnovelas.com.br\/tvnews\/guerra-das-rosas-gulfem-coloca-gulru-contra-a-parede\/\" class=\"_self\" target=\"_self\" >Guerra das Rosas: Gulfem coloca Gulru contra a parede<\/a><\/h4><\/div><\/div>\n<div class=\"col-md-12 col-sm-12 col-xs-12 pt-cv-content-item pt-cv-1-col\" ><div class='pt-cv-ifield'><h4 class=\"pt-cv-title\"><a href=\"https:\/\/www.tvnovelas.com.br\/tvnews\/coracao-de-mae-atilla-diz-a-lale-que-quer-o-divorcio\/\" class=\"_self\" target=\"_self\" >Cora\u00e7\u00e3o de M\u00e3e: Atilla diz a Lale que quer o div\u00f3rcio<\/a><\/h4><\/div><\/div>\n<div class=\"col-md-12 col-sm-12 col-xs-12 pt-cv-content-item pt-cv-1-col\" ><div class='pt-cv-ifield'><h4 class=\"pt-cv-title\"><a href=\"https:\/\/www.tvnovelas.com.br\/tvnews\/a-nobreza-do-amor-mirinho-garante-noivado-com-virginia-para-atrair-sogro-a-negocio\/\" class=\"_self\" target=\"_self\" >A Nobreza do Amor: Mirinho garante noivado com Virg\u00ednia para atrair sogro a neg\u00f3cio<\/a><\/h4><\/div><\/div><\/div><\/div><\/div><br \/>\n<a href=\"https:\/\/www.tvnovelas.com.br\/novelas\/\"><strong>Confira os resumos da semana de todas novelas<\/strong><\/a><br \/>\n<a href=\"http:\/\/tvnovelas.com.br\/filmes\" target=\"_blank\" rel=\"noopener\">Veja tamb\u00e9m: Todas as telas: filmes e s\u00e9ries nos streamings<\/a><\/p>\n<h3>Confira tamb\u00e9m<\/h3>\n<p><a href=\"https:\/\/www.tvnovelas.com.br\/filmes\/\" target=\"_blank\" rel=\"noopener noreferrer\"><strong>Programa\u00e7\u00e3o de filmes na TV aberta<\/strong><\/a><br \/>\n<a href=\"https:\/\/tvnovelas.com.br\/filmes\/filmes-e-series-ineditos-em-estreia-na-semana-na-netflix\/\" target=\"_blank\" rel=\"noopener noreferrer\"><strong>Estreias da semana na Netflix<\/strong><\/a><br \/>\n<a href=\"https:\/\/caetenews.com.br\/semana\/filmes-da-globo-na-sessao-da-tarde-desta-semana\/\" target=\"_blank\" rel=\"noopener\"><strong>Confira os filmes da semana na Sess\u00e3o da Tarde<\/strong><\/a><br \/>\n<a href=\"\/\/tvnovelas.com.br\/filmes\/filmes-em-estreia-nos-cinemas\/\" target=\"_blank\" rel=\"noopener noreferrer\"><strong>Estreias e novidades no Cinema<\/strong><\/a><br \/>\n<a href=\"https:\/\/www.tvnovelas.com.br\/novelas\/\" target=\"_blank\" rel=\"noopener noreferrer\"><strong>Resumos de novelas<\/strong><\/a><\/p>\n","protected":false},"excerpt":{"rendered":"<p>Em Todas as Flores, Novela &#8220;Todas as Flores&#8221;, original Globoplay, de autoria de Jo\u00e3o Emanuel Carneiro, volta a investir em um enredo com personagens d\u00fabios, ganchos enigm\u00e1ticos, luta de classes, injust<\/p>\n","protected":false},"author":1,"featured_media":32839,"comment_status":"closed","ping_status":"closed","sticky":false,"template":"","format":"standard","meta":{"_uf_show_specific_survey":0,"_uf_disable_surveys":false,"_jetpack_memberships_contains_paid_content":false,"footnotes":"","_wp_rev_ctl_limit":""},"categories":[286],"tags":[249],"class_list":["post-32838","post","type-post","status-publish","format-standard","has-post-thumbnail","hentry","category-globoplay","tag-globoplay","wpcat-286-id"],"aioseo_notices":[],"jetpack_featured_media_url":"https:\/\/i0.wp.com\/www.tvnovelas.com.br\/tvnews\/wp-content\/uploads\/2022\/10\/todasasfkires.jpg?fit=600%2C360&ssl=1","jetpack_shortlink":"https:\/\/wp.me\/pdP2BO-8xE","jetpack_sharing_enabled":true,"_links":{"self":[{"href":"https:\/\/www.tvnovelas.com.br\/tvnews\/wp-json\/wp\/v2\/posts\/32838","targetHints":{"allow":["GET"]}}],"collection":[{"href":"https:\/\/www.tvnovelas.com.br\/tvnews\/wp-json\/wp\/v2\/posts"}],"about":[{"href":"https:\/\/www.tvnovelas.com.br\/tvnews\/wp-json\/wp\/v2\/types\/post"}],"author":[{"embeddable":true,"href":"https:\/\/www.tvnovelas.com.br\/tvnews\/wp-json\/wp\/v2\/users\/1"}],"replies":[{"embeddable":true,"href":"https:\/\/www.tvnovelas.com.br\/tvnews\/wp-json\/wp\/v2\/comments?post=32838"}],"version-history":[{"count":0,"href":"https:\/\/www.tvnovelas.com.br\/tvnews\/wp-json\/wp\/v2\/posts\/32838\/revisions"}],"wp:featuredmedia":[{"embeddable":true,"href":"https:\/\/www.tvnovelas.com.br\/tvnews\/wp-json\/wp\/v2\/media\/32839"}],"wp:attachment":[{"href":"https:\/\/www.tvnovelas.com.br\/tvnews\/wp-json\/wp\/v2\/media?parent=32838"}],"wp:term":[{"taxonomy":"category","embeddable":true,"href":"https:\/\/www.tvnovelas.com.br\/tvnews\/wp-json\/wp\/v2\/categories?post=32838"},{"taxonomy":"post_tag","embeddable":true,"href":"https:\/\/www.tvnovelas.com.br\/tvnews\/wp-json\/wp\/v2\/tags?post=32838"}],"curies":[{"name":"wp","href":"https:\/\/api.w.org\/{rel}","templated":true}]}}