{"id":32987,"date":"2022-10-22T14:02:53","date_gmt":"2022-10-22T17:02:53","guid":{"rendered":"https:\/\/www.tvnovelas.com.br\/tvnews\/?p=32987"},"modified":"2022-10-22T14:02:53","modified_gmt":"2022-10-22T17:02:53","slug":"o-que-se-passa-em-cara-e-coragem-na-semana-24-a-29-10","status":"publish","type":"post","link":"https:\/\/www.tvnovelas.com.br\/tvnews\/o-que-se-passa-em-cara-e-coragem-na-semana-24-a-29-10\/","title":{"rendered":"O que se passa em Cara e Coragem na semana 24 a 29\/10"},"content":{"rendered":"<p><em>Acontece em Cara e Coragem na semana 24 a 29\/10<\/em><\/p>\n<p style=\"text-align: center;\"><em>Acontece em Cara e Coragem na semana de 24 a 29 de outubro : Paulo e Marcela v\u00e3o para o cemit\u00e9rio exumar o corpo de Clarice; eles descobrem que Clarice n\u00e3o morreu. Martha se emociona ao ver Clarice. Leonardo v\u00ea Clarice na SG e acredita ser uma vis\u00e3o. Martha d\u00e1 um tapa em Regina. Ol\u00edvia e Enzo d\u00e3o um ultimato a Duarte.<\/em><\/p>\n<p><img data-recalc-dims=\"1\" decoding=\"async\" class=\"alignnone wp-image-32988 size-full\" title=\"(Foto: TV Globo\/Cara e Coragem)\" src=\"https:\/\/i0.wp.com\/www.tvnovelas.com.br\/tvnews\/wp-content\/uploads\/2022\/10\/35202.jpg?resize=600%2C360&#038;ssl=1\" alt=\"Foto de Clarice em 'Acontece em Cara e Coragem na semana 24 a 29\/10'\" width=\"600\" height=\"360\" \/><br \/>\n<strong>Resumo de segunda-feira, 24 de outubro<\/strong><br \/>\nJonathan entrega para Pat e Moa o dinheiro que Clarice acertou com eles para pegar a f\u00f3rmula. Danilo amea\u00e7a atentar contra a vida de Anita se ela procurar a pol\u00edcia. Jonathan n\u00e3o conta para Clarice sobre \u00cdtalo e Anita. Pat fala para Moa que desconfia que a modifica\u00e7\u00e3o da f\u00f3rmula esteja com \u00cdtalo. \u00cdsis \u00e9 atropelada depois de discutir com Renan. Rebeca pede para Danilo deixar C\u00e9lia e Fernanda morarem com eles. \u00cdsis perde seu beb\u00ea, e Ol\u00edvia a consola. Pat e Moa tentam confirmar que a modifica\u00e7\u00e3o da f\u00f3rmula est\u00e1 na tatuagem de \u00cdtalo. \u00cdtalo decide viajar com Anita. Milton e Nadir se beijam. Lou discute com Renan. Clarice procura por \u00cdtalo. Pat e Moa cercam o ex-funcion\u00e1rio de Milton que supostamente sabotou a padaria. Sem ser notada, Clarice v\u00ea \u00cdtalo e Anita juntos.<\/p>\n<p><strong>Resumo de ter\u00e7a-feira, 25 de outubro<\/strong><br \/>\nClarice fica arrasada ao perceber que \u00cdtalo e Anita est\u00e3o namorando. Fernanda n\u00e3o aceita o convite de Rebeca. Pat e Moa descobrem que o atentado \u00e0 padaria foi ordenado por Alexei. Pat e Moa estranham o sumi\u00e7o de \u00cdtalo. Clarice afirma para Jonathan que \u00cdtalo est\u00e1 com a modifica\u00e7\u00e3o da f\u00f3rmula. Marcela e Paulo decidem exumar o corpo de Clarice. Pat doa o dinheiro que recebeu de Clarice para o grupo de mulheres. Hugo se afasta de Enzo ao ver que est\u00e1 sendo fotografado por um paparazzi. Renan pede uma licen\u00e7a para Ol\u00edvia na companhia de dan\u00e7a. Rebeca v\u00ea na SG uma foto do av\u00f4 de Danilo com o pai de Martha, mas n\u00e3o o reconhece. Luana estranha ao ver Regina ser gentil com Martha. Clarice se lembra de uma conversa que teve com Danilo sobre Alexei e decide ir com Jonathan visitar a sala dele na SG. C\u00e9lia resolve morar com Rebeca, mas sem a filha Fernanda. Moa pede para se juntar a Pat. Leonardo v\u00ea Clarice na SG e acredita ser uma vis\u00e3o.<\/p>\n<p><img data-recalc-dims=\"1\" decoding=\"async\" class=\"alignnone wp-image-32989 size-full\" title=\"(Foto: TV Globo\/Cara e Coragem)\" src=\"https:\/\/i0.wp.com\/www.tvnovelas.com.br\/tvnews\/wp-content\/uploads\/2022\/10\/35202c.jpg?resize=600%2C360&#038;ssl=1\" alt=\"Foto de Bob Wright em Cara e Coragem\" width=\"600\" height=\"360\" \/><br \/>\n<strong>Resumo de quarta-feira, 26 de outubro<\/strong><br \/>\nClarice se afasta de Leonardo depois de ouvir uma quase confiss\u00e3o do irm\u00e3o. Danilo n\u00e3o gosta de saber que Fernanda n\u00e3o quis se mudar para sua casa para ficar com Rebeca. Gui ouve quando Moa pede para Pat morar com ele e fica chateado. Clarice avisa a Jonathan que se encontrar\u00e1 com Martha antes de retomar sua vida. Luana ouve Regina confessar a Danilo que contratou Caio para enganar Martha e afast\u00e1-la da SG. Ol\u00edvia e Enzo d\u00e3o um ultimato a Duarte, que pede um tempo para revelar sua identidade. Leonardo tem uma crise de ansiedade, e Martha avisa a Danilo que ele precisar\u00e1 ficar afastado da SG. Bob anuncia a Teca que ir\u00e1 para Nova York. Danilo assume a presid\u00eancia da SG. Luana leva Martha para ver Clarice.<\/p>\n<p><strong>Resumo de quinta-feira, 27 de outubro<\/strong><br \/>\nMartha se emociona ao ver Clarice e pede que a filha explique tudo o que aconteceu. Regina se irrita com a postura de Danilo na SG. Pat e Moa conversam com os filhos sobre a ideia de morarem todos juntos. Clarice revela a Martha que Regina e Danilo contrataram Caio para afast\u00e1-la da SG. Gustavo \u00e9 transferido para o pres\u00eddio. Marcela e Paulo desconfiam da culpa do empres\u00e1rio. \u00cdtalo avisa Anita que voltar\u00e1 para o Rio de Janeiro. Rebeca conta para Danilo sobre a conversa que teve com Fernanda. Jonathan encontra Martha com Clarice e a abra\u00e7a emocionado. Hugo pede para Enzo n\u00e3o se afastar dele. J\u00e9ssica ajuda Duarte a se esconder de Hugo. Armandinho d\u00e1 presentes iguais para Dalva, Margareth e Cleide. Duarte fala que n\u00e3o ser\u00e1 mais Bob Wright, mas \u00e9 amea\u00e7ado por Danilo. Rebeca n\u00e3o gosta de saber que Chiquinho ir\u00e1 morar com Pat e seus filhos. Moa e Chiquinho chegam para ficar na casa de Pat, e Gui reage contrariado. Martha d\u00e1 um tapa em Regina.<\/p>\n<p><img data-recalc-dims=\"1\" decoding=\"async\" class=\"alignnone wp-image-32990 size-full\" title=\"(Foto: TV Globo\/Cara e Coragem)\" src=\"https:\/\/i0.wp.com\/www.tvnovelas.com.br\/tvnews\/wp-content\/uploads\/2022\/10\/35202a.jpg?resize=600%2C360&#038;ssl=1\" alt=\"Foto de Leonardo em Cara e Coragem\" width=\"600\" height=\"360\" \/><br \/>\n<strong>Resumo de sexta-feira, 28 de outubro<\/strong><br \/>\nRegina e Martha discutem. Pat consegue tranquilizar Gui, que aceita a estada de Moa e Chiquinho em sua casa. Duarte pede para J\u00e9ssica entregar uma carta de Bob para Andr\u00e9a. C\u00e9lia n\u00e3o consegue convencer Fernanda a morar com ela na casa de Rebeca. Danilo gosta de saber que Martha e Leonardo se desentenderam. Armandinho se apavora quando v\u00ea Cleide na pizzaria onde marcou com Dalva. \u00cdtalo conta para Pat e Moa sobre o envolvimento de Anita na morte de Clarice. O empres\u00e1rio pede que os dubl\u00eas s\u00f3 denunciem Danilo \u00e0 pol\u00edcia quando tiverem uma prova contra ele. Pat se lembra que seus \u00f3culos ca\u00edram na casa onde encontrou com Jonathan e resolve voltar ao local. J\u00e9ssica se prontifica a ajudar Renan depois de notar que ele n\u00e3o est\u00e1 bem. Moa e \u00cdtalo invadem a presid\u00eancia para falar com Danilo. Pat encontra Clarice.<\/p>\n<p><strong>Resumo de s\u00e1bado, 29 de outubro<\/strong><br \/>\nPat se revolta com Clarice, que tenta explicar por que fingiu sua morte. Danilo \u00e9 dissimulado ao falar sobre Anita com Moa e \u00cdtalo. Transtornada, Pat perde o celular e n\u00e3o consegue falar com Moa. Renan beija J\u00e9ssica. Moa se preocupa com Pat. Andr\u00e9a recebe a carta de Bob. Pat conta para Nadir sobre Clarice. Andr\u00e9a critica Hugo por pensar em se envolver com M\u00e1rcia. Clarice acerta com Luana os detalhes de sua reapari\u00e7\u00e3o. Regina garante a Leonardo que o evento da SG ser\u00e1 perfeito. Paulo e Marcela v\u00e3o para o cemit\u00e9rio exumar o corpo de Clarice. Pat chega ao local do evento e vai ao encontro de Moa e seus s\u00f3cios. Marcela, Paulo e Jarbas descobrem que Clarice n\u00e3o morreu. Pat conta para Moa sobre Clarice, e eles se preocupam com \u00cdtalo. \u00cdtalo deixa o local e avisa a Rico e Lou que voltar\u00e1 antes da exibi\u00e7\u00e3o do comercial. Jonathan acompanha Clarice at\u00e9 o local do evento da SG.<br \/>\n<a href=\"https:\/\/www.tvnovelas.com.br\/novelas\/resumos-de-cara-e-coragem\/\">Confira os resumos da semana de Cara e Coragem<\/a><br \/>\n<div class=\"pt-cv-wrapper\"><div class=\"pt-cv-view pt-cv-grid pt-cv-colsys\" id=\"pt-cv-view-02684292u5\"><div data-id=\"pt-cv-page-1\" class=\"pt-cv-page\" data-cvc=\"1\"><div class=\"col-md-12 col-sm-12 col-xs-12 pt-cv-content-item pt-cv-1-col\" ><div class='pt-cv-ifield'><h4 class=\"pt-cv-title\"><a href=\"https:\/\/www.tvnovelas.com.br\/tvnews\/cara-e-coragem-clarice-e-italo-se-casam\/\" class=\"_blank\" target=\"_blank\" >Cara e Coragem: Clarice e \u00cdtalo se casam<\/a><\/h4><\/div><\/div>\n<div class=\"col-md-12 col-sm-12 col-xs-12 pt-cv-content-item pt-cv-1-col\" ><div class='pt-cv-ifield'><h4 class=\"pt-cv-title\"><a href=\"https:\/\/www.tvnovelas.com.br\/tvnews\/cara-e-coragem-danilo-e-regina-pegam-30-anos-de-prisao\/\" class=\"_blank\" target=\"_blank\" >Cara e Coragem: Danilo e Regina pegam 30 anos de pris\u00e3o<\/a><\/h4><\/div><\/div>\n<div class=\"col-md-12 col-sm-12 col-xs-12 pt-cv-content-item pt-cv-1-col\" ><div class='pt-cv-ifield'><h4 class=\"pt-cv-title\"><a href=\"https:\/\/www.tvnovelas.com.br\/tvnews\/cara-e-coragem-danilo-sequestra-sosso-e-chiquinho\/\" class=\"_blank\" target=\"_blank\" >Cara e Coragem: Danilo sequestra Soss\u00f4 e Chiquinho<\/a><\/h4><\/div><\/div>\n<div class=\"col-md-12 col-sm-12 col-xs-12 pt-cv-content-item pt-cv-1-col\" ><div class='pt-cv-ifield'><h4 class=\"pt-cv-title\"><a href=\"https:\/\/www.tvnovelas.com.br\/tvnews\/cara-e-coragem-regina-mata-um-na-casa-dos-gusmao\/\" class=\"_blank\" target=\"_blank\" >Cara e Coragem: Regina mata um na casa dos Gusm\u00e3o<\/a><\/h4><\/div><\/div><\/div><\/div><\/div><br \/>\n<strong style=\"font-size: 120%;\">\u00daltimas not\u00edcias deste canal:<\/strong><br \/>\n<div class=\"pt-cv-wrapper\"><div class=\"pt-cv-view pt-cv-grid pt-cv-colsys\" id=\"pt-cv-view-90991035b3\"><div data-id=\"pt-cv-page-1\" class=\"pt-cv-page\" data-cvc=\"1\"><div class=\"col-md-12 col-sm-12 col-xs-12 pt-cv-content-item pt-cv-1-col\" ><div class='pt-cv-ifield'><h4 class=\"pt-cv-title\"><a href=\"https:\/\/www.tvnovelas.com.br\/tvnews\/coracao-de-mae-irmak-inicia-jogo-arriscado-contra-adnan\/\" class=\"_self\" target=\"_self\" >Cora\u00e7\u00e3o de M\u00e3e: Irmak inicia jogo arriscado contra Adnan<\/a><\/h4><\/div><\/div>\n<div class=\"col-md-12 col-sm-12 col-xs-12 pt-cv-content-item pt-cv-1-col\" ><div class='pt-cv-ifield'><h4 class=\"pt-cv-title\"><a href=\"https:\/\/www.tvnovelas.com.br\/tvnews\/guerra-das-rosas-omer-chama-gulru-vestida-de-noiva-para-fugir\/\" class=\"_self\" target=\"_self\" >Guerra das Rosas: Omer chama Gulru vestida de noiva para fugir<\/a><\/h4><\/div><\/div>\n<div class=\"col-md-12 col-sm-12 col-xs-12 pt-cv-content-item pt-cv-1-col\" ><div class='pt-cv-ifield'><h4 class=\"pt-cv-title\"><a href=\"https:\/\/www.tvnovelas.com.br\/tvnews\/coracao-de-mae-reha-sai-para-jantar-com-selvi\/\" class=\"_self\" target=\"_self\" >Cora\u00e7\u00e3o de M\u00e3e: Reha sai para jantar com Selvi<\/a><\/h4><\/div><\/div>\n<div class=\"col-md-12 col-sm-12 col-xs-12 pt-cv-content-item pt-cv-1-col\" ><div class='pt-cv-ifield'><h4 class=\"pt-cv-title\"><a href=\"https:\/\/www.tvnovelas.com.br\/tvnews\/coracao-acelerado-zila-se-preocupa-com-sua-situacao-apos-separacao\/\" class=\"_self\" target=\"_self\" >Cora\u00e7\u00e3o Acelerado: Zil\u00e1 se preocupa com sua situa\u00e7\u00e3o ap\u00f3s separa\u00e7\u00e3o<\/a><\/h4><\/div><\/div>\n<div class=\"col-md-12 col-sm-12 col-xs-12 pt-cv-content-item pt-cv-1-col\" ><div class='pt-cv-ifield'><h4 class=\"pt-cv-title\"><a href=\"https:\/\/www.tvnovelas.com.br\/tvnews\/a-nobreza-do-amor-tonho-nao-se-curva-diante-de-mirinho\/\" class=\"_self\" target=\"_self\" >A Nobreza do Amor: Tonho n\u00e3o se curva diante de Mirinho<\/a><\/h4><\/div><\/div>\n<div class=\"col-md-12 col-sm-12 col-xs-12 pt-cv-content-item pt-cv-1-col\" ><div class='pt-cv-ifield'><h4 class=\"pt-cv-title\"><a href=\"https:\/\/www.tvnovelas.com.br\/tvnews\/tres-gracas-arminda-surta-ao-confirmar-que-ferette-e-pai-de-raul\/\" class=\"_self\" target=\"_self\" >Tr\u00eas Gra\u00e7as:  Arminda surta ao confirmar que Ferette \u00e9 pai de Raul<\/a><\/h4><\/div><\/div>\n<div class=\"col-md-12 col-sm-12 col-xs-12 pt-cv-content-item pt-cv-1-col\" ><div class='pt-cv-ifield'><h4 class=\"pt-cv-title\"><a href=\"https:\/\/www.tvnovelas.com.br\/tvnews\/coracao-de-mae-atilla-confronta-hasan-e-exige-o-divorcio-de-lale\/\" class=\"_self\" target=\"_self\" >Cora\u00e7\u00e3o de M\u00e3e: Atilla confronta Hasan e exige o div\u00f3rcio de Lale<\/a><\/h4><\/div><\/div>\n<div class=\"col-md-12 col-sm-12 col-xs-12 pt-cv-content-item pt-cv-1-col\" ><div class='pt-cv-ifield'><h4 class=\"pt-cv-title\"><a href=\"https:\/\/www.tvnovelas.com.br\/tvnews\/guerra-das-rosas-gulfem-coloca-gulru-contra-a-parede\/\" class=\"_self\" target=\"_self\" >Guerra das Rosas: Gulfem coloca Gulru contra a parede<\/a><\/h4><\/div><\/div>\n<div class=\"col-md-12 col-sm-12 col-xs-12 pt-cv-content-item pt-cv-1-col\" ><div class='pt-cv-ifield'><h4 class=\"pt-cv-title\"><a href=\"https:\/\/www.tvnovelas.com.br\/tvnews\/coracao-de-mae-atilla-diz-a-lale-que-quer-o-divorcio\/\" class=\"_self\" target=\"_self\" >Cora\u00e7\u00e3o de M\u00e3e: Atilla diz a Lale que quer o div\u00f3rcio<\/a><\/h4><\/div><\/div>\n<div class=\"col-md-12 col-sm-12 col-xs-12 pt-cv-content-item pt-cv-1-col\" ><div class='pt-cv-ifield'><h4 class=\"pt-cv-title\"><a href=\"https:\/\/www.tvnovelas.com.br\/tvnews\/a-nobreza-do-amor-mirinho-garante-noivado-com-virginia-para-atrair-sogro-a-negocio\/\" class=\"_self\" target=\"_self\" >A Nobreza do Amor: Mirinho garante noivado com Virg\u00ednia para atrair sogro a neg\u00f3cio<\/a><\/h4><\/div><\/div><\/div><\/div><\/div><br \/>\n<a href=\"https:\/\/www.tvnovelas.com.br\/novelas\/\"><strong>Confira os resumos da semana de todas novelas<\/strong><\/a><br \/>\n<a href=\"http:\/\/tvnovelas.com.br\/filmes\" target=\"_blank\" rel=\"noopener\">Veja tamb\u00e9m: Todas as telas: filmes e s\u00e9ries nos streamings<\/a><\/p>\n<h3>Confira tamb\u00e9m<\/h3>\n<p><a href=\"https:\/\/www.tvnovelas.com.br\/filmes\/\" target=\"_blank\" rel=\"noopener noreferrer\"><strong>Programa\u00e7\u00e3o de filmes na TV aberta<\/strong><\/a><br \/>\n<a href=\"https:\/\/tvnovelas.com.br\/filmes\/filmes-e-series-ineditos-em-estreia-na-semana-na-netflix\/\" target=\"_blank\" rel=\"noopener noreferrer\"><strong>Estreias da semana na Netflix<\/strong><\/a><br \/>\n<a href=\"https:\/\/caetenews.com.br\/semana\/filmes-da-globo-na-sessao-da-tarde-desta-semana\/\" target=\"_blank\" rel=\"noopener\"><strong>Confira os filmes da semana na Sess\u00e3o da Tarde<\/strong><\/a><br \/>\n<a href=\"\/\/tvnovelas.com.br\/filmes\/filmes-em-estreia-nos-cinemas\/\" target=\"_blank\" rel=\"noopener noreferrer\"><strong>Estreias e novidades no Cinema<\/strong><\/a><br \/>\n<a href=\"https:\/\/www.tvnovelas.com.br\/novelas\/\" target=\"_blank\" rel=\"noopener noreferrer\"><strong>Resumos de novelas<\/strong><\/a><\/p>\n","protected":false},"excerpt":{"rendered":"<p>Acontece em Cara e Coragem na semana de 24 a 29\/10 : Paulo e Marcela v\u00e3o para o cemit\u00e9rio exumar o corpo de Clarice; eles descobrem que Clarice n\u00e3o morreu. Martha se emociona ao ver Clarice. Leonardo v\u00ea Clarice na SG e acredita ser uma vis\u00e3o. Martha d\u00e1 um tapa em Regina. Ol\u00edvia e Enzo d\u00e3o um ultimato a Duarte.<\/p>\n","protected":false},"author":1,"featured_media":32988,"comment_status":"closed","ping_status":"closed","sticky":false,"template":"","format":"standard","meta":{"_uf_show_specific_survey":0,"_uf_disable_surveys":false,"_jetpack_memberships_contains_paid_content":false,"footnotes":"","_wp_rev_ctl_limit":""},"categories":[314],"tags":[315,5,64],"class_list":["post-32987","post","type-post","status-publish","format-standard","has-post-thumbnail","hentry","category-cara-e-coragem","tag-cara-e-coragem","tag-globo","tag-novelas","wpcat-314-id"],"aioseo_notices":[],"jetpack_featured_media_url":"https:\/\/i0.wp.com\/www.tvnovelas.com.br\/tvnews\/wp-content\/uploads\/2022\/10\/35202.jpg?fit=600%2C360&ssl=1","jetpack_shortlink":"https:\/\/wp.me\/pdP2BO-8A3","jetpack_sharing_enabled":true,"_links":{"self":[{"href":"https:\/\/www.tvnovelas.com.br\/tvnews\/wp-json\/wp\/v2\/posts\/32987","targetHints":{"allow":["GET"]}}],"collection":[{"href":"https:\/\/www.tvnovelas.com.br\/tvnews\/wp-json\/wp\/v2\/posts"}],"about":[{"href":"https:\/\/www.tvnovelas.com.br\/tvnews\/wp-json\/wp\/v2\/types\/post"}],"author":[{"embeddable":true,"href":"https:\/\/www.tvnovelas.com.br\/tvnews\/wp-json\/wp\/v2\/users\/1"}],"replies":[{"embeddable":true,"href":"https:\/\/www.tvnovelas.com.br\/tvnews\/wp-json\/wp\/v2\/comments?post=32987"}],"version-history":[{"count":0,"href":"https:\/\/www.tvnovelas.com.br\/tvnews\/wp-json\/wp\/v2\/posts\/32987\/revisions"}],"wp:featuredmedia":[{"embeddable":true,"href":"https:\/\/www.tvnovelas.com.br\/tvnews\/wp-json\/wp\/v2\/media\/32988"}],"wp:attachment":[{"href":"https:\/\/www.tvnovelas.com.br\/tvnews\/wp-json\/wp\/v2\/media?parent=32987"}],"wp:term":[{"taxonomy":"category","embeddable":true,"href":"https:\/\/www.tvnovelas.com.br\/tvnews\/wp-json\/wp\/v2\/categories?post=32987"},{"taxonomy":"post_tag","embeddable":true,"href":"https:\/\/www.tvnovelas.com.br\/tvnews\/wp-json\/wp\/v2\/tags?post=32987"}],"curies":[{"name":"wp","href":"https:\/\/api.w.org\/{rel}","templated":true}]}}